{"id":2839,"date":"2015-03-10T18:30:33","date_gmt":"2015-03-10T18:30:33","guid":{"rendered":"http:\/\/sundalsryr.se\/?p=2839"},"modified":"2015-03-10T18:30:33","modified_gmt":"2015-03-10T18:30:33","slug":"bokcirkeln-i-sundals-ryr","status":"publish","type":"post","link":"http:\/\/sundalsryr.se\/?p=2839","title":{"rendered":"Bokcirkeln i Sundals Ryr"},"content":{"rendered":"<figure id=\"attachment_2840\" aria-describedby=\"caption-attachment-2840\" style=\"width: 300px\" class=\"wp-caption aligncenter\"><a href=\"http:\/\/sundalsryr.se\/wp-content\/uploads\/2015\/03\/Bokcirkel_genomskinlig.jpeg\"><img loading=\"lazy\" decoding=\"async\" class=\"size-medium wp-image-2840\" title=\"Bokcirkel_genomskinlig\" src=\"http:\/\/sundalsryr.se\/wp-content\/uploads\/2015\/03\/Bokcirkel_genomskinlig-300x297.jpg\" alt=\"\" width=\"300\" height=\"297\" srcset=\"http:\/\/sundalsryr.se\/wp-content\/uploads\/2015\/03\/Bokcirkel_genomskinlig-300x297.jpg 300w, http:\/\/sundalsryr.se\/wp-content\/uploads\/2015\/03\/Bokcirkel_genomskinlig-150x150.jpg 150w, http:\/\/sundalsryr.se\/wp-content\/uploads\/2015\/03\/Bokcirkel_genomskinlig-1024x1013.jpg 1024w, http:\/\/sundalsryr.se\/wp-content\/uploads\/2015\/03\/Bokcirkel_genomskinlig.jpeg 1600w\" sizes=\"(max-width: 300px) 100vw, 300px\" \/><\/a><figcaption id=\"caption-attachment-2840\" class=\"wp-caption-text\">  <\/figcaption><\/figure>\n<p>F\u00f6rsta bokcirkeltr\u00e4ffen gick av stapeln s\u00f6ndagen den f\u00f6rsta Mars, hemma hos Marjukka Sagesj\u00f6 i Bolleruds gamla skola. \u00d6ver en kopp kaffe och lite fikabr\u00f6d diskuterades f\u00f6ljande;<\/p>\n<p>Vad vill vi med bokcirkeln?<\/p>\n<p>-Man kan tipsa varandra om b\u00f6cker man l\u00e4st.<\/p>\n<p>-Man kan l\u00e4sa samma bok och diskutera den.<\/p>\n<p>Hur ofta ska vi tr\u00e4ffas?<\/p>\n<p>Var n\u00e4sta g\u00e5ng?<\/p>\n<p>N\u00e4r?<\/p>\n<p>Nedan ett utdrag ur m\u00f6tesanteckningarna som skickades till deltagarna. Jag v\u00e4ljer att <span style=\"text-decoration: underline;\">inte<\/span> lista de tipsade b\u00f6ckerna h\u00e4r. Den listan har g\u00e5tt till deltagarna.<\/p>\n<p><strong>Hej<br \/>\n<\/strong>Tack f\u00f6r en mycket trevlig f\u00f6rsta tr\u00e4ff!<br \/>\nDeltagare;<br \/>\nAnita Aarsrud<br \/>\nM\u00e4rta Jonsson<br \/>\nAnn-Christine Fr\u00f6jd Karlsson<br \/>\nPaulina Ol\u00e9nson<br \/>\nMarjukka Sagesj\u00f6 tel. 35123, 0767-914526 mail;\u00a0<a href=\"mailto:marjukkasagesjo@hotmail.com\">marjukkasagesjo@hotmail.com<\/a><\/p>\n<p>Vi best\u00e4mde att vi tipsar varandra om l\u00e4sv\u00e4rda b\u00f6cker\u00a0och l\u00e5nar av varandra det som v\u00e4cker intresse och sedan kan vi diskutera b\u00f6ckerna n\u00e4r flera av oss\u00a0har l\u00e4st dem. Vi tr\u00e4ffas en g\u00e5ng per m\u00e5nad och\u00a0<strong>n\u00e4sta tr\u00e4ff blir 29\/3 klockan 15:00\u00a0hos M\u00e4rta Jonsson vid Bollungen, R\u00e4vsn\u00e4s<\/strong>. Var och en tar med sig valfria\u00a0b\u00f6cker som man vill tipsa om och som man kan t\u00e4nka sig l\u00e5na ut.\u00a0Vill man inte l\u00e5na ut, \u00e4r det OK men d\u00e5 f\u00e5r man vara tydlig med det. Fler medlemmar \u00e4r v\u00e4lkomna och <strong>anm\u00e4lan f\u00f6r medlemsskap och n\u00e4sta tr\u00e4ff sker till Marjukka Sagesj\u00f6 p\u00e5 tel. 35123, 0767-914526 eller mail; <\/strong><a href=\"mailto:marjukkasagesjo@hotmail.com\"><strong>marjukkasagesjo@hotmail.com<\/strong><\/a><strong><br \/>\n<\/strong><br \/>\nAntikvariattips;<br \/>\nB\u00f6ckernas hus i Tidan\u00a0<a href=\"http:\/\/www.bockernas-hus.se\/index2.html\" target=\"_blank\">http:\/\/www.bockernas-hus.se\/index2.html<\/a><br \/>\nDalslands antikvariat i Dals Ed (ligger strax utanf\u00f6r Dals Ed i R\u00f6landa)<br \/>\nNordbergs antikvariat i Uddevalla<br \/>\nDe st\u00f6rre secondhandbutikerna i Vbg samt Thn<\/p>\n<p><strong> Med v\u00e4nliga h\u00e4lsningar\/Marjukka<\/strong><\/p>\n","protected":false},"excerpt":{"rendered":"<p>F\u00f6rsta bokcirkeltr\u00e4ffen gick av stapeln s\u00f6ndagen den f\u00f6rsta Mars, hemma hos Marjukka Sagesj\u00f6 i Bolleruds gamla skola. \u00d6ver en kopp kaffe och lite fikabr\u00f6d diskuterades f\u00f6ljande; Vad vill vi med bokcirkeln? -Man kan tipsa varandra om b\u00f6cker man l\u00e4st. -Man kan l\u00e4sa samma bok och diskutera den. Hur ofta ska vi tr\u00e4ffas? Var n\u00e4sta g\u00e5ng?&#8230;<\/p>\n","protected":false},"author":3,"featured_media":0,"comment_status":"open","ping_status":"open","sticky":false,"template":"","format":"standard","meta":{"_monsterinsights_skip_tracking":false,"_monsterinsights_sitenote_active":false,"_monsterinsights_sitenote_note":"","_monsterinsights_sitenote_category":0,"footnotes":""},"categories":[1],"tags":[],"class_list":["post-2839","post","type-post","status-publish","format-standard","hentry","category-aktuellt"],"_links":{"self":[{"href":"http:\/\/sundalsryr.se\/index.php?rest_route=\/wp\/v2\/posts\/2839"}],"collection":[{"href":"http:\/\/sundalsryr.se\/index.php?rest_route=\/wp\/v2\/posts"}],"about":[{"href":"http:\/\/sundalsryr.se\/index.php?rest_route=\/wp\/v2\/types\/post"}],"author":[{"embeddable":true,"href":"http:\/\/sundalsryr.se\/index.php?rest_route=\/wp\/v2\/users\/3"}],"replies":[{"embeddable":true,"href":"http:\/\/sundalsryr.se\/index.php?rest_route=%2Fwp%2Fv2%2Fcomments&post=2839"}],"version-history":[{"count":4,"href":"http:\/\/sundalsryr.se\/index.php?rest_route=\/wp\/v2\/posts\/2839\/revisions"}],"predecessor-version":[{"id":2844,"href":"http:\/\/sundalsryr.se\/index.php?rest_route=\/wp\/v2\/posts\/2839\/revisions\/2844"}],"wp:attachment":[{"href":"http:\/\/sundalsryr.se\/index.php?rest_route=%2Fwp%2Fv2%2Fmedia&parent=2839"}],"wp:term":[{"taxonomy":"category","embeddable":true,"href":"http:\/\/sundalsryr.se\/index.php?rest_route=%2Fwp%2Fv2%2Fcategories&post=2839"},{"taxonomy":"post_tag","embeddable":true,"href":"http:\/\/sundalsryr.se\/index.php?rest_route=%2Fwp%2Fv2%2Ftags&post=2839"}],"curies":[{"name":"wp","href":"https:\/\/api.w.org\/{rel}","templated":true}]}}