{"id":2845,"date":"2015-03-13T19:05:13","date_gmt":"2015-03-13T19:05:13","guid":{"rendered":"http:\/\/sundalsryr.se\/?p=2845"},"modified":"2017-04-25T18:14:05","modified_gmt":"2017-04-25T18:14:05","slug":"arsmotet-i-korthet-2","status":"publish","type":"post","link":"http:\/\/sundalsryr.se\/?p=2845","title":{"rendered":"\u00c5rsm\u00f6tet i korthet"},"content":{"rendered":"<p>S\u00e5 har vi lagt \u00e4nnu ett \u00e5rsm\u00f6te till handlingarna. P\u00e5 h\u00f6sten \u00e5r 2000 h\u00f6lls ett uppstartsm\u00f6te f\u00f6r att bilda ett byalag och en interimsstyrelse tillsattes. I januari \u00e5r 2001 h\u00f6lls s\u00e5 det f\u00f6rsta \u00e5rsm\u00f6tet, detta betyder att vi nu haft 15 stycken.<\/p>\n<p>H\u00e4r \u00e4r en kort sammanfattning.<\/p>\n<p>Antalet medlemmar har g\u00e5tt ner n\u00e5got, ungef\u00e4r 85 familjer och 15 enskilda \u00e4r det nu, det brukar variera n\u00e5got mellan \u00e5ren s\u00e5 n\u00e4sta \u00e5r kan det ha \u00f6kat igen. \u00a0V\u00e5rt byalag har god ekonomi, de st\u00f6rsta inkomsterna och utgifterna st\u00e5r lederna f\u00f6r. Det h\u00e4nder att byalaget av misstag f\u00e5r pengar som skulle betalts till Vatten och fiberf\u00f6reningen, p\u00e5 grund av att namnen p\u00e5 b\u00e5da f\u00f6reningarna b\u00f6rjar med Sundals ryrs\u2026\u00a0 N\u00e4r v\u00e5r kass\u00f6r Robert m\u00e4rker detta f\u00f6r han \u00f6ver dem till vattenf\u00f6reningen. Det beslutades att medlemsavgiften ska vara of\u00f6r\u00e4ndrad, 100 kr f\u00f6r familj och 50 kr f\u00f6r enskild.<\/p>\n<p>Under \u00e5ret har vi haft sex v\u00e4lbes\u00f6kta Torsdagsluncher, p\u00e5 v\u00e5ren var vi p\u00e5 kaffestugan Granan och p\u00e5 h\u00f6sten p\u00e5 Evenstorps g\u00e5rd. Det har varit tv\u00e5 guidade vandringar en i F\u00e5lbo\/Skee mosse och en i H\u00e4ljebyn, vi har ocks\u00e5 haft n\u00e5gra tjejpromenader vid skidstugan Granan. Vi har ordnat en intressant f\u00f6rel\u00e4sning om h\u00e4llristningarna med kunnige tolkaren Jan Stillstr\u00f6m, en festkv\u00e4ll med choklad och vin-provning, \u00f6ppet hus hos grisarna i Sallebyn, gl\u00f6ggkv\u00e4ll, medverkan i tomteparaden, fixardag vid badplatsen, medverkat vid friluftsgudstj\u00e4nsten, visat filmer om Rune p\u00e5 Stigstorp, mulle, viktminskningsgrupp och lerduveskytte. Deltagarantalet p\u00e5 aktiviteterna har \u00f6kat och det \u00e4r naturligtvis v\u00e4ldigt roligt.<\/p>\n<p>Kommitt\u00e9n som har hand om lederna ber\u00e4ttade att det har anordnats b\u00e5de l\u00e5ngritter, hubertusjakt till h\u00e4st och mountainbiket\u00e4vling. Dessutom har det s\u00e5lts en m\u00e4ngd kartor. Vi beh\u00f6ver fortfarande hj\u00e4lpas \u00e5t att h\u00e5lla koll p\u00e5 ev 4-hjulingar som <span style=\"text-decoration: underline;\">inte<\/span> f\u00e5r k\u00f6ra p\u00e5 leden.<\/p>\n<p>Tv\u00e5 nya styrelsemedlemmar valdes in, Katarina Appelgren och Malin Jacobsson ska ers\u00e4tta Anna-Lena Hoffmann som avg\u00e5r och Anders Fryklund som ska jobba utomlands mycket under det n\u00e4rmaste \u00e5ret. En n\u00e4rmare presentation av styrelsen kommer h\u00e4r p\u00e5 hemsidan under v\u00e5ren. Fr\u00e5n valberedningen avgick Roger Skog, han kommer ers\u00e4ttas av Sandra Olsson, \u00f6vriga i valberedningen \u00e4r Bengt-\u00c5ke Karlsson och Kristina Karlsson. Styrgruppen f\u00f6r lederna \u00e4r of\u00f6r\u00e4ndrad och best\u00e5r \u00e4ven kommande \u00e5r av Bo Elofsson, Kristina Karlsson och Susanne Broberg. Revisorer \u00e4r nu Kent Nilsson och Anita Aarsrud.<\/p>\n<p>P\u00e5 \u00f6vriga fr\u00e5gor meddelades det att kyrkan har tagit beslut om att vi inte l\u00e4ngre f\u00e5r ha \u00e5tervinningsstationen p\u00e5 deras mark, den kommer d\u00e4rf\u00f6r att f\u00f6rsvinna n\u00e5gon g\u00e5ng innan sommaren. Skolan diskuterades och det beslutades att byalaget ska skicka en skrivelse till kommunen, d\u00e4r vi f\u00f6resl\u00e5r rivning.\u00a0 Ett intressant f\u00f6rslag om att ev f\u00f6rs\u00f6ka ordna n\u00e5gon form av \u201dst\u00e4llplats\u201d f\u00f6r turistande husbilar n\u00e5gonstans i bygden, framkom ocks\u00e5.<\/p>\n<figure id=\"attachment_2846\" aria-describedby=\"caption-attachment-2846\" style=\"width: 237px\" class=\"wp-caption alignright\"><a href=\"http:\/\/sundalsryr.se\/wp-content\/uploads\/2015\/03\/IMG_1943.jpg\"><img loading=\"lazy\" decoding=\"async\" class=\"size-medium wp-image-2846 \" title=\"IMG_1943\" src=\"http:\/\/sundalsryr.se\/wp-content\/uploads\/2015\/03\/IMG_1943-296x300.jpg\" alt=\"\" width=\"237\" height=\"240\" srcset=\"http:\/\/sundalsryr.se\/wp-content\/uploads\/2015\/03\/IMG_1943-296x300.jpg 296w, http:\/\/sundalsryr.se\/wp-content\/uploads\/2015\/03\/IMG_1943-1010x1024.jpg 1010w\" sizes=\"(max-width: 237px) 100vw, 237px\" \/><\/a><figcaption id=\"caption-attachment-2846\" class=\"wp-caption-text\">Sundals ryrs-smycket<\/figcaption><\/figure>\n<p>Till sist avtackades v\u00e5r \u201dst\u00e4ndiga sekreterare\u201d Anna-Lena Hoffmann med blommor och Sundals ryrs smycket. Hon har varit med i styrelsen \u00e4nda fr\u00e5n f\u00f6rsta b\u00f6rjan och gjort ett fantastiskt arbete. Vi tackar henne \u00e5 det varmaste f\u00f6r allt arbete hon gjort. I geng\u00e4ld fick byalaget en present av henne. Det lilla fina paketet inneh\u00f6ll ett usb-minne med\u00a0 protokoll fr\u00e5n alla m\u00f6ten, fr\u00e5n allra f\u00f6rsta b\u00f6rjan fram till nu.<\/p>\n<figure id=\"attachment_2847\" aria-describedby=\"caption-attachment-2847\" style=\"width: 300px\" class=\"wp-caption alignleft\"><a href=\"http:\/\/sundalsryr.se\/wp-content\/uploads\/2015\/03\/IMG_1940.jpg\"><img loading=\"lazy\" decoding=\"async\" class=\"size-medium wp-image-2847\" title=\"IMG_1940\" src=\"http:\/\/sundalsryr.se\/wp-content\/uploads\/2015\/03\/IMG_1940-300x261.jpg\" alt=\"\" width=\"300\" height=\"261\" srcset=\"http:\/\/sundalsryr.se\/wp-content\/uploads\/2015\/03\/IMG_1940-300x261.jpg 300w, http:\/\/sundalsryr.se\/wp-content\/uploads\/2015\/03\/IMG_1940-1024x892.jpg 1024w\" sizes=\"(max-width: 300px) 100vw, 300px\" \/><\/a><figcaption id=\"caption-attachment-2847\" class=\"wp-caption-text\">Detta lilla minne inneh\u00e5ller alla f\u00f6reningens protokoll !<\/figcaption><\/figure>\n<p>Till sist avslutade vi med kaffe, frallor och hembakta kakor.<\/p>\n<p>Tacka alla ni som under \u00e5ret medverkat till att g\u00f6ra v\u00e5rt byalag till en positiv kraft f\u00f6r sundals ryrs-bygden. Det \u00e4r vi tillsammans som \u00e4r byalaget.<\/p>\n<p>\/Susanne Borss\u00e9n<\/p>\n","protected":false},"excerpt":{"rendered":"<p>S\u00e5 har vi lagt \u00e4nnu ett \u00e5rsm\u00f6te till handlingarna. P\u00e5 h\u00f6sten \u00e5r 2000 h\u00f6lls ett uppstartsm\u00f6te f\u00f6r att bilda ett byalag och en interimsstyrelse tillsattes. I januari \u00e5r 2001 h\u00f6lls s\u00e5 det f\u00f6rsta \u00e5rsm\u00f6tet, detta betyder att vi nu haft 15 stycken. H\u00e4r \u00e4r en kort sammanfattning. Antalet medlemmar har g\u00e5tt ner n\u00e5got, ungef\u00e4r 85&#8230;<\/p>\n","protected":false},"author":3,"featured_media":0,"comment_status":"open","ping_status":"open","sticky":false,"template":"","format":"standard","meta":{"_monsterinsights_skip_tracking":false,"_monsterinsights_sitenote_active":false,"_monsterinsights_sitenote_note":"","_monsterinsights_sitenote_category":0,"footnotes":""},"categories":[1,18],"tags":[],"class_list":["post-2845","post","type-post","status-publish","format-standard","hentry","category-aktuellt","category-arsmoten"],"_links":{"self":[{"href":"http:\/\/sundalsryr.se\/index.php?rest_route=\/wp\/v2\/posts\/2845"}],"collection":[{"href":"http:\/\/sundalsryr.se\/index.php?rest_route=\/wp\/v2\/posts"}],"about":[{"href":"http:\/\/sundalsryr.se\/index.php?rest_route=\/wp\/v2\/types\/post"}],"author":[{"embeddable":true,"href":"http:\/\/sundalsryr.se\/index.php?rest_route=\/wp\/v2\/users\/3"}],"replies":[{"embeddable":true,"href":"http:\/\/sundalsryr.se\/index.php?rest_route=%2Fwp%2Fv2%2Fcomments&post=2845"}],"version-history":[{"count":3,"href":"http:\/\/sundalsryr.se\/index.php?rest_route=\/wp\/v2\/posts\/2845\/revisions"}],"predecessor-version":[{"id":3930,"href":"http:\/\/sundalsryr.se\/index.php?rest_route=\/wp\/v2\/posts\/2845\/revisions\/3930"}],"wp:attachment":[{"href":"http:\/\/sundalsryr.se\/index.php?rest_route=%2Fwp%2Fv2%2Fmedia&parent=2845"}],"wp:term":[{"taxonomy":"category","embeddable":true,"href":"http:\/\/sundalsryr.se\/index.php?rest_route=%2Fwp%2Fv2%2Fcategories&post=2845"},{"taxonomy":"post_tag","embeddable":true,"href":"http:\/\/sundalsryr.se\/index.php?rest_route=%2Fwp%2Fv2%2Ftags&post=2845"}],"curies":[{"name":"wp","href":"https:\/\/api.w.org\/{rel}","templated":true}]}}