{"id":2850,"date":"2015-03-22T09:37:50","date_gmt":"2015-03-22T09:37:50","guid":{"rendered":"http:\/\/sundalsryr.se\/?p=2850"},"modified":"2022-08-28T18:07:31","modified_gmt":"2022-08-28T18:07:31","slug":"v-som-i-vafflor","status":"publish","type":"post","link":"http:\/\/sundalsryr.se\/?p=2850","title":{"rendered":"V som i v\u00e5fflor"},"content":{"rendered":"<p>Vintrigt kalla vindar viner \u00f6ver v\u00e4st. Trots v\u00e5rdagj\u00e4mning verkar v\u00e5ren vankelmodig. V\u00e4rmen virvlar i V\u00e4stsahara och vill inte vandra varken till V\u00e4stra blekan eller annan v\u00e4lk\u00e4nd v\u00e4gkorsning.<\/p>\n<p>Vilda v\u00e4xter v\u00e5gar inte vakna, v\u00e4ntar kanske att vita flingor utan varning ska vr\u00e4ka ner. Endast vissen v\u00e4xtlighet i v\u00e4gdiket sist jag vittjade. Men videkissar vajar p\u00e5 videgren och v\u00e5rl\u00f6kar av varierande val\u00f6r v\u00e4nder sig v\u00e5ghalsigt upp i vintervinden.<\/p>\n<p>Vintriga vindar viner \u00e4ven p\u00e5 annat vis. V\u00e5gor av v\u00e5ld och vapen som viftas med, varhelst vi minst anar. I villaomr\u00e5den och vid V\u00e5rv\u00e4derstorget var det inga v\u00e5daskott, utan vettvillingar med vildsint vrede. Var det en vederg\u00e4llning? vidrigt var det vilket som. Vart \u00e4r v\u00e4rlden p\u00e5 v\u00e4g?<\/p>\n<p>Ved verkar vara veckans vederm\u00f6da i v\u00e4durens tid. Vi vill g\u00e4rna ha v\u00e4rme under vintern som v\u00e4ntar. Vis av erfarenhet vinterbonar vi i tid f\u00f6r det verkar vanskligt att v\u00e4nta sig att v\u00e4rmen, n\u00e4r den v\u00e4l kommer, ska vara f\u00f6r evigt.<\/p>\n<p>Vill du vila fr\u00e5n vardag och vedklyvning eller bara vara i goda v\u00e4nners lag en vanlig vardagskv\u00e4ll v\u00e4lkomnar vi till v\u00e5ffelcaf\u00e9. Det vankas v\u00e4l vispad v\u00e5ffelsmet, varsamt v\u00e4rmd i varmt j\u00e4rn. Serverad med sylt och vispad gr\u00e4dde och varm eller kall dryck. V\u00e4lkommen p\u00e5 valfri tid mellan 17-20, onsdag 25\/3. Evenstorps g\u00e5rd.<\/p>\n<p><strong>Vi v\u00e4lkomnar varenda en!<\/strong><\/p>\n<p>Vidarebefordra v\u00e4nligen till dina v\u00e4nner.<\/p>\n","protected":false},"excerpt":{"rendered":"<p>Vintrigt kalla vindar viner \u00f6ver v\u00e4st. Trots v\u00e5rdagj\u00e4mning verkar v\u00e5ren vankelmodig. V\u00e4rmen virvlar i V\u00e4stsahara och vill inte vandra varken till V\u00e4stra blekan eller annan v\u00e4lk\u00e4nd v\u00e4gkorsning. Vilda v\u00e4xter v\u00e5gar inte vakna, v\u00e4ntar kanske att vita flingor utan varning ska vr\u00e4ka ner. Endast vissen v\u00e4xtlighet i v\u00e4gdiket sist jag vittjade. Men videkissar vajar p\u00e5 videgren&#8230;<\/p>\n","protected":false},"author":3,"featured_media":0,"comment_status":"open","ping_status":"open","sticky":false,"template":"","format":"standard","meta":{"_monsterinsights_skip_tracking":false,"_monsterinsights_sitenote_active":false,"_monsterinsights_sitenote_note":"","_monsterinsights_sitenote_category":0,"footnotes":""},"categories":[1],"tags":[],"class_list":["post-2850","post","type-post","status-publish","format-standard","hentry","category-aktuellt"],"_links":{"self":[{"href":"http:\/\/sundalsryr.se\/index.php?rest_route=\/wp\/v2\/posts\/2850"}],"collection":[{"href":"http:\/\/sundalsryr.se\/index.php?rest_route=\/wp\/v2\/posts"}],"about":[{"href":"http:\/\/sundalsryr.se\/index.php?rest_route=\/wp\/v2\/types\/post"}],"author":[{"embeddable":true,"href":"http:\/\/sundalsryr.se\/index.php?rest_route=\/wp\/v2\/users\/3"}],"replies":[{"embeddable":true,"href":"http:\/\/sundalsryr.se\/index.php?rest_route=%2Fwp%2Fv2%2Fcomments&post=2850"}],"version-history":[{"count":4,"href":"http:\/\/sundalsryr.se\/index.php?rest_route=\/wp\/v2\/posts\/2850\/revisions"}],"predecessor-version":[{"id":5434,"href":"http:\/\/sundalsryr.se\/index.php?rest_route=\/wp\/v2\/posts\/2850\/revisions\/5434"}],"wp:attachment":[{"href":"http:\/\/sundalsryr.se\/index.php?rest_route=%2Fwp%2Fv2%2Fmedia&parent=2850"}],"wp:term":[{"taxonomy":"category","embeddable":true,"href":"http:\/\/sundalsryr.se\/index.php?rest_route=%2Fwp%2Fv2%2Fcategories&post=2850"},{"taxonomy":"post_tag","embeddable":true,"href":"http:\/\/sundalsryr.se\/index.php?rest_route=%2Fwp%2Fv2%2Ftags&post=2850"}],"curies":[{"name":"wp","href":"https:\/\/api.w.org\/{rel}","templated":true}]}}