{"id":2858,"date":"2015-03-25T21:08:29","date_gmt":"2015-03-25T21:08:29","guid":{"rendered":"http:\/\/sundalsryr.se\/?p=2858"},"modified":"2015-03-25T21:09:57","modified_gmt":"2015-03-25T21:09:57","slug":"goda-vafflor-och-mycket-skratt","status":"publish","type":"post","link":"http:\/\/sundalsryr.se\/?p=2858","title":{"rendered":"Goda v\u00e5fflor och mycket skratt"},"content":{"rendered":"<figure id=\"attachment_2859\" aria-describedby=\"caption-attachment-2859\" style=\"width: 614px\" class=\"wp-caption aligncenter\"><a href=\"http:\/\/sundalsryr.se\/wp-content\/uploads\/2015\/03\/01cd11fc6993127d3f6f0d29720e2db855bfc777eb.jpg\"><img loading=\"lazy\" decoding=\"async\" class=\"size-large wp-image-2859 \" title=\"01cd11fc6993127d3f6f0d29720e2db855bfc777eb\" src=\"http:\/\/sundalsryr.se\/wp-content\/uploads\/2015\/03\/01cd11fc6993127d3f6f0d29720e2db855bfc777eb-1024x768.jpg\" alt=\"\" width=\"614\" height=\"461\" srcset=\"http:\/\/sundalsryr.se\/wp-content\/uploads\/2015\/03\/01cd11fc6993127d3f6f0d29720e2db855bfc777eb-1024x768.jpg 1024w, http:\/\/sundalsryr.se\/wp-content\/uploads\/2015\/03\/01cd11fc6993127d3f6f0d29720e2db855bfc777eb-300x225.jpg 300w, http:\/\/sundalsryr.se\/wp-content\/uploads\/2015\/03\/01cd11fc6993127d3f6f0d29720e2db855bfc777eb.jpg 2048w\" sizes=\"(max-width: 614px) 100vw, 614px\" \/><\/a><figcaption id=\"caption-attachment-2859\" class=\"wp-caption-text\"> <\/figcaption><\/figure>\n<p>De fem v\u00e5ffelj\u00e4rnen gick varma och det blev en mycket lyckad och trevlig v\u00e5ffelkv\u00e4ll i Evenstorp. Sofias v\u00e5fflor smakade uts\u00f6kt och det fanns f\u00f6rutom gr\u00e4dde, b\u00e5de hallonsylt och hallons\u00e5s med m\u00f6rk choklad att v\u00e4lja p\u00e5 som \u201dtopping\u201d. Mycket prat och m\u00e5nga skratt h\u00f6rdes under kv\u00e4llen, vilket m\u00e5ste vara ett bevis p\u00e5 att m\u00e4nniskor trivdes och att denna typ av enkla arrangemang st\u00e4mmer v\u00e4l med byalagets stadgar, d\u00e4r det st\u00e5r att vi ska verka f\u00f6r samh\u00f6righet och gemenskap i bygden.<\/p>\n<figure id=\"attachment_2861\" aria-describedby=\"caption-attachment-2861\" style=\"width: 266px\" class=\"wp-caption alignleft\"><a href=\"http:\/\/sundalsryr.se\/wp-content\/uploads\/2015\/03\/012647fc47a1a10154b3e9aac6c56e4129fe617024.jpg\"><img loading=\"lazy\" decoding=\"async\" class=\"size-medium wp-image-2861\" title=\"012647fc47a1a10154b3e9aac6c56e4129fe617024\" src=\"http:\/\/sundalsryr.se\/wp-content\/uploads\/2015\/03\/012647fc47a1a10154b3e9aac6c56e4129fe617024-266x300.jpg\" alt=\"\" width=\"266\" height=\"300\" srcset=\"http:\/\/sundalsryr.se\/wp-content\/uploads\/2015\/03\/012647fc47a1a10154b3e9aac6c56e4129fe617024-266x300.jpg 266w, http:\/\/sundalsryr.se\/wp-content\/uploads\/2015\/03\/012647fc47a1a10154b3e9aac6c56e4129fe617024-911x1024.jpg 911w, http:\/\/sundalsryr.se\/wp-content\/uploads\/2015\/03\/012647fc47a1a10154b3e9aac6c56e4129fe617024.jpg 1293w\" sizes=\"(max-width: 266px) 100vw, 266px\" \/><\/a><figcaption id=\"caption-attachment-2861\" class=\"wp-caption-text\">  <\/figcaption><\/figure>\n<p>Drygt 50 personer kom och l\u00e4t sig v\u00e4l smaka. M\u00e5nga valde att ocks\u00e5 att handla i g\u00e5rdsbutiken. Vill man fika eller handla p\u00e5 Evenstorps g\u00e5rd snart igen s\u00e5 \u00e4r det \u00f6ppet i p\u00e5skhelgen. L\u00e5ngfredag och p\u00e5skafton mellan 11 och 15.<\/p>\n<figure id=\"attachment_2860\" aria-describedby=\"caption-attachment-2860\" style=\"width: 300px\" class=\"wp-caption alignright\"><a href=\"http:\/\/sundalsryr.se\/wp-content\/uploads\/2015\/03\/01962e3ce9097343cfcdc8929995ef49e14da1fd5d.jpg\"><img loading=\"lazy\" decoding=\"async\" class=\"size-medium wp-image-2860\" title=\"01962e3ce9097343cfcdc8929995ef49e14da1fd5d\" src=\"http:\/\/sundalsryr.se\/wp-content\/uploads\/2015\/03\/01962e3ce9097343cfcdc8929995ef49e14da1fd5d-300x225.jpg\" alt=\"\" width=\"300\" height=\"225\" srcset=\"http:\/\/sundalsryr.se\/wp-content\/uploads\/2015\/03\/01962e3ce9097343cfcdc8929995ef49e14da1fd5d-300x225.jpg 300w, http:\/\/sundalsryr.se\/wp-content\/uploads\/2015\/03\/01962e3ce9097343cfcdc8929995ef49e14da1fd5d-1024x768.jpg 1024w, http:\/\/sundalsryr.se\/wp-content\/uploads\/2015\/03\/01962e3ce9097343cfcdc8929995ef49e14da1fd5d.jpg 2048w\" sizes=\"(max-width: 300px) 100vw, 300px\" \/><\/a><figcaption id=\"caption-attachment-2860\" class=\"wp-caption-text\">  <\/figcaption><\/figure>\n","protected":false},"excerpt":{"rendered":"<p>De fem v\u00e5ffelj\u00e4rnen gick varma och det blev en mycket lyckad och trevlig v\u00e5ffelkv\u00e4ll i Evenstorp. Sofias v\u00e5fflor smakade uts\u00f6kt och det fanns f\u00f6rutom gr\u00e4dde, b\u00e5de hallonsylt och hallons\u00e5s med m\u00f6rk choklad att v\u00e4lja p\u00e5 som \u201dtopping\u201d. Mycket prat och m\u00e5nga skratt h\u00f6rdes under kv\u00e4llen, vilket m\u00e5ste vara ett bevis p\u00e5 att m\u00e4nniskor trivdes och&#8230;<\/p>\n","protected":false},"author":3,"featured_media":0,"comment_status":"open","ping_status":"open","sticky":false,"template":"","format":"standard","meta":{"_monsterinsights_skip_tracking":false,"_monsterinsights_sitenote_active":false,"_monsterinsights_sitenote_note":"","_monsterinsights_sitenote_category":0,"footnotes":""},"categories":[1],"tags":[],"class_list":["post-2858","post","type-post","status-publish","format-standard","hentry","category-aktuellt"],"_links":{"self":[{"href":"http:\/\/sundalsryr.se\/index.php?rest_route=\/wp\/v2\/posts\/2858"}],"collection":[{"href":"http:\/\/sundalsryr.se\/index.php?rest_route=\/wp\/v2\/posts"}],"about":[{"href":"http:\/\/sundalsryr.se\/index.php?rest_route=\/wp\/v2\/types\/post"}],"author":[{"embeddable":true,"href":"http:\/\/sundalsryr.se\/index.php?rest_route=\/wp\/v2\/users\/3"}],"replies":[{"embeddable":true,"href":"http:\/\/sundalsryr.se\/index.php?rest_route=%2Fwp%2Fv2%2Fcomments&post=2858"}],"version-history":[{"count":3,"href":"http:\/\/sundalsryr.se\/index.php?rest_route=\/wp\/v2\/posts\/2858\/revisions"}],"predecessor-version":[{"id":2864,"href":"http:\/\/sundalsryr.se\/index.php?rest_route=\/wp\/v2\/posts\/2858\/revisions\/2864"}],"wp:attachment":[{"href":"http:\/\/sundalsryr.se\/index.php?rest_route=%2Fwp%2Fv2%2Fmedia&parent=2858"}],"wp:term":[{"taxonomy":"category","embeddable":true,"href":"http:\/\/sundalsryr.se\/index.php?rest_route=%2Fwp%2Fv2%2Fcategories&post=2858"},{"taxonomy":"post_tag","embeddable":true,"href":"http:\/\/sundalsryr.se\/index.php?rest_route=%2Fwp%2Fv2%2Ftags&post=2858"}],"curies":[{"name":"wp","href":"https:\/\/api.w.org\/{rel}","templated":true}]}}