{"id":2865,"date":"2015-03-28T15:31:37","date_gmt":"2015-03-28T15:31:37","guid":{"rendered":"http:\/\/sundalsryr.se\/?p=2865"},"modified":"2015-03-28T15:38:59","modified_gmt":"2015-03-28T15:38:59","slug":"en-dag-i-strovar-skogen","status":"publish","type":"post","link":"http:\/\/sundalsryr.se\/?p=2865","title":{"rendered":"En dag i str\u00f6var-skogen"},"content":{"rendered":"<figure id=\"attachment_2867\" aria-describedby=\"caption-attachment-2867\" style=\"width: 664px\" class=\"wp-caption aligncenter\"><a href=\"http:\/\/sundalsryr.se\/wp-content\/uploads\/2015\/03\/0134e915b3521a2079beeb35eadf682a54646a9f8a.jpg\"><img loading=\"lazy\" decoding=\"async\" class=\"size-large wp-image-2867   \" title=\"0134e915b3521a2079beeb35eadf682a54646a9f8a\" src=\"http:\/\/sundalsryr.se\/wp-content\/uploads\/2015\/03\/0134e915b3521a2079beeb35eadf682a54646a9f8a-1024x768.jpg\" alt=\"\" width=\"664\" height=\"498\" srcset=\"http:\/\/sundalsryr.se\/wp-content\/uploads\/2015\/03\/0134e915b3521a2079beeb35eadf682a54646a9f8a-1024x768.jpg 1024w, http:\/\/sundalsryr.se\/wp-content\/uploads\/2015\/03\/0134e915b3521a2079beeb35eadf682a54646a9f8a-300x225.jpg 300w, http:\/\/sundalsryr.se\/wp-content\/uploads\/2015\/03\/0134e915b3521a2079beeb35eadf682a54646a9f8a.jpg 2048w\" sizes=\"(max-width: 664px) 100vw, 664px\" \/><\/a><figcaption id=\"caption-attachment-2867\" class=\"wp-caption-text\">Samling vid str\u00f6varplatsen<\/figcaption><\/figure>\n<p>K\u00e4ngorna var p\u00e5 och kaffetermosen nerpackad i ryggs\u00e4cken, jag skulle \u00e5ter f\u00e5 komma med en av friluftsfr\u00e4mjandets grupper ut i skogen.\u00a0 Denna g\u00e5ng f\u00e5r jag f\u00f6lja med Str\u00f6varna, de \u00e4r mellan 7 och 9 \u00e5r. Deras samlingsplats ligger vid Myrsj\u00f6n p\u00e5 Kroppefj\u00e4ll, p\u00e5 v\u00e4gen mot Hallesj\u00f6n. N\u00e4r f\u00f6r\u00e4ldrarna l\u00e4mnat av alla barn vid v\u00e4gen, har vi en bit att g\u00e5 till \u201dstr\u00f6varplatsen\u201d. \u00a0Sn\u00f6n gnistrar i det skarpa solljuset denna v\u00e5rvinterdag. Efter bara en liten bit g\u00e5r det ett sp\u00e4nnande djursp\u00e5r \u00f6ver v\u00e4gen. Man kan se att det \u00e4r ett djur som har klorna rakt fram\u00e5t och med ledarnas hj\u00e4lp konstateras att det \u00e4r en gr\u00e4vling som vaknat. Barnen \u00e4r nyfikna och kollar fr\u00e5n vilket h\u00e5ll den kommit och var den g\u00e5tt.<\/p>\n<figure id=\"attachment_2866\" aria-describedby=\"caption-attachment-2866\" style=\"width: 150px\" class=\"wp-caption alignright\"><a href=\"http:\/\/sundalsryr.se\/wp-content\/uploads\/2015\/03\/gr\u00e4vling.jpg\"><img loading=\"lazy\" decoding=\"async\" class=\"size-thumbnail wp-image-2866\" title=\"gr\u00e4vling\" src=\"http:\/\/sundalsryr.se\/wp-content\/uploads\/2015\/03\/gr\u00e4vling-150x150.jpg\" alt=\"\" width=\"150\" height=\"150\" \/><\/a><figcaption id=\"caption-attachment-2866\" class=\"wp-caption-text\">gr\u00e4vlingsp\u00e5r<\/figcaption><\/figure>\n<p>En stund senare \u00e4r vi framme vid l\u00e4gerplatsen. Sittb\u00e4nkar runt en eldstad och en arbetsb\u00e4nk j\u00e4mte. F\u00f6r att komma dit beh\u00f6ver man ta sig \u00f6ver en liten b\u00e4ck, men det finns tv\u00e5 sm\u00e5 broar man kan g\u00e5 p\u00e5. N\u00e4r alla satt sig ber\u00e4ttar ledarna vad vi ska g\u00f6ra i dag och str\u00f6varna delas in i grupper som f\u00e5r g\u00e5 mellan olika \u201dstationer\u201d. Vid en station f\u00e5r man prova p\u00e5 att g\u00f6ra knopar och tr\u00e4na p\u00e5 att kasta en \u201dlivboj\u201d till n\u00e5gon som ramlat i vattnet. Men man tr\u00e4nar p\u00e5 land och f\u00f6rs\u00f6ker kasta s\u00e5 n\u00e4ra en kotte man kan, det g\u00e4ller att inte linan trasslar sig. Knoparna har man tr\u00e4nat p\u00e5 tidigare, r\u00e5bandsknop och halvslag fixar man hur l\u00e4tt som helst.<\/p>\n<figure id=\"attachment_2868\" aria-describedby=\"caption-attachment-2868\" style=\"width: 300px\" class=\"wp-caption alignleft\"><a href=\"http:\/\/sundalsryr.se\/wp-content\/uploads\/2015\/03\/017b3f41e0890db86dff8c8fec7519e0eb162c82b3.jpg\"><img loading=\"lazy\" decoding=\"async\" class=\"size-medium wp-image-2868 \" title=\"017b3f41e0890db86dff8c8fec7519e0eb162c82b3\" src=\"http:\/\/sundalsryr.se\/wp-content\/uploads\/2015\/03\/017b3f41e0890db86dff8c8fec7519e0eb162c82b3-300x225.jpg\" alt=\"\" width=\"300\" height=\"225\" srcset=\"http:\/\/sundalsryr.se\/wp-content\/uploads\/2015\/03\/017b3f41e0890db86dff8c8fec7519e0eb162c82b3-300x225.jpg 300w, http:\/\/sundalsryr.se\/wp-content\/uploads\/2015\/03\/017b3f41e0890db86dff8c8fec7519e0eb162c82b3-1024x768.jpg 1024w, http:\/\/sundalsryr.se\/wp-content\/uploads\/2015\/03\/017b3f41e0890db86dff8c8fec7519e0eb162c82b3.jpg 2048w\" sizes=\"(max-width: 300px) 100vw, 300px\" \/><\/a><figcaption id=\"caption-attachment-2868\" class=\"wp-caption-text\">R\u00e5bandsknop<\/figcaption><\/figure>\n<p>P\u00e5 andra stationen t\u00e4ljer man sm\u00f6rknivar. Man f\u00e5r l\u00e4ra sig att sitta med benen lite brett is\u00e4r, s\u00e5 att man inte r\u00e5kar sk\u00e4ra sig i benet om man slinter. Att man ska t\u00e4lja i fr\u00e5n sig vet redan alla, detta \u00e4r erfarna t\u00e4ljare! Det \u00e4r inte l\u00e4tt att f\u00e5 sm\u00f6rknivarna tunna och j\u00e4mna, det tar en bra stund och sedan ska man slipa med sandpapper f\u00f6r att f\u00e5 den sl\u00e4t. Detta kr\u00e4ver t\u00e5lamod. Men till slut har alla t\u00e4ljt n\u00e5got som kan anv\u00e4ndas som sm\u00f6rkniv.<\/p>\n<figure id=\"attachment_2869\" aria-describedby=\"caption-attachment-2869\" style=\"width: 225px\" class=\"wp-caption alignright\"><a href=\"http:\/\/sundalsryr.se\/wp-content\/uploads\/2015\/03\/010dcaffa557620fbcef88796c861b25bd9e19b517.jpg\"><img loading=\"lazy\" decoding=\"async\" class=\"size-medium wp-image-2869\" title=\"010dcaffa557620fbcef88796c861b25bd9e19b517\" src=\"http:\/\/sundalsryr.se\/wp-content\/uploads\/2015\/03\/010dcaffa557620fbcef88796c861b25bd9e19b517-225x300.jpg\" alt=\"\" width=\"225\" height=\"300\" srcset=\"http:\/\/sundalsryr.se\/wp-content\/uploads\/2015\/03\/010dcaffa557620fbcef88796c861b25bd9e19b517-225x300.jpg 225w, http:\/\/sundalsryr.se\/wp-content\/uploads\/2015\/03\/010dcaffa557620fbcef88796c861b25bd9e19b517-768x1024.jpg 768w, http:\/\/sundalsryr.se\/wp-content\/uploads\/2015\/03\/010dcaffa557620fbcef88796c861b25bd9e19b517.jpg 1536w\" sizes=\"(max-width: 225px) 100vw, 225px\" \/><\/a><figcaption id=\"caption-attachment-2869\" class=\"wp-caption-text\">Agnes t\u00e4ljer en sm\u00f6rkniv<\/figcaption><\/figure>\n<p>P\u00e5 den sista (och popul\u00e4raste) stationen \u00e4r det matlagning som g\u00e4ller. F\u00f6rst f\u00e5r man g\u00f6ra upp eld. Man t\u00e4ljer sm\u00e5 flisor av torr ved, rullar bollar av tidningspapper och t\u00e4nder sedan med t\u00e4ndst\u00e5l. Det \u00e4r inte s\u00e5 l\u00e4tt, men med ledarnas hj\u00e4lp brinner snart en fin eld. D\u00e4refter provar man p\u00e5 att g\u00f6ra tre olika sorters br\u00f6d. Degen \u00e4r f\u00f6rberedd innan, men den ena ska j\u00e4sa lite. En plastp\u00e5se med deg stoppas d\u00e4rf\u00f6r innanf\u00f6r tr\u00f6jan, d\u00e4r f\u00e5r den ligga varmt en stund. En annan deg kavlas tunt, den ska bli tunnbr\u00f6d. En rullas till korvar och lindas p\u00e5 pinnar till pinnbr\u00f6d. Den som legat i v\u00e4rmen undre tr\u00f6jan blir sm\u00e5 bullar. Allt gr\u00e4ddas \u00f6ver elden. Man g\u00f6r ocks\u00e5 eget sm\u00f6r f\u00f6r att ha p\u00e5 br\u00f6det. Gr\u00e4dde h\u00e4lls i en flaska som man sedan turas om att skaka..\u00a0 och skaka..\u00a0 och skaka. Det tar tid men till sist ligger det en gul klump sm\u00f6r i flaskan.<\/p>\n<figure id=\"attachment_2870\" aria-describedby=\"caption-attachment-2870\" style=\"width: 300px\" class=\"wp-caption alignleft\"><a href=\"http:\/\/sundalsryr.se\/wp-content\/uploads\/2015\/03\/01a0dd8c91eea7de173c2a14f1ee4962ada06a9774.jpg\"><img loading=\"lazy\" decoding=\"async\" class=\"size-medium wp-image-2870 \" title=\"01a0dd8c91eea7de173c2a14f1ee4962ada06a9774\" src=\"http:\/\/sundalsryr.se\/wp-content\/uploads\/2015\/03\/01a0dd8c91eea7de173c2a14f1ee4962ada06a9774-300x225.jpg\" alt=\"\" width=\"300\" height=\"225\" srcset=\"http:\/\/sundalsryr.se\/wp-content\/uploads\/2015\/03\/01a0dd8c91eea7de173c2a14f1ee4962ada06a9774-300x225.jpg 300w, http:\/\/sundalsryr.se\/wp-content\/uploads\/2015\/03\/01a0dd8c91eea7de173c2a14f1ee4962ada06a9774-1024x768.jpg 1024w, http:\/\/sundalsryr.se\/wp-content\/uploads\/2015\/03\/01a0dd8c91eea7de173c2a14f1ee4962ada06a9774.jpg 2048w\" sizes=\"(max-width: 300px) 100vw, 300px\" \/><\/a><figcaption id=\"caption-attachment-2870\" class=\"wp-caption-text\">Tunnbr\u00f6d som steks \u00f6ver \u00f6ppen eld<\/figcaption><\/figure>\n<p>N\u00e4r alla provat p\u00e5 alla stationer samlas man vid matlagningen och provsmakar. Egenbakat br\u00f6d, sm\u00f6r som man k\u00e4rnat sj\u00e4lv och brett p\u00e5 med sin egent\u00e4ljda sm\u00f6rkniv. Jag plockar fram min termos och str\u00f6varna tar fram sina, de flesta har varm choklad. S\u00e5 sitter vi d\u00e4r och har det hur h\u00e4rligt som helst. Vi virar p\u00e5 lite nytt pinnbr\u00f6d p\u00e5 v\u00e5ra grillpinnar h\u00e5ller dem en stund \u00f6ver elden och sm\u00f6rar p\u00e5 mer av det goda sm\u00f6ret och njuter av det fina v\u00e4dret.<\/p>\n<figure id=\"attachment_2871\" aria-describedby=\"caption-attachment-2871\" style=\"width: 655px\" class=\"wp-caption alignright\"><a href=\"http:\/\/sundalsryr.se\/wp-content\/uploads\/2015\/03\/015fbaa16275235e4b6f82c112ba00304736a69f23.jpg\"><img loading=\"lazy\" decoding=\"async\" class=\"size-large wp-image-2871  \" title=\"015fbaa16275235e4b6f82c112ba00304736a69f23\" src=\"http:\/\/sundalsryr.se\/wp-content\/uploads\/2015\/03\/015fbaa16275235e4b6f82c112ba00304736a69f23-1024x768.jpg\" alt=\"\" width=\"655\" height=\"491\" srcset=\"http:\/\/sundalsryr.se\/wp-content\/uploads\/2015\/03\/015fbaa16275235e4b6f82c112ba00304736a69f23-1024x768.jpg 1024w, http:\/\/sundalsryr.se\/wp-content\/uploads\/2015\/03\/015fbaa16275235e4b6f82c112ba00304736a69f23-300x225.jpg 300w, http:\/\/sundalsryr.se\/wp-content\/uploads\/2015\/03\/015fbaa16275235e4b6f82c112ba00304736a69f23.jpg 2048w\" sizes=\"(max-width: 655px) 100vw, 655px\" \/><\/a><figcaption id=\"caption-attachment-2871\" class=\"wp-caption-text\">H\u00e4r sm\u00f6ras det br\u00f6dbullar <\/figcaption><\/figure>\n<p>Det m\u00e4rks att str\u00f6varna \u00e4r lite \u00e4ldre \u00e4n mulle-barnen. Man \u00e4r ute fler timmar och provar p\u00e5 riktigt friluftsliv. Man g\u00e5r lite l\u00e4ngre vandringar och sista g\u00e5ngen p\u00e5 v\u00e5rterminen har man hajk och sover ute i vinskydd ber\u00e4ttar barnen f\u00f6r mig. Detta kr\u00e4ver s\u00e5klart engagerade och kunniga ledare och det \u00e4r kanske just det som k\u00e4nnetecknar friluftsfr\u00e4mjandets grupper i Sundals ryr. F\u00f6r dagen var det fyra ledare och tolv barn, det g\u00f6r att alla barn blir sedda och att man har tid f\u00f6r alla.<\/p>\n<figure id=\"attachment_2872\" aria-describedby=\"caption-attachment-2872\" style=\"width: 655px\" class=\"wp-caption alignleft\"><a href=\"http:\/\/sundalsryr.se\/wp-content\/uploads\/2015\/03\/019c12614cae1880cf4c488ef892bdd8a3012165bc.jpg\"><img loading=\"lazy\" decoding=\"async\" class=\"size-large wp-image-2872  \" title=\"019c12614cae1880cf4c488ef892bdd8a3012165bc\" src=\"http:\/\/sundalsryr.se\/wp-content\/uploads\/2015\/03\/019c12614cae1880cf4c488ef892bdd8a3012165bc-1024x768.jpg\" alt=\"\" width=\"655\" height=\"491\" srcset=\"http:\/\/sundalsryr.se\/wp-content\/uploads\/2015\/03\/019c12614cae1880cf4c488ef892bdd8a3012165bc-1024x768.jpg 1024w, http:\/\/sundalsryr.se\/wp-content\/uploads\/2015\/03\/019c12614cae1880cf4c488ef892bdd8a3012165bc-300x225.jpg 300w, http:\/\/sundalsryr.se\/wp-content\/uploads\/2015\/03\/019c12614cae1880cf4c488ef892bdd8a3012165bc.jpg 2048w\" sizes=\"(max-width: 655px) 100vw, 655px\" \/><\/a><figcaption id=\"caption-attachment-2872\" class=\"wp-caption-text\">Vi njuter av det som lagats<\/figcaption><\/figure>\n<p>Efter tre timmar i skogen s\u00e4ger vi hej d\u00e5 till varandra, det har varit en kul och sp\u00e4nnande dag!<\/p>\n<p>\/Susanne Borss\u00e9n<\/p>\n","protected":false},"excerpt":{"rendered":"<p>K\u00e4ngorna var p\u00e5 och kaffetermosen nerpackad i ryggs\u00e4cken, jag skulle \u00e5ter f\u00e5 komma med en av friluftsfr\u00e4mjandets grupper ut i skogen.\u00a0 Denna g\u00e5ng f\u00e5r jag f\u00f6lja med Str\u00f6varna, de \u00e4r mellan 7 och 9 \u00e5r. Deras samlingsplats ligger vid Myrsj\u00f6n p\u00e5 Kroppefj\u00e4ll, p\u00e5 v\u00e4gen mot Hallesj\u00f6n. N\u00e4r f\u00f6r\u00e4ldrarna l\u00e4mnat av alla barn vid v\u00e4gen, har&#8230;<\/p>\n","protected":false},"author":3,"featured_media":0,"comment_status":"open","ping_status":"open","sticky":false,"template":"","format":"standard","meta":{"_monsterinsights_skip_tracking":false,"_monsterinsights_sitenote_active":false,"_monsterinsights_sitenote_note":"","_monsterinsights_sitenote_category":0,"footnotes":""},"categories":[1],"tags":[],"class_list":["post-2865","post","type-post","status-publish","format-standard","hentry","category-aktuellt"],"_links":{"self":[{"href":"http:\/\/sundalsryr.se\/index.php?rest_route=\/wp\/v2\/posts\/2865"}],"collection":[{"href":"http:\/\/sundalsryr.se\/index.php?rest_route=\/wp\/v2\/posts"}],"about":[{"href":"http:\/\/sundalsryr.se\/index.php?rest_route=\/wp\/v2\/types\/post"}],"author":[{"embeddable":true,"href":"http:\/\/sundalsryr.se\/index.php?rest_route=\/wp\/v2\/users\/3"}],"replies":[{"embeddable":true,"href":"http:\/\/sundalsryr.se\/index.php?rest_route=%2Fwp%2Fv2%2Fcomments&post=2865"}],"version-history":[{"count":8,"href":"http:\/\/sundalsryr.se\/index.php?rest_route=\/wp\/v2\/posts\/2865\/revisions"}],"predecessor-version":[{"id":2880,"href":"http:\/\/sundalsryr.se\/index.php?rest_route=\/wp\/v2\/posts\/2865\/revisions\/2880"}],"wp:attachment":[{"href":"http:\/\/sundalsryr.se\/index.php?rest_route=%2Fwp%2Fv2%2Fmedia&parent=2865"}],"wp:term":[{"taxonomy":"category","embeddable":true,"href":"http:\/\/sundalsryr.se\/index.php?rest_route=%2Fwp%2Fv2%2Fcategories&post=2865"},{"taxonomy":"post_tag","embeddable":true,"href":"http:\/\/sundalsryr.se\/index.php?rest_route=%2Fwp%2Fv2%2Ftags&post=2865"}],"curies":[{"name":"wp","href":"https:\/\/api.w.org\/{rel}","templated":true}]}}