{"id":2907,"date":"2015-04-13T00:29:26","date_gmt":"2015-04-13T00:29:26","guid":{"rendered":"http:\/\/sundalsryr.se\/?p=2907"},"modified":"2022-12-30T13:20:59","modified_gmt":"2022-12-30T13:20:59","slug":"kyrkesten","status":"publish","type":"post","link":"http:\/\/sundalsryr.se\/?p=2907","title":{"rendered":"Kyrkesten"},"content":{"rendered":"<figure id=\"attachment_2908\" aria-describedby=\"caption-attachment-2908\" style=\"width: 717px\" class=\"wp-caption aligncenter\"><a href=\"http:\/\/sundalsryr.se\/wp-content\/uploads\/2015\/04\/0105e42086a9eb68174e79dc346a28d9148da1b6c9.jpg\"><img loading=\"lazy\" decoding=\"async\" class=\"size-large wp-image-2908 \" title=\"0105e42086a9eb68174e79dc346a28d9148da1b6c9\" src=\"http:\/\/sundalsryr.se\/wp-content\/uploads\/2015\/04\/0105e42086a9eb68174e79dc346a28d9148da1b6c9-1024x768.jpg\" alt=\"\" width=\"717\" height=\"538\" srcset=\"http:\/\/sundalsryr.se\/wp-content\/uploads\/2015\/04\/0105e42086a9eb68174e79dc346a28d9148da1b6c9-1024x768.jpg 1024w, http:\/\/sundalsryr.se\/wp-content\/uploads\/2015\/04\/0105e42086a9eb68174e79dc346a28d9148da1b6c9-300x225.jpg 300w, http:\/\/sundalsryr.se\/wp-content\/uploads\/2015\/04\/0105e42086a9eb68174e79dc346a28d9148da1b6c9.jpg 2048w\" sizes=\"(max-width: 717px) 100vw, 717px\" \/><\/a><figcaption id=\"caption-attachment-2908\" class=\"wp-caption-text\">Kyrkesten<\/figcaption><\/figure>\n<p>N\u00e4r v\u00e5ren har kommit och helgdagarna \u00e4r fler \u00e4n vanligt passar det bra med en vandring. Man kan naturligtvis vandra p\u00e5 de fina lederna, men bor man som vi g\u00f6r \u00e4r m\u00f6jligheterna n\u00e4st intill o\u00e4ndliga. Stigar och v\u00e4gar som l\u00e4ngtar efter att bli trampade p\u00e5, finns vart vi \u00e4n v\u00e4nder oss. Om ingen g\u00e5r p\u00e5 dem v\u00e4xer de igen och f\u00f6rsvinner. Det finns heller inget som hindrar att man g\u00e5r d\u00e4r det inte finns stigar, s\u00e5 l\u00e4nge man inte st\u00f6r eller f\u00f6rst\u00f6r.<\/p>\n<figure id=\"attachment_2909\" aria-describedby=\"caption-attachment-2909\" style=\"width: 300px\" class=\"wp-caption alignright\"><a href=\"http:\/\/sundalsryr.se\/wp-content\/uploads\/2015\/04\/0194a098aa77127683a92970112de87b5591af86ef.jpg\"><img loading=\"lazy\" decoding=\"async\" class=\"size-medium wp-image-2909\" title=\"0194a098aa77127683a92970112de87b5591af86ef\" src=\"http:\/\/sundalsryr.se\/wp-content\/uploads\/2015\/04\/0194a098aa77127683a92970112de87b5591af86ef-300x225.jpg\" alt=\"\" width=\"300\" height=\"225\" srcset=\"http:\/\/sundalsryr.se\/wp-content\/uploads\/2015\/04\/0194a098aa77127683a92970112de87b5591af86ef-300x225.jpg 300w, http:\/\/sundalsryr.se\/wp-content\/uploads\/2015\/04\/0194a098aa77127683a92970112de87b5591af86ef-1024x768.jpg 1024w, http:\/\/sundalsryr.se\/wp-content\/uploads\/2015\/04\/0194a098aa77127683a92970112de87b5591af86ef.jpg 2048w\" sizes=\"(max-width: 300px) 100vw, 300px\" \/><\/a><figcaption id=\"caption-attachment-2909\" class=\"wp-caption-text\">Hela stenen har varit full av psalm och bibeltexter<\/figcaption><\/figure>\n<p>Ett trevligt bes\u00f6ksm\u00e5l som man bara kan n\u00e5 till fots \u00e4r \u201dKyrkesten\u201d p\u00e5 kroppefj\u00e4ll. Den ligger f\u00f6rvisso inte i Sundals ryr, utan i \u00f6r, men det \u00e4r bara n\u00e5got hundratal meter fr\u00e5n sockengr\u00e4nsen. Fr\u00e5n parkeringen vid Hallesj\u00f6n \u00e4r det ett par kilometer att g\u00e5. Karta \u00e4r ett m\u00e5ste, f\u00f6r det finns ingen markering, inte ens n\u00e5gon stig. ( 12 92 31 \u00d6\u00a0 65 12 96 N \u00e4r koordinaterna om man har gps)<\/p>\n<p>Solen v\u00e4rmer och det torra fjol\u00e5rsgr\u00e4set prasslar runt f\u00f6tterna n\u00e4r jag sv\u00e4nger av fr\u00e5n v\u00e4gen och g\u00e5r mot syd\u00f6st, jag f\u00f6ljer vattendraget s\u00f6derut, n\u00e4r det pl\u00f6tsligt kilar en liten \u00f6dla framf\u00f6r f\u00f6tterna p\u00e5 mig. Hunden som \u00e4r min f\u00f6ljeslagare f\u00f6r dagen, blir \u00f6verlycklig och b\u00f6rjar leta i gr\u00e4set. Men hon g\u00e5r bet, \u00f6dlan \u00e4r sedan l\u00e4nge f\u00f6rsvunnen.<\/p>\n<p>Strax ser jag den stora stenen. I boken \u201dFj\u00e4llet\u201d av Ingmar Andersson uppskattar man att den v\u00e4ger ungef\u00e4r 100 ton. En m\u00e4ktig bj\u00e4sse. Man k\u00e4nner sig liten n\u00e4r man sitter j\u00e4mte och dricker sitt kaffe.<\/p>\n<figure id=\"attachment_2910\" aria-describedby=\"caption-attachment-2910\" style=\"width: 300px\" class=\"wp-caption alignleft\"><a href=\"http:\/\/sundalsryr.se\/wp-content\/uploads\/2015\/04\/soffi-p\u00e5-kyrkesten.jpg\"><img loading=\"lazy\" decoding=\"async\" class=\"size-medium wp-image-2910\" title=\"soffi p\u00e5 kyrkesten\" src=\"http:\/\/sundalsryr.se\/wp-content\/uploads\/2015\/04\/soffi-p\u00e5-kyrkesten-300x211.jpg\" alt=\"\" width=\"300\" height=\"211\" srcset=\"http:\/\/sundalsryr.se\/wp-content\/uploads\/2015\/04\/soffi-p\u00e5-kyrkesten-300x211.jpg 300w, http:\/\/sundalsryr.se\/wp-content\/uploads\/2015\/04\/soffi-p\u00e5-kyrkesten.jpg 787w\" sizes=\"(max-width: 300px) 100vw, 300px\" \/><\/a><figcaption id=\"caption-attachment-2910\" class=\"wp-caption-text\">Soffi p\u00e5 kyrkesten<\/figcaption><\/figure>\n<p>Historien om hur Kyrkestenen har f\u00e5tt sitt namn \u00e4r ganska lik den som ber\u00e4ttas om stora flyttblock p\u00e5 andra h\u00e5ll. \u00a0Efter att kristendomen kommit till Dalsland och kyrkan i \u00d6r byggdes, blev j\u00e4tten som bodde i grottan under Borekulle s\u00e5 st\u00f6rd \u00f6ver kyrkklockornas ringande, att han t\u00e4nkte kasta en stor sten p\u00e5 kyrkan f\u00f6r att f\u00e5 lugn och ro. I den v\u00e5ldsamma ansatsen r\u00e5kade han emellertid tappa stenen som hamnade h\u00e4r.<\/p>\n<p>En g\u00e5ng i tiden l\u00e4r stenen varit t\u00e4ckt av inristade psalmverser och bibelord. M\u00e5nga syns fortfarande, men \u00e4r lite sv\u00e5ra att tyda. Jag kan urskilja delar av \u201dmorgon mellan fj\u00e4llen, h\u00f6r hur b\u00e4ck och flod\u2026\u201d<\/p>\n<figure id=\"attachment_2911\" aria-describedby=\"caption-attachment-2911\" style=\"width: 300px\" class=\"wp-caption alignright\"><a href=\"http:\/\/sundalsryr.se\/wp-content\/uploads\/2015\/04\/0135e811ea0a35225c6fc5d14df38f52928179f014.jpg\"><img loading=\"lazy\" decoding=\"async\" class=\"size-medium wp-image-2911 \" title=\"0135e811ea0a35225c6fc5d14df38f52928179f014\" src=\"http:\/\/sundalsryr.se\/wp-content\/uploads\/2015\/04\/0135e811ea0a35225c6fc5d14df38f52928179f014-300x225.jpg\" alt=\"\" width=\"300\" height=\"225\" srcset=\"http:\/\/sundalsryr.se\/wp-content\/uploads\/2015\/04\/0135e811ea0a35225c6fc5d14df38f52928179f014-300x225.jpg 300w, http:\/\/sundalsryr.se\/wp-content\/uploads\/2015\/04\/0135e811ea0a35225c6fc5d14df38f52928179f014-1024x768.jpg 1024w, http:\/\/sundalsryr.se\/wp-content\/uploads\/2015\/04\/0135e811ea0a35225c6fc5d14df38f52928179f014.jpg 2048w\" sizes=\"(max-width: 300px) 100vw, 300px\" \/><\/a><figcaption id=\"caption-attachment-2911\" class=\"wp-caption-text\">V\u00e5rb\u00e4ck<\/figcaption><\/figure>\n<p>V\u00e5rsolen v\u00e4rmer sk\u00f6nt, det \u00e4r l\u00e4tt att bli sittande kvar och fundera p\u00e5 hur det kan ha varit f\u00f6rr. En bit ifr\u00e5n stenen finns resterna av ett torp. Den sista som levt d\u00e4r var \u201dSoffi p\u00e5 kyrkesten\u201d, hon dog 1940, d\u00e5 var hon 82 \u00e5r. Den sista sommaren som hon levde var hon f\u00f6r skr\u00f6pplig f\u00f6r att bo kvar, d\u00e5 bodde hon ist\u00e4llet hos sin son Johan i Blixerud. En morgon hade sonen som vanligt sl\u00e4ppt korna f\u00f6r bete p\u00e5 fj\u00e4llet, vid middagtid ville Soffi \u00a0g\u00e5 och titta till dem. P\u00e5 kv\u00e4llen hittade man henne d\u00f6d vid torpet d\u00e4r hon levt i hela sitt liv. Hon fick det slut som hon \u00f6nskat sades det.<\/p>\n<figure id=\"attachment_2912\" aria-describedby=\"caption-attachment-2912\" style=\"width: 614px\" class=\"wp-caption alignleft\"><a href=\"http:\/\/sundalsryr.se\/wp-content\/uploads\/2015\/04\/0162a375e7832d8ba2d8008db5de538ab053bd09a5.jpg\"><img loading=\"lazy\" decoding=\"async\" class=\"size-large wp-image-2912 \" title=\"0162a375e7832d8ba2d8008db5de538ab053bd09a5\" src=\"http:\/\/sundalsryr.se\/wp-content\/uploads\/2015\/04\/0162a375e7832d8ba2d8008db5de538ab053bd09a5-1024x768.jpg\" alt=\"\" width=\"614\" height=\"461\" srcset=\"http:\/\/sundalsryr.se\/wp-content\/uploads\/2015\/04\/0162a375e7832d8ba2d8008db5de538ab053bd09a5-1024x768.jpg 1024w, http:\/\/sundalsryr.se\/wp-content\/uploads\/2015\/04\/0162a375e7832d8ba2d8008db5de538ab053bd09a5-300x225.jpg 300w, http:\/\/sundalsryr.se\/wp-content\/uploads\/2015\/04\/0162a375e7832d8ba2d8008db5de538ab053bd09a5.jpg 2048w\" sizes=\"(max-width: 614px) 100vw, 614px\" \/><\/a><figcaption id=\"caption-attachment-2912\" class=\"wp-caption-text\">Solglitter i lilla Hallesj\u00f6n<\/figcaption><\/figure>\n<p>Hunden knuffar p\u00e5 mig, drick upp ditt kaffe s\u00e5 vi kan g\u00e5 nu, s\u00e4ger hon. Ja ja, vi ska\u2026 Vi tar en liten omv\u00e4g till bilen. Har man \u00e4nd\u00e5 kommit hit kan man lika g\u00e4rna se sig om. Vattnet porlar i b\u00e4cken. P\u00e5 n\u00e5gra st\u00e4llen ligger det lite sn\u00f6 kvar, med dess dagar \u00e4r nog r\u00e4knade. Jag kn\u00e4pper upp tr\u00f6jan, det blir varmt att g\u00e5. Flera stora tj\u00e4dertuppar blir skr\u00e4mda av oss och flyger tungt iv\u00e4g mellan tallarna. N\u00e4r vi n\u00e4stan \u00e4r tillbaka till parkeringen ser jag hur solen glittrar i vattnet i Lilla Hallesj\u00f6n.<\/p>\n<p>V\u00e5ren \u00e4r underbar och en perfekt tid f\u00f6r vandring i skog och mark.<\/p>\n<p>\/Susanne Borss\u00e9n<\/p>\n","protected":false},"excerpt":{"rendered":"<p>N\u00e4r v\u00e5ren har kommit och helgdagarna \u00e4r fler \u00e4n vanligt passar det bra med en vandring. Man kan naturligtvis vandra p\u00e5 de fina lederna, men bor man som vi g\u00f6r \u00e4r m\u00f6jligheterna n\u00e4st intill o\u00e4ndliga. Stigar och v\u00e4gar som l\u00e4ngtar efter att bli trampade p\u00e5, finns vart vi \u00e4n v\u00e4nder oss. Om ingen g\u00e5r p\u00e5&#8230;<\/p>\n","protected":false},"author":3,"featured_media":0,"comment_status":"open","ping_status":"open","sticky":false,"template":"","format":"standard","meta":{"_monsterinsights_skip_tracking":false,"_monsterinsights_sitenote_active":false,"_monsterinsights_sitenote_note":"","_monsterinsights_sitenote_category":0,"footnotes":""},"categories":[1,13],"tags":[],"class_list":["post-2907","post","type-post","status-publish","format-standard","hentry","category-aktuellt","category-det-var-en-gang"],"_links":{"self":[{"href":"http:\/\/sundalsryr.se\/index.php?rest_route=\/wp\/v2\/posts\/2907"}],"collection":[{"href":"http:\/\/sundalsryr.se\/index.php?rest_route=\/wp\/v2\/posts"}],"about":[{"href":"http:\/\/sundalsryr.se\/index.php?rest_route=\/wp\/v2\/types\/post"}],"author":[{"embeddable":true,"href":"http:\/\/sundalsryr.se\/index.php?rest_route=\/wp\/v2\/users\/3"}],"replies":[{"embeddable":true,"href":"http:\/\/sundalsryr.se\/index.php?rest_route=%2Fwp%2Fv2%2Fcomments&post=2907"}],"version-history":[{"count":7,"href":"http:\/\/sundalsryr.se\/index.php?rest_route=\/wp\/v2\/posts\/2907\/revisions"}],"predecessor-version":[{"id":5553,"href":"http:\/\/sundalsryr.se\/index.php?rest_route=\/wp\/v2\/posts\/2907\/revisions\/5553"}],"wp:attachment":[{"href":"http:\/\/sundalsryr.se\/index.php?rest_route=%2Fwp%2Fv2%2Fmedia&parent=2907"}],"wp:term":[{"taxonomy":"category","embeddable":true,"href":"http:\/\/sundalsryr.se\/index.php?rest_route=%2Fwp%2Fv2%2Fcategories&post=2907"},{"taxonomy":"post_tag","embeddable":true,"href":"http:\/\/sundalsryr.se\/index.php?rest_route=%2Fwp%2Fv2%2Ftags&post=2907"}],"curies":[{"name":"wp","href":"https:\/\/api.w.org\/{rel}","templated":true}]}}