{"id":2929,"date":"2015-04-18T00:58:53","date_gmt":"2015-04-18T00:58:53","guid":{"rendered":"http:\/\/sundalsryr.se\/?p=2929"},"modified":"2015-04-15T20:01:19","modified_gmt":"2015-04-15T20:01:19","slug":"en-kvallspromenad-i-mars-i-sundals-ryr-2","status":"publish","type":"post","link":"http:\/\/sundalsryr.se\/?p=2929","title":{"rendered":"En kv\u00e4llspromenad i Mars i Sundals ryr"},"content":{"rendered":"<p>H\u00e4rom kv\u00e4llen var vi, v\u00e5r vana trogna ute och gick v\u00e5r sedvanliga kv\u00e4llspromenad, jag och Kollie. Kv\u00e4llen var ljum och stilla och vi nj\u00f6t b\u00e5da tv\u00e5 av promenaden. V\u00e5ren \u00e4r h\u00e4r och vi kan alla ( som inte \u00e4r pollenallergiker) se fram emot en spirande gr\u00f6nska. Denna kv\u00e4ll gick promenaden mot \u00c5rbolh\u00e5llet. Tystnaden var total, vi m\u00f6tte inte ens en bil. Jag gick och beundrade himlavalvet med alla sina stj\u00e4rnor. Vi hade avverkat tv\u00e5 tredjedelar av v\u00e5r promenad d\u00e5 pl\u00f6tsligt tystnaden br\u00f6ts av ett m\u00e4rkligt men intressant ljud. H\u00f6rrff, h\u00f6\u00f6\u00f6rff, h\u00f6rrff l\u00e4t det tilsammans med ett klapprande ljud. Min f\u00f6rsta tanke var gr\u00e4vling. Jag har ju numera en ganska stor erfarenhet av gr\u00e4vlingar och det jag l\u00e4rde mig som barn har verkligen inte st\u00e4mt hitillsdags. D\u00e5 jag flyttade hit f\u00f6r 15 \u00e5r sedan f\u00f6rstod jag att v\u00e5r allra n\u00e4rmsta granne skulle bli en gr\u00e4vlingfamilj. De bor under den gamla skolbyggnaden och d\u00e5 jag ins\u00e5g det t\u00e4nkte jag att det g\u00e5r ju inte, den familjen m\u00e5ste avhysas. Det jag l\u00e4rt mig som barn var att gr\u00e4vlingar var ena argsinta rackare. S\u00e5g de ett ben rusade de fram och bet tag \u00e4nda tills det kraschade i munnen p\u00e5 dem. Det vattent\u00e4ta r\u00e5det var att ha kn\u00e4ckebr\u00f6d i st\u00f6vlarna. Jag fasade f\u00f6r m\u00f6tet som ovillkorligen skulle ske eftersom vi var s\u00e5 n\u00e4ra grannar men hur det var gick tiden och vi hade fullt upp med annat och mina ben hade inte blivit attackerade av argsinta gr\u00e4vlingar och jag hade inte beh\u00f6vt ha kn\u00e4ckebr\u00f6d i st\u00f6vlarna.<\/p>\n<p>Pl\u00f6tsligt en dag d\u00e5 jag befann mig n\u00e4ra sj\u00e4lvaste entr\u00e9n till grytet ins\u00e5g jag att jag stod mellan grytet och en liten gr\u00e4vling. Var \u00e4r mamman undrade jag jagat och f\u00f6rs\u00f6kte g\u00f6ra mig sj\u00e4lv s\u00e5 obefintlig jag kunde. Den lille sa -hirrff, hirrff och sprang rakt emot mig och jag sneglade jagat mot grytentr\u00e9n och javisst, d\u00e4r kom mamman. Jaja, inget kn\u00e4ckebr\u00f6d i skorna vilket gjorde att jag snabbt la diagnosen. Jag skulle snart ha kn\u00e4ckta fotleder. Sanningsenligt var jag skitr\u00e4dd men jag stod stilla eftersom jag var f\u00e5ngad mellan djuren och hus. Till min stora f\u00f6rv\u00e5ning var inte gr\u00e4vlingsmammans sikte inst\u00e4llt p\u00e5 mig eller mina anklar utan endast p\u00e5 sin lilla avkomma. Hon kom springandes rakt mot mig, mamman allts\u00e5, vilket fick mig att bita ihop samt h\u00e5lla andan i v\u00e4ntan p\u00e5 en fruktansv\u00e4rd sm\u00e4rta men hon sprang till sin telning och unders\u00f6kte denna samtidigt som hon pratade (vad som f\u00f6ref\u00f6ll mig) lugnande med sin avkomma. Ett antal h\u00f6rrff, h\u00f6rrff och hirrff, hirrf utbyttes medan de nosade och &#8221;kramade&#8221; varandra bara en meter ifr\u00e5n mig. Nalle, som d\u00e5 var valp, kom springande och jag utbrast -stanna! Och samtidigt t\u00e4nkte jag att nu \u00e4r det k\u00f6rt i alla fall eftersom jag hade talat. Men icke, mamman v\u00e4nde sig mot mig men jag var inte hennes m\u00e5l utan hon lunkade lungt med sin telning mot grytet utbytande n\u00e5gra h\u00f6rrf och hirrff till p\u00e5 sin v\u00e4g. Det var d\u00e4r och d\u00e5 jag besl\u00f6t att de skulle f\u00e5 bo kvar. Vi har kamperat tillsammans i 15 \u00e5r nu. Vi respekterar varandra och jag har l\u00e4rt mig en del om gr\u00e4vlingar.<\/p>\n<figure id=\"attachment_2930\" aria-describedby=\"caption-attachment-2930\" style=\"width: 300px\" class=\"wp-caption alignright\"><a href=\"http:\/\/sundalsryr.se\/wp-content\/uploads\/2015\/04\/gr\u00e4vling2.jpg\"><img loading=\"lazy\" decoding=\"async\" class=\"size-medium wp-image-2930\" title=\"gr\u00e4vling\" src=\"http:\/\/sundalsryr.se\/wp-content\/uploads\/2015\/04\/gr\u00e4vling2-300x211.jpg\" alt=\"\" width=\"300\" height=\"211\" srcset=\"http:\/\/sundalsryr.se\/wp-content\/uploads\/2015\/04\/gr\u00e4vling2-300x211.jpg 300w, http:\/\/sundalsryr.se\/wp-content\/uploads\/2015\/04\/gr\u00e4vling2.jpg 700w\" sizes=\"(max-width: 300px) 100vw, 300px\" \/><\/a><figcaption id=\"caption-attachment-2930\" class=\"wp-caption-text\"> <\/figcaption><\/figure>\n<p>Allts\u00e5, d\u00e4r vi gick v\u00e4gen fram var s\u00e5ledes min allra f\u00f6rsta tanke att det var en gr\u00e4vling som var p\u00e5 v\u00e4g mot oss men eftersom den var f\u00f6r l\u00e5ngt bort samt f\u00f6r att det var becksvart ute, s\u00e5g jag ju inte vad det egentligen var. Det m\u00e4rkliga \u00e4r hur vindlande mina tankar kan bli d\u00e5 jag endast har h\u00f6rseln att tillg\u00e5. Pannlampan p\u00e5 skallen var t\u00e4nd men den gav mig en ljusk\u00e4gla p\u00e5 kanske 2 meter och vid ljusk\u00e4glans slut blir det ju becksvart. Jag befann mig allts\u00e5 d\u00e4r i S\u00f6dra bleken g\u00e5endes\u00a0 mot Bollerud i skogspartiet, i m\u00f6rkret och h\u00f6r ett ljud som \u00f6kar i styrka och n\u00e4rmar sig oss. Det var d\u00e5 fantasin sakta b\u00f6rjade vakna till liv. Jag b\u00f6rjade nu kunna urskilja via h\u00f6rseln att det var fler \u00e4n en. Jag b\u00f6rjade, av n\u00e5gon anledning, sl\u00e4ppa gr\u00e4vlingsteorin och b\u00f6rjade t\u00e4nka st\u00f6rre djur. Vildsvin, b\u00f6rjade jag befara och dem \u00e4r jag inte s\u00e5 van vid och tillskriver dem d\u00e4rf\u00f6r n\u00e5gon form av op\u00e5litlighet. Detta gjorde att jag saktade p\u00e5 stegen och rent av ryggade lite tillbaka stirrandes v\u00e4gen fram utan att egentligen se n\u00e5got annat \u00e4n ett svart t\u00f6cken fr\u00e5n vilket ett alltf\u00f6r h\u00f6gt eskalerande oidentifierbart ljud n\u00e4rmade sig med en hisnande fart. \u00c4r det en hord \u00e4lgar, hann jag till och med t\u00e4nka? Kollie, hunden, t\u00e4nkte att nu h\u00e4nder det saker och lyfte b\u00e5de \u00f6ron och svans och b\u00f6rjade intresserat trippa fram\u00e5t. Nu n\u00e4rmade sig ett antiklimax och jag k\u00e4nde att vilket \u00f6gonblick som helst skulle jag f\u00e5 veta vad det var. Jag sl\u00e4ckte pannlampan i hopp om att kunna se b\u00e4ttre, men icke. Den stora horden var inte framme \u00e4n men alldeles strax. Vilket \u00f6goblick som helst nu skulle jag st\u00e5 \u00f6ga mot \u00f6ga med de farliga bestarna som i full galopp n\u00e4rmade sig oss d\u00e4r i m\u00f6rkret. Nu s\u00e5g jag dem och ur mig undslapp fr\u00e5gan -Men vad pysslar ni med mitt p\u00e5 v\u00e4gen? De b\u00e5da gr\u00e4vlingarna tv\u00e4rstannade och tittatde f\u00f6rv\u00e5nat p\u00e5 mig och nosade i luften. De b\u00e5da best\u00e4mde sig f\u00f6r att jag inte alls var att leka med, v\u00e4nde tv\u00e4rt och f\u00f6rsvann in i skogen utgjutandes n\u00e5gra v\u00e4l valda h\u00f6rrff p\u00e5 sin v\u00e4g.<\/p>\n<p>Ingen ska s\u00e4ga att det \u00e4r h\u00e4ndelsel\u00f6st i Sundals Ryr.<\/p>\n<p>\/<strong>Marjukka Sagesj\u00f6<\/strong><\/p>\n","protected":false},"excerpt":{"rendered":"<p>H\u00e4rom kv\u00e4llen var vi, v\u00e5r vana trogna ute och gick v\u00e5r sedvanliga kv\u00e4llspromenad, jag och Kollie. Kv\u00e4llen var ljum och stilla och vi nj\u00f6t b\u00e5da tv\u00e5 av promenaden. V\u00e5ren \u00e4r h\u00e4r och vi kan alla ( som inte \u00e4r pollenallergiker) se fram emot en spirande gr\u00f6nska. Denna kv\u00e4ll gick promenaden mot \u00c5rbolh\u00e5llet. Tystnaden var total,&#8230;<\/p>\n","protected":false},"author":3,"featured_media":0,"comment_status":"open","ping_status":"open","sticky":false,"template":"","format":"standard","meta":{"_monsterinsights_skip_tracking":false,"_monsterinsights_sitenote_active":false,"_monsterinsights_sitenote_note":"","_monsterinsights_sitenote_category":0,"footnotes":""},"categories":[1],"tags":[],"class_list":["post-2929","post","type-post","status-publish","format-standard","hentry","category-aktuellt"],"_links":{"self":[{"href":"http:\/\/sundalsryr.se\/index.php?rest_route=\/wp\/v2\/posts\/2929"}],"collection":[{"href":"http:\/\/sundalsryr.se\/index.php?rest_route=\/wp\/v2\/posts"}],"about":[{"href":"http:\/\/sundalsryr.se\/index.php?rest_route=\/wp\/v2\/types\/post"}],"author":[{"embeddable":true,"href":"http:\/\/sundalsryr.se\/index.php?rest_route=\/wp\/v2\/users\/3"}],"replies":[{"embeddable":true,"href":"http:\/\/sundalsryr.se\/index.php?rest_route=%2Fwp%2Fv2%2Fcomments&post=2929"}],"version-history":[{"count":2,"href":"http:\/\/sundalsryr.se\/index.php?rest_route=\/wp\/v2\/posts\/2929\/revisions"}],"predecessor-version":[{"id":2932,"href":"http:\/\/sundalsryr.se\/index.php?rest_route=\/wp\/v2\/posts\/2929\/revisions\/2932"}],"wp:attachment":[{"href":"http:\/\/sundalsryr.se\/index.php?rest_route=%2Fwp%2Fv2%2Fmedia&parent=2929"}],"wp:term":[{"taxonomy":"category","embeddable":true,"href":"http:\/\/sundalsryr.se\/index.php?rest_route=%2Fwp%2Fv2%2Fcategories&post=2929"},{"taxonomy":"post_tag","embeddable":true,"href":"http:\/\/sundalsryr.se\/index.php?rest_route=%2Fwp%2Fv2%2Ftags&post=2929"}],"curies":[{"name":"wp","href":"https:\/\/api.w.org\/{rel}","templated":true}]}}