{"id":2934,"date":"2015-04-19T20:37:23","date_gmt":"2015-04-19T20:37:23","guid":{"rendered":"http:\/\/sundalsryr.se\/?p=2934"},"modified":"2017-04-25T18:11:02","modified_gmt":"2017-04-25T18:11:02","slug":"varfest-i-dagarna-tva","status":"publish","type":"post","link":"http:\/\/sundalsryr.se\/?p=2934","title":{"rendered":"V\u00e5rfest i dagarna tv\u00e5!"},"content":{"rendered":"<figure id=\"attachment_2933\" aria-describedby=\"caption-attachment-2933\" style=\"width: 616px\" class=\"wp-caption aligncenter\"><a href=\"http:\/\/sundalsryr.se\/wp-content\/uploads\/2015\/04\/01025dd7958a3fdfd7acb24e45fa0dc55152e9cbba.jpg\"><img loading=\"lazy\" decoding=\"async\" class=\"size-full wp-image-2933   \" title=\"01025dd7958a3fdfd7acb24e45fa0dc55152e9cbba\" src=\"http:\/\/sundalsryr.se\/wp-content\/uploads\/2015\/04\/01025dd7958a3fdfd7acb24e45fa0dc55152e9cbba.jpg\" alt=\"\" width=\"616\" height=\"279\" srcset=\"http:\/\/sundalsryr.se\/wp-content\/uploads\/2015\/04\/01025dd7958a3fdfd7acb24e45fa0dc55152e9cbba.jpg 1833w, http:\/\/sundalsryr.se\/wp-content\/uploads\/2015\/04\/01025dd7958a3fdfd7acb24e45fa0dc55152e9cbba-300x135.jpg 300w, http:\/\/sundalsryr.se\/wp-content\/uploads\/2015\/04\/01025dd7958a3fdfd7acb24e45fa0dc55152e9cbba-1023x463.jpg 1023w\" sizes=\"(max-width: 616px) 100vw, 616px\" \/><\/a><figcaption id=\"caption-attachment-2933\" class=\"wp-caption-text\">  <\/figcaption><\/figure>\n<p>Sundals ryrs fantastiska kyrkok\u00f6r har i helgen levererat \u00e4nnu en underbar v\u00e5rfest. Denna g\u00e5ng utspelade sig handlingen i frisersalongen <em>\u201dVi klipper till\u201d<\/em>. Fris\u00f6ren och hennes praktikant hade fullt upp i salongen och vi fick tr\u00e4ffa m\u00e5nga s\u00e5ngglada kunder. Praktikanten f\u00e5r \u00e4n s\u00e5 l\u00e4nge bara klippa nackar, n\u00e5got som kunderna kanske ska vara tacksamma f\u00f6r\u2026<\/p>\n<figure id=\"attachment_2935\" aria-describedby=\"caption-attachment-2935\" style=\"width: 300px\" class=\"wp-caption alignright\"><a href=\"http:\/\/sundalsryr.se\/wp-content\/uploads\/2015\/04\/IMG_1610_1.jpg\"><img loading=\"lazy\" decoding=\"async\" class=\"size-medium wp-image-2935\" title=\"IMG_1610_1\" src=\"http:\/\/sundalsryr.se\/wp-content\/uploads\/2015\/04\/IMG_1610_1-300x225.jpg\" alt=\"\" width=\"300\" height=\"225\" srcset=\"http:\/\/sundalsryr.se\/wp-content\/uploads\/2015\/04\/IMG_1610_1-300x225.jpg 300w, http:\/\/sundalsryr.se\/wp-content\/uploads\/2015\/04\/IMG_1610_1-1024x768.jpg 1024w\" sizes=\"(max-width: 300px) 100vw, 300px\" \/><\/a><figcaption id=\"caption-attachment-2935\" class=\"wp-caption-text\">Sally som blev kvargl\u00f6md i torkhuven!<\/figcaption><\/figure>\n<figure id=\"attachment_2938\" aria-describedby=\"caption-attachment-2938\" style=\"width: 430px\" class=\"wp-caption alignleft\"><a href=\"http:\/\/sundalsryr.se\/wp-content\/uploads\/2015\/04\/0176575f559e7394d644815bf38b4f7bdf17b24936.jpg\"><img loading=\"lazy\" decoding=\"async\" class=\"size-large wp-image-2938 \" title=\"0176575f559e7394d644815bf38b4f7bdf17b24936\" src=\"http:\/\/sundalsryr.se\/wp-content\/uploads\/2015\/04\/0176575f559e7394d644815bf38b4f7bdf17b24936-1024x990.jpg\" alt=\"\" width=\"430\" height=\"416\" srcset=\"http:\/\/sundalsryr.se\/wp-content\/uploads\/2015\/04\/0176575f559e7394d644815bf38b4f7bdf17b24936-1024x990.jpg 1024w, http:\/\/sundalsryr.se\/wp-content\/uploads\/2015\/04\/0176575f559e7394d644815bf38b4f7bdf17b24936-300x290.jpg 300w, http:\/\/sundalsryr.se\/wp-content\/uploads\/2015\/04\/0176575f559e7394d644815bf38b4f7bdf17b24936.jpg 1239w\" sizes=\"(max-width: 430px) 100vw, 430px\" \/><\/a><figcaption id=\"caption-attachment-2938\" class=\"wp-caption-text\">Fris\u00f6rskan och Brazilianaren Speedy Gonzales<\/figcaption><\/figure>\n<p>K\u00f6ren var f\u00f6rst\u00e4rkt med delar av bandet Stains. Fartiga l\u00e5tar blandades med finst\u00e4mda och st\u00e4mningen i f\u00f6rsamlingshemmet var p\u00e5 topp. N\u00e4r Brasilianaren Speedy kommer till salongen, f\u00e5r till och med den lite k\u00e4rva fris\u00f6rskan som \u00e4ger salongen, hj\u00e4rtklappning.<\/p>\n<figure id=\"attachment_2936\" aria-describedby=\"caption-attachment-2936\" style=\"width: 300px\" class=\"wp-caption alignright\"><a href=\"http:\/\/sundalsryr.se\/wp-content\/uploads\/2015\/04\/01c1107b6a85c99b43932c55609ade6eaa0cd6619c.jpg\"><img loading=\"lazy\" decoding=\"async\" class=\"size-medium wp-image-2936 \" title=\"01c1107b6a85c99b43932c55609ade6eaa0cd6619c\" src=\"http:\/\/sundalsryr.se\/wp-content\/uploads\/2015\/04\/01c1107b6a85c99b43932c55609ade6eaa0cd6619c-300x290.jpg\" alt=\"\" width=\"300\" height=\"290\" srcset=\"http:\/\/sundalsryr.se\/wp-content\/uploads\/2015\/04\/01c1107b6a85c99b43932c55609ade6eaa0cd6619c-300x290.jpg 300w, http:\/\/sundalsryr.se\/wp-content\/uploads\/2015\/04\/01c1107b6a85c99b43932c55609ade6eaa0cd6619c-1024x990.jpg 1024w, http:\/\/sundalsryr.se\/wp-content\/uploads\/2015\/04\/01c1107b6a85c99b43932c55609ade6eaa0cd6619c.jpg 1365w\" sizes=\"(max-width: 300px) 100vw, 300px\" \/><\/a><figcaption id=\"caption-attachment-2936\" class=\"wp-caption-text\">Tre fartiga damer som ska till \u00c4ngas loge och bugga<\/figcaption><\/figure>\n<p>F\u00f6rutom den h\u00e4rliga showen i fris\u00f6rsalongen bj\u00f6ds det p\u00e5 traditionella v\u00e5rs\u00e5nger, god fika och v\u00e5rtal. Jag fick \u00e4ran att h\u00e5lla \u00e5rets v\u00e5rtal och tackar \u00f6dmjukast f\u00f6r alla fina ord jag fick efter\u00e5t.<\/p>\n<figure id=\"attachment_2937\" aria-describedby=\"caption-attachment-2937\" style=\"width: 300px\" class=\"wp-caption alignleft\"><a href=\"http:\/\/sundalsryr.se\/wp-content\/uploads\/2015\/04\/IMG_1606_1.jpg\"><img loading=\"lazy\" decoding=\"async\" class=\"size-medium wp-image-2937\" title=\"IMG_1606_1\" src=\"http:\/\/sundalsryr.se\/wp-content\/uploads\/2015\/04\/IMG_1606_1-300x284.jpg\" alt=\"\" width=\"300\" height=\"284\" srcset=\"http:\/\/sundalsryr.se\/wp-content\/uploads\/2015\/04\/IMG_1606_1-300x284.jpg 300w, http:\/\/sundalsryr.se\/wp-content\/uploads\/2015\/04\/IMG_1606_1-1023x970.jpg 1023w\" sizes=\"(max-width: 300px) 100vw, 300px\" \/><\/a><figcaption id=\"caption-attachment-2937\" class=\"wp-caption-text\">Praktikanten som snart vill b\u00f6rja klippa och f\u00e4rga<\/figcaption><\/figure>\n<p>Fast v\u00e5rfesten detta \u00e5r var en vecka tidigare \u00e4n den brukar, kom v\u00e5ren och v\u00e4rmen med v\u00e5rfesten. N\u00e4sta \u00e5r \u00f6nskar vi d\u00e4rf\u00f6r att festen blir \u00e4nnu tidigare, varf\u00f6r inte redan i Mars?.. Dels f\u00f6r att vi vill ha en tidig v\u00e5r, men framf\u00f6r allt f\u00f6r att vi inte vill v\u00e4nta ett helt \u00e5r till n\u00e4sta g\u00e5ng!<\/p>\n<p>\/ Susanne Borss\u00e9n<\/p>\n","protected":false},"excerpt":{"rendered":"<p>Sundals ryrs fantastiska kyrkok\u00f6r har i helgen levererat \u00e4nnu en underbar v\u00e5rfest. Denna g\u00e5ng utspelade sig handlingen i frisersalongen \u201dVi klipper till\u201d. Fris\u00f6ren och hennes praktikant hade fullt upp i salongen och vi fick tr\u00e4ffa m\u00e5nga s\u00e5ngglada kunder. Praktikanten f\u00e5r \u00e4n s\u00e5 l\u00e4nge bara klippa nackar, n\u00e5got som kunderna kanske ska vara tacksamma f\u00f6r\u2026 K\u00f6ren&#8230;<\/p>\n","protected":false},"author":3,"featured_media":0,"comment_status":"open","ping_status":"open","sticky":false,"template":"","format":"standard","meta":{"_monsterinsights_skip_tracking":false,"_monsterinsights_sitenote_active":false,"_monsterinsights_sitenote_note":"","_monsterinsights_sitenote_category":0,"footnotes":""},"categories":[1,16],"tags":[],"class_list":["post-2934","post","type-post","status-publish","format-standard","hentry","category-aktuellt","category-varfester"],"_links":{"self":[{"href":"http:\/\/sundalsryr.se\/index.php?rest_route=\/wp\/v2\/posts\/2934"}],"collection":[{"href":"http:\/\/sundalsryr.se\/index.php?rest_route=\/wp\/v2\/posts"}],"about":[{"href":"http:\/\/sundalsryr.se\/index.php?rest_route=\/wp\/v2\/types\/post"}],"author":[{"embeddable":true,"href":"http:\/\/sundalsryr.se\/index.php?rest_route=\/wp\/v2\/users\/3"}],"replies":[{"embeddable":true,"href":"http:\/\/sundalsryr.se\/index.php?rest_route=%2Fwp%2Fv2%2Fcomments&post=2934"}],"version-history":[{"count":5,"href":"http:\/\/sundalsryr.se\/index.php?rest_route=\/wp\/v2\/posts\/2934\/revisions"}],"predecessor-version":[{"id":2943,"href":"http:\/\/sundalsryr.se\/index.php?rest_route=\/wp\/v2\/posts\/2934\/revisions\/2943"}],"wp:attachment":[{"href":"http:\/\/sundalsryr.se\/index.php?rest_route=%2Fwp%2Fv2%2Fmedia&parent=2934"}],"wp:term":[{"taxonomy":"category","embeddable":true,"href":"http:\/\/sundalsryr.se\/index.php?rest_route=%2Fwp%2Fv2%2Fcategories&post=2934"},{"taxonomy":"post_tag","embeddable":true,"href":"http:\/\/sundalsryr.se\/index.php?rest_route=%2Fwp%2Fv2%2Ftags&post=2934"}],"curies":[{"name":"wp","href":"https:\/\/api.w.org\/{rel}","templated":true}]}}