{"id":2974,"date":"2015-05-10T13:18:51","date_gmt":"2015-05-10T13:18:51","guid":{"rendered":"http:\/\/sundalsryr.se\/?p=2974"},"modified":"2017-04-23T11:03:47","modified_gmt":"2017-04-23T11:03:47","slug":"vandring-runt-sjon-som-inte-finns","status":"publish","type":"post","link":"http:\/\/sundalsryr.se\/?p=2974","title":{"rendered":"Vandring runt sj\u00f6n som inte finns!"},"content":{"rendered":"<figure id=\"attachment_2973\" aria-describedby=\"caption-attachment-2973\" style=\"width: 614px\" class=\"wp-caption aligncenter\"><a href=\"http:\/\/sundalsryr.se\/wp-content\/uploads\/2015\/05\/0159a55996f68ddbab5dc29ad90474ab11e70e2ee2.jpg\"><img loading=\"lazy\" decoding=\"async\" class=\"size-large wp-image-2973 \" title=\"0159a55996f68ddbab5dc29ad90474ab11e70e2ee2\" src=\"http:\/\/sundalsryr.se\/wp-content\/uploads\/2015\/05\/0159a55996f68ddbab5dc29ad90474ab11e70e2ee2-1024x768.jpg\" alt=\"\" width=\"614\" height=\"461\" srcset=\"http:\/\/sundalsryr.se\/wp-content\/uploads\/2015\/05\/0159a55996f68ddbab5dc29ad90474ab11e70e2ee2-1024x768.jpg 1024w, http:\/\/sundalsryr.se\/wp-content\/uploads\/2015\/05\/0159a55996f68ddbab5dc29ad90474ab11e70e2ee2-300x225.jpg 300w, http:\/\/sundalsryr.se\/wp-content\/uploads\/2015\/05\/0159a55996f68ddbab5dc29ad90474ab11e70e2ee2.jpg 2048w\" sizes=\"(max-width: 614px) 100vw, 614px\" \/><\/a><figcaption id=\"caption-attachment-2973\" class=\"wp-caption-text\">Gammal karta d\u00e4r det gr\u00f6na \u00e4r vatten. Vi fikade p\u00e5 den lilla udden som ligger mitt p\u00e5 kartan.<\/figcaption><\/figure>\n<p>Sj\u00f6n \u00c5sunden vid Ulricehamn har sin historia med \u201dg\u00e5rdarna runt sj\u00f6n\u201d. Dit kommer m\u00e4nniskor varje sommar f\u00f6r att \u00e5ka runt med buss och se p\u00e5 g\u00e5rdarna som ligger till grund f\u00f6r Birgit Sparres romaner. P\u00e5 l\u00f6rdagens vandring i Bollerud var temat \u201dtorpen runt sj\u00f6n\u201d men n\u00e5gon buss var inte att t\u00e4nka p\u00e5. Ist\u00e4llet fick vi en trevlig vandring p\u00e5 n\u00e4stan 6 km. N\u00e5gon sj\u00f6 fanns det f\u00f6rresten inte heller eftersom man redan \u00e5r 1875 spr\u00e4ngde och gr\u00e4vde en kanal som torrlade omr\u00e5det.<\/p>\n<p><a href=\"http:\/\/sundalsryr.se\/wp-content\/uploads\/2015\/05\/01ae001b149d277aa5e367d6e6a722854b52dd8434.jpg\"><img loading=\"lazy\" decoding=\"async\" class=\"size-medium wp-image-2975\" title=\"01ae001b149d277aa5e367d6e6a722854b52dd8434\" src=\"http:\/\/sundalsryr.se\/wp-content\/uploads\/2015\/05\/01ae001b149d277aa5e367d6e6a722854b52dd8434-300x225.jpg\" alt=\"\" width=\"300\" height=\"225\" srcset=\"http:\/\/sundalsryr.se\/wp-content\/uploads\/2015\/05\/01ae001b149d277aa5e367d6e6a722854b52dd8434-300x225.jpg 300w, http:\/\/sundalsryr.se\/wp-content\/uploads\/2015\/05\/01ae001b149d277aa5e367d6e6a722854b52dd8434-1024x768.jpg 1024w, http:\/\/sundalsryr.se\/wp-content\/uploads\/2015\/05\/01ae001b149d277aa5e367d6e6a722854b52dd8434.jpg 2048w\" sizes=\"(max-width: 300px) 100vw, 300px\" \/><\/a><\/p>\n<p>Slutet p\u00e5 1800-talet var en fattig period och f\u00f6r att f\u00e5 mer mark d\u00e4r man kunde sk\u00f6rda gr\u00e4s till djuren torrlade man Bollerudssj\u00f6n. I sj\u00f6ns utlopp s\u00f6derut l\u00e5g en kvarn, men kvarn\u00e4garen var ovillig till att sl\u00e4ppa ut mer vatten \u00e4n han redan gjorde, hans inkomst h\u00e4ngde ju s\u00e5klart p\u00e5 att det fanns vatten i sj\u00f6n. S\u00e5 man gjorde ist\u00e4llet en helt ny kanal och t\u00f6mde sj\u00f6n p\u00e5 vatten.<\/p>\n<figure id=\"attachment_2976\" aria-describedby=\"caption-attachment-2976\" style=\"width: 300px\" class=\"wp-caption alignright\"><a href=\"http:\/\/sundalsryr.se\/wp-content\/uploads\/2015\/05\/016be0632f4fd8f520140fe2721e0a5e6b62d3f155.jpg\"><img loading=\"lazy\" decoding=\"async\" class=\"size-medium wp-image-2976\" title=\"016be0632f4fd8f520140fe2721e0a5e6b62d3f155\" src=\"http:\/\/sundalsryr.se\/wp-content\/uploads\/2015\/05\/016be0632f4fd8f520140fe2721e0a5e6b62d3f155-300x225.jpg\" alt=\"\" width=\"300\" height=\"225\" srcset=\"http:\/\/sundalsryr.se\/wp-content\/uploads\/2015\/05\/016be0632f4fd8f520140fe2721e0a5e6b62d3f155-300x225.jpg 300w, http:\/\/sundalsryr.se\/wp-content\/uploads\/2015\/05\/016be0632f4fd8f520140fe2721e0a5e6b62d3f155-1024x768.jpg 1024w, http:\/\/sundalsryr.se\/wp-content\/uploads\/2015\/05\/016be0632f4fd8f520140fe2721e0a5e6b62d3f155.jpg 2048w\" sizes=\"(max-width: 300px) 100vw, 300px\" \/><\/a><figcaption id=\"caption-attachment-2976\" class=\"wp-caption-text\">Det fanns gott om b\u00e4ver i omr\u00e5det<\/figcaption><\/figure>\n<p>Bo Elofsson, som var v\u00e5r guide f\u00f6r dagen, visade oss trakter vi annars knappast kommit till och ber\u00e4ttade om torp och m\u00e4nniskor. Bitvis gick vi p\u00e5 den gamla skolv\u00e4gen, d\u00e4r barnen som skulle till Bollerudsskola gick. De barn som hade l\u00e4ngst att g\u00e5, kom \u00e4nda ifr\u00e5n Tr\u00f6ta uppe p\u00e5 Kroppefj\u00e4ll. \u00a0Skolan byggdes 1875, samma \u00e5rtal som finns inristat i berget, vid den spr\u00e4ngda delen av kanalen. \u00c5r 1955 flyttade eleverna till den nya Skolan i \u00c5rbol.<\/p>\n<p>Sj\u00e4lvklart hade vi fika med. V\u00e5r vandring medgav ett intag av 3,5 kanelbullar f\u00f6r att f\u00f6rbrukning och konsumtion skulle g\u00e5 j\u00e4mnt upp, s\u00e5 fikat f\u00e5r man inte missa. Vid resterna av torpet Vadboden, drack vi v\u00e5rt kaffe. P\u00e5skliljorna som n\u00e5gon satt h\u00e4r f\u00f6r m\u00e5nga, m\u00e5nga \u00e5r sedan blommade som solar i det annars lite gr\u00e5a v\u00e4dret. N\u00e4r sj\u00f6n fanns hade detta torp vatten p\u00e5 tre sidor och man kan l\u00e4tt f\u00f6rst\u00e5 att namnet kommer fr\u00e5n ordet \u201dvad\u201d som i vada genom n\u00e5got bl\u00f6tt\u2026<\/p>\n<figure id=\"attachment_2977\" aria-describedby=\"caption-attachment-2977\" style=\"width: 768px\" class=\"wp-caption aligncenter\"><a href=\"http:\/\/sundalsryr.se\/wp-content\/uploads\/2015\/05\/012e0db7fe52bd4925cc9863f5cefbccfd055706b6.jpg\"><img loading=\"lazy\" decoding=\"async\" class=\"size-large wp-image-2977\" title=\"012e0db7fe52bd4925cc9863f5cefbccfd055706b6\" src=\"http:\/\/sundalsryr.se\/wp-content\/uploads\/2015\/05\/012e0db7fe52bd4925cc9863f5cefbccfd055706b6-768x1024.jpg\" alt=\"\" width=\"768\" height=\"1024\" srcset=\"http:\/\/sundalsryr.se\/wp-content\/uploads\/2015\/05\/012e0db7fe52bd4925cc9863f5cefbccfd055706b6-768x1024.jpg 768w, http:\/\/sundalsryr.se\/wp-content\/uploads\/2015\/05\/012e0db7fe52bd4925cc9863f5cefbccfd055706b6-225x300.jpg 225w, http:\/\/sundalsryr.se\/wp-content\/uploads\/2015\/05\/012e0db7fe52bd4925cc9863f5cefbccfd055706b6.jpg 1536w\" sizes=\"(max-width: 768px) 100vw, 768px\" \/><\/a><figcaption id=\"caption-attachment-2977\" class=\"wp-caption-text\">Vi gick \u00f6ver den spr\u00e4ngda delen av kanalen<\/figcaption><\/figure>\n<p>Strax innan vi var tillbaka till Andreas g\u00e5rdsplan gick vi \u00f6ver kanalen. Vi ser \u00e5rtalet 1875 inristat i berget. Tillbaka vid bilarna konstaterar vi att byalagets best\u00e4llning av uppeh\u00e5llsv\u00e4der har h\u00f6rsammats, f\u00f6r bara n\u00e5gra f\u00e5 regndroppar har kommit. Rundan blev lite l\u00e4ngre \u00e4n vad som f\u00f6rst var meningen, f\u00f6r att vattnet p\u00e5 ett st\u00e4lle spolat undan en bro. Men ingen \u00e4r ledsen f\u00f6r det. Det var en fin vandring och den extra str\u00e4ckan bidrog s\u00e4kert med 1 kanelbulle. Vi tackar Bosse f\u00f6r en bra guidning!<\/p>\n<p>\/Susanne Borss\u00e9n<\/p>\n","protected":false},"excerpt":{"rendered":"<p>Sj\u00f6n \u00c5sunden vid Ulricehamn har sin historia med \u201dg\u00e5rdarna runt sj\u00f6n\u201d. Dit kommer m\u00e4nniskor varje sommar f\u00f6r att \u00e5ka runt med buss och se p\u00e5 g\u00e5rdarna som ligger till grund f\u00f6r Birgit Sparres romaner. P\u00e5 l\u00f6rdagens vandring i Bollerud var temat \u201dtorpen runt sj\u00f6n\u201d men n\u00e5gon buss var inte att t\u00e4nka p\u00e5. Ist\u00e4llet fick vi&#8230;<\/p>\n","protected":false},"author":3,"featured_media":0,"comment_status":"open","ping_status":"open","sticky":false,"template":"","format":"standard","meta":{"_monsterinsights_skip_tracking":false,"_monsterinsights_sitenote_active":false,"_monsterinsights_sitenote_note":"","_monsterinsights_sitenote_category":0,"footnotes":""},"categories":[1,15],"tags":[],"class_list":["post-2974","post","type-post","status-publish","format-standard","hentry","category-aktuellt","category-vandringar"],"_links":{"self":[{"href":"http:\/\/sundalsryr.se\/index.php?rest_route=\/wp\/v2\/posts\/2974"}],"collection":[{"href":"http:\/\/sundalsryr.se\/index.php?rest_route=\/wp\/v2\/posts"}],"about":[{"href":"http:\/\/sundalsryr.se\/index.php?rest_route=\/wp\/v2\/types\/post"}],"author":[{"embeddable":true,"href":"http:\/\/sundalsryr.se\/index.php?rest_route=\/wp\/v2\/users\/3"}],"replies":[{"embeddable":true,"href":"http:\/\/sundalsryr.se\/index.php?rest_route=%2Fwp%2Fv2%2Fcomments&post=2974"}],"version-history":[{"count":4,"href":"http:\/\/sundalsryr.se\/index.php?rest_route=\/wp\/v2\/posts\/2974\/revisions"}],"predecessor-version":[{"id":3898,"href":"http:\/\/sundalsryr.se\/index.php?rest_route=\/wp\/v2\/posts\/2974\/revisions\/3898"}],"wp:attachment":[{"href":"http:\/\/sundalsryr.se\/index.php?rest_route=%2Fwp%2Fv2%2Fmedia&parent=2974"}],"wp:term":[{"taxonomy":"category","embeddable":true,"href":"http:\/\/sundalsryr.se\/index.php?rest_route=%2Fwp%2Fv2%2Fcategories&post=2974"},{"taxonomy":"post_tag","embeddable":true,"href":"http:\/\/sundalsryr.se\/index.php?rest_route=%2Fwp%2Fv2%2Ftags&post=2974"}],"curies":[{"name":"wp","href":"https:\/\/api.w.org\/{rel}","templated":true}]}}