{"id":3082,"date":"2015-08-07T15:55:23","date_gmt":"2015-08-07T15:55:23","guid":{"rendered":"http:\/\/sundalsryr.se\/?p=3082"},"modified":"2015-08-06T13:57:44","modified_gmt":"2015-08-06T13:57:44","slug":"tradgardstemat-fortsatter-2","status":"publish","type":"post","link":"http:\/\/sundalsryr.se\/?p=3082","title":{"rendered":"Tr\u00e4dg\u00e5rdstemat forts\u00e4tter&#8230;"},"content":{"rendered":"<p>Den f\u00f6rsta omg\u00e5ngen med \u00f6ppna tr\u00e4dg\u00e5rdar i Sundals ryr blev en succ\u00e9 med m\u00e5nga bes\u00f6kare. Redan nu p\u00e5 S\u00f6ndag, den 9 aug \u00e4r det dags<\/p>\n<figure id=\"attachment_3083\" aria-describedby=\"caption-attachment-3083\" style=\"width: 300px\" class=\"wp-caption alignright\"><a href=\"http:\/\/sundalsryr.se\/wp-content\/uploads\/2015\/08\/IMG_26881.jpg\"><img loading=\"lazy\" decoding=\"async\" class=\"size-medium wp-image-3083\" title=\"IMG_2688\" src=\"http:\/\/sundalsryr.se\/wp-content\/uploads\/2015\/08\/IMG_26881-300x225.jpg\" alt=\"\" width=\"300\" height=\"225\" srcset=\"http:\/\/sundalsryr.se\/wp-content\/uploads\/2015\/08\/IMG_26881-300x225.jpg 300w, http:\/\/sundalsryr.se\/wp-content\/uploads\/2015\/08\/IMG_26881-1024x768.jpg 1024w\" sizes=\"(max-width: 300px) 100vw, 300px\" \/><\/a><figcaption id=\"caption-attachment-3083\" class=\"wp-caption-text\"> <\/figcaption><\/figure>\n<p>f\u00f6r ytterligare tv\u00e5 tr\u00e4dg\u00e5rdar att h\u00e5lla \u00f6ppet. Helle Telliander och Agneta Dahlberg, b\u00e5da bor vid \u00c5rbolskorsningen, visar sina tr\u00e4dg\u00e5rdar och har \u00e4ven \u00f6ppet sina hantverksbodar mellan kl 10 \u2013 12. Parkera vid skolan om det blir tr\u00e5ngt vid tr\u00e4dg\u00e5rdarna.<\/p>\n<p>Missa inte detta tillf\u00e4lle till inspiration!<\/p>\n<p>Alla \u00e4r varmt v\u00e4lkomna!<\/p>\n","protected":false},"excerpt":{"rendered":"<p>Den f\u00f6rsta omg\u00e5ngen med \u00f6ppna tr\u00e4dg\u00e5rdar i Sundals ryr blev en succ\u00e9 med m\u00e5nga bes\u00f6kare. Redan nu p\u00e5 S\u00f6ndag, den 9 aug \u00e4r det dags f\u00f6r ytterligare tv\u00e5 tr\u00e4dg\u00e5rdar att h\u00e5lla \u00f6ppet. Helle Telliander och Agneta Dahlberg, b\u00e5da bor vid \u00c5rbolskorsningen, visar sina tr\u00e4dg\u00e5rdar och har \u00e4ven \u00f6ppet sina hantverksbodar mellan kl 10 \u2013 12&#8230;.<\/p>\n","protected":false},"author":3,"featured_media":0,"comment_status":"open","ping_status":"open","sticky":false,"template":"","format":"standard","meta":{"_monsterinsights_skip_tracking":false,"_monsterinsights_sitenote_active":false,"_monsterinsights_sitenote_note":"","_monsterinsights_sitenote_category":0,"footnotes":""},"categories":[1],"tags":[],"class_list":["post-3082","post","type-post","status-publish","format-standard","hentry","category-aktuellt"],"_links":{"self":[{"href":"http:\/\/sundalsryr.se\/index.php?rest_route=\/wp\/v2\/posts\/3082"}],"collection":[{"href":"http:\/\/sundalsryr.se\/index.php?rest_route=\/wp\/v2\/posts"}],"about":[{"href":"http:\/\/sundalsryr.se\/index.php?rest_route=\/wp\/v2\/types\/post"}],"author":[{"embeddable":true,"href":"http:\/\/sundalsryr.se\/index.php?rest_route=\/wp\/v2\/users\/3"}],"replies":[{"embeddable":true,"href":"http:\/\/sundalsryr.se\/index.php?rest_route=%2Fwp%2Fv2%2Fcomments&post=3082"}],"version-history":[{"count":4,"href":"http:\/\/sundalsryr.se\/index.php?rest_route=\/wp\/v2\/posts\/3082\/revisions"}],"predecessor-version":[{"id":3086,"href":"http:\/\/sundalsryr.se\/index.php?rest_route=\/wp\/v2\/posts\/3082\/revisions\/3086"}],"wp:attachment":[{"href":"http:\/\/sundalsryr.se\/index.php?rest_route=%2Fwp%2Fv2%2Fmedia&parent=3082"}],"wp:term":[{"taxonomy":"category","embeddable":true,"href":"http:\/\/sundalsryr.se\/index.php?rest_route=%2Fwp%2Fv2%2Fcategories&post=3082"},{"taxonomy":"post_tag","embeddable":true,"href":"http:\/\/sundalsryr.se\/index.php?rest_route=%2Fwp%2Fv2%2Ftags&post=3082"}],"curies":[{"name":"wp","href":"https:\/\/api.w.org\/{rel}","templated":true}]}}