{"id":3088,"date":"2015-08-10T09:33:54","date_gmt":"2015-08-10T09:33:54","guid":{"rendered":"http:\/\/sundalsryr.se\/?p=3088"},"modified":"2015-08-10T09:35:10","modified_gmt":"2015-08-10T09:35:10","slug":"augusti-med-tradgardstema-fortsatter%e2%80%a6","status":"publish","type":"post","link":"http:\/\/sundalsryr.se\/?p=3088","title":{"rendered":"Augusti med tr\u00e4dg\u00e5rdstema forts\u00e4tter\u2026"},"content":{"rendered":"<figure id=\"attachment_3090\" aria-describedby=\"caption-attachment-3090\" style=\"width: 198px\" class=\"wp-caption alignleft\"><a href=\"http:\/\/sundalsryr.se\/wp-content\/uploads\/2015\/08\/IMGP8571.jpg\"><img loading=\"lazy\" decoding=\"async\" class=\"size-medium wp-image-3090\" title=\"IMGP8571\" src=\"http:\/\/sundalsryr.se\/wp-content\/uploads\/2015\/08\/IMGP8571-198x300.jpg\" alt=\"\" width=\"198\" height=\"300\" srcset=\"http:\/\/sundalsryr.se\/wp-content\/uploads\/2015\/08\/IMGP8571-198x300.jpg 198w, http:\/\/sundalsryr.se\/wp-content\/uploads\/2015\/08\/IMGP8571-678x1024.jpg 678w\" sizes=\"(max-width: 198px) 100vw, 198px\" \/><\/a><figcaption id=\"caption-attachment-3090\" class=\"wp-caption-text\"> <\/figcaption><\/figure>\n<p>Redan p\u00e5 nu onsdag (12\/8) \u00e4r det dags f\u00f6r \u00e4nnu tv\u00e5 tr\u00e4dg\u00e5rdar att h\u00e5lla \u00f6ppet. Missa inte detta tillf\u00e4lle till inspiration, diskussion och tr\u00e4dg\u00e5rdsgemenskap. Annica Arn\u00e5s och Anette Larsson, b\u00e5da Lers\u00e4ter, ca 1 km fr\u00e5n gamla kyrkan mot B\u00f6n, har sina tr\u00e4dg\u00e5rdar \u00f6ppna mellan kl 17-19.<\/p>\n<p>V\u00e4lkomna !<\/p>\n<figure id=\"attachment_3089\" aria-describedby=\"caption-attachment-3089\" style=\"width: 300px\" class=\"wp-caption alignright\"><a href=\"http:\/\/sundalsryr.se\/wp-content\/uploads\/2015\/08\/IMGP8470.jpg\"><img loading=\"lazy\" decoding=\"async\" class=\"size-medium wp-image-3089\" title=\"IMGP8470\" src=\"http:\/\/sundalsryr.se\/wp-content\/uploads\/2015\/08\/IMGP8470-300x198.jpg\" alt=\"\" width=\"300\" height=\"198\" srcset=\"http:\/\/sundalsryr.se\/wp-content\/uploads\/2015\/08\/IMGP8470-300x198.jpg 300w, http:\/\/sundalsryr.se\/wp-content\/uploads\/2015\/08\/IMGP8470-1024x678.jpg 1024w\" sizes=\"(max-width: 300px) 100vw, 300px\" \/><\/a><figcaption id=\"caption-attachment-3089\" class=\"wp-caption-text\"> <\/figcaption><\/figure>\n","protected":false},"excerpt":{"rendered":"<p>Redan p\u00e5 nu onsdag (12\/8) \u00e4r det dags f\u00f6r \u00e4nnu tv\u00e5 tr\u00e4dg\u00e5rdar att h\u00e5lla \u00f6ppet. Missa inte detta tillf\u00e4lle till inspiration, diskussion och tr\u00e4dg\u00e5rdsgemenskap. Annica Arn\u00e5s och Anette Larsson, b\u00e5da Lers\u00e4ter, ca 1 km fr\u00e5n gamla kyrkan mot B\u00f6n, har sina tr\u00e4dg\u00e5rdar \u00f6ppna mellan kl 17-19. V\u00e4lkomna !<\/p>\n","protected":false},"author":3,"featured_media":0,"comment_status":"open","ping_status":"open","sticky":false,"template":"","format":"standard","meta":{"_monsterinsights_skip_tracking":false,"_monsterinsights_sitenote_active":false,"_monsterinsights_sitenote_note":"","_monsterinsights_sitenote_category":0,"footnotes":""},"categories":[1],"tags":[],"class_list":["post-3088","post","type-post","status-publish","format-standard","hentry","category-aktuellt"],"_links":{"self":[{"href":"http:\/\/sundalsryr.se\/index.php?rest_route=\/wp\/v2\/posts\/3088"}],"collection":[{"href":"http:\/\/sundalsryr.se\/index.php?rest_route=\/wp\/v2\/posts"}],"about":[{"href":"http:\/\/sundalsryr.se\/index.php?rest_route=\/wp\/v2\/types\/post"}],"author":[{"embeddable":true,"href":"http:\/\/sundalsryr.se\/index.php?rest_route=\/wp\/v2\/users\/3"}],"replies":[{"embeddable":true,"href":"http:\/\/sundalsryr.se\/index.php?rest_route=%2Fwp%2Fv2%2Fcomments&post=3088"}],"version-history":[{"count":3,"href":"http:\/\/sundalsryr.se\/index.php?rest_route=\/wp\/v2\/posts\/3088\/revisions"}],"predecessor-version":[{"id":3093,"href":"http:\/\/sundalsryr.se\/index.php?rest_route=\/wp\/v2\/posts\/3088\/revisions\/3093"}],"wp:attachment":[{"href":"http:\/\/sundalsryr.se\/index.php?rest_route=%2Fwp%2Fv2%2Fmedia&parent=3088"}],"wp:term":[{"taxonomy":"category","embeddable":true,"href":"http:\/\/sundalsryr.se\/index.php?rest_route=%2Fwp%2Fv2%2Fcategories&post=3088"},{"taxonomy":"post_tag","embeddable":true,"href":"http:\/\/sundalsryr.se\/index.php?rest_route=%2Fwp%2Fv2%2Ftags&post=3088"}],"curies":[{"name":"wp","href":"https:\/\/api.w.org\/{rel}","templated":true}]}}