{"id":3105,"date":"2015-08-30T19:52:01","date_gmt":"2015-08-30T19:52:01","guid":{"rendered":"http:\/\/sundalsryr.se\/?p=3105"},"modified":"2015-08-30T19:52:01","modified_gmt":"2015-08-30T19:52:01","slug":"nu-ar-det-antligen-tid-for-en-vandring-igen","status":"publish","type":"post","link":"http:\/\/sundalsryr.se\/?p=3105","title":{"rendered":"Nu \u00e4r det \u00e4ntligen tid f\u00f6r en vandring igen"},"content":{"rendered":"<figure id=\"attachment_3106\" aria-describedby=\"caption-attachment-3106\" style=\"width: 380px\" class=\"wp-caption aligncenter\"><a href=\"http:\/\/sundalsryr.se\/wp-content\/uploads\/2015\/08\/webb_hatten_stig.jpg\"><img loading=\"lazy\" decoding=\"async\" class=\"size-full wp-image-3106\" title=\"webb_hatten_stig\" src=\"http:\/\/sundalsryr.se\/wp-content\/uploads\/2015\/08\/webb_hatten_stig.jpg\" alt=\"\" width=\"380\" height=\"380\" srcset=\"http:\/\/sundalsryr.se\/wp-content\/uploads\/2015\/08\/webb_hatten_stig.jpg 380w, http:\/\/sundalsryr.se\/wp-content\/uploads\/2015\/08\/webb_hatten_stig-150x150.jpg 150w, http:\/\/sundalsryr.se\/wp-content\/uploads\/2015\/08\/webb_hatten_stig-300x300.jpg 300w\" sizes=\"(max-width: 380px) 100vw, 380px\" \/><\/a><figcaption id=\"caption-attachment-3106\" class=\"wp-caption-text\"> <\/figcaption><\/figure>\n<p>Byalagets guidade vandringar \u00e4r mycket uppskattade och som ni vet brukar vi f\u00f6rs\u00f6ka ha med en i varje programblad. P\u00e5 S\u00f6ndag (den 6\/9) \u00e4r det samling kl 13 vid gamla kyrkan. Denna g\u00e5ng \u00e4r det Gunnar i ryr som guidar. Vi ska g\u00e5 ca 6 km och det kan vara bra med st\u00f6vlar, eftersom det \u00e4r lite bl\u00f6tt p\u00e5 sina st\u00e4llen. Ta med fika, f\u00f6r vi stannar som vanligt och rastar p\u00e5 n\u00e5gon trevlig plats.<\/p>\n<p><strong>Alla \u00e4r hj\u00e4rtligt v\u00e4lkomna att f\u00f6lja med!<\/strong><\/p>\n","protected":false},"excerpt":{"rendered":"<p>Byalagets guidade vandringar \u00e4r mycket uppskattade och som ni vet brukar vi f\u00f6rs\u00f6ka ha med en i varje programblad. P\u00e5 S\u00f6ndag (den 6\/9) \u00e4r det samling kl 13 vid gamla kyrkan. Denna g\u00e5ng \u00e4r det Gunnar i ryr som guidar. Vi ska g\u00e5 ca 6 km och det kan vara bra med st\u00f6vlar, eftersom det&#8230;<\/p>\n","protected":false},"author":3,"featured_media":0,"comment_status":"open","ping_status":"open","sticky":false,"template":"","format":"standard","meta":{"_monsterinsights_skip_tracking":false,"_monsterinsights_sitenote_active":false,"_monsterinsights_sitenote_note":"","_monsterinsights_sitenote_category":0,"footnotes":""},"categories":[1],"tags":[],"class_list":["post-3105","post","type-post","status-publish","format-standard","hentry","category-aktuellt"],"_links":{"self":[{"href":"http:\/\/sundalsryr.se\/index.php?rest_route=\/wp\/v2\/posts\/3105"}],"collection":[{"href":"http:\/\/sundalsryr.se\/index.php?rest_route=\/wp\/v2\/posts"}],"about":[{"href":"http:\/\/sundalsryr.se\/index.php?rest_route=\/wp\/v2\/types\/post"}],"author":[{"embeddable":true,"href":"http:\/\/sundalsryr.se\/index.php?rest_route=\/wp\/v2\/users\/3"}],"replies":[{"embeddable":true,"href":"http:\/\/sundalsryr.se\/index.php?rest_route=%2Fwp%2Fv2%2Fcomments&post=3105"}],"version-history":[{"count":1,"href":"http:\/\/sundalsryr.se\/index.php?rest_route=\/wp\/v2\/posts\/3105\/revisions"}],"predecessor-version":[{"id":3107,"href":"http:\/\/sundalsryr.se\/index.php?rest_route=\/wp\/v2\/posts\/3105\/revisions\/3107"}],"wp:attachment":[{"href":"http:\/\/sundalsryr.se\/index.php?rest_route=%2Fwp%2Fv2%2Fmedia&parent=3105"}],"wp:term":[{"taxonomy":"category","embeddable":true,"href":"http:\/\/sundalsryr.se\/index.php?rest_route=%2Fwp%2Fv2%2Fcategories&post=3105"},{"taxonomy":"post_tag","embeddable":true,"href":"http:\/\/sundalsryr.se\/index.php?rest_route=%2Fwp%2Fv2%2Ftags&post=3105"}],"curies":[{"name":"wp","href":"https:\/\/api.w.org\/{rel}","templated":true}]}}