{"id":3108,"date":"2015-09-03T20:43:55","date_gmt":"2015-09-03T20:43:55","guid":{"rendered":"http:\/\/sundalsryr.se\/?p=3108"},"modified":"2015-09-03T20:43:55","modified_gmt":"2015-09-03T20:43:55","slug":"hor-upp-alla-foraldrar-och-barn","status":"publish","type":"post","link":"http:\/\/sundalsryr.se\/?p=3108","title":{"rendered":"H\u00f6r upp alla f\u00f6r\u00e4ldrar och barn!"},"content":{"rendered":"<figure id=\"attachment_3109\" aria-describedby=\"caption-attachment-3109\" style=\"width: 300px\" class=\"wp-caption alignleft\"><a href=\"http:\/\/sundalsryr.se\/wp-content\/uploads\/2015\/09\/IMG_0379.jpg\"><img loading=\"lazy\" decoding=\"async\" class=\"size-full wp-image-3109\" title=\"IMG_0379\" src=\"http:\/\/sundalsryr.se\/wp-content\/uploads\/2015\/09\/IMG_0379.jpg\" alt=\"\" width=\"300\" height=\"200\" \/><\/a><figcaption id=\"caption-attachment-3109\" class=\"wp-caption-text\"> <\/figcaption><\/figure>\n<p>Alla som bor i och runt Sundals ryr ska ha m\u00f6jlighet att l\u00e4ra k\u00e4nna varandra och knyta kontakter, vi ordnar d\u00e4rf\u00f6r en tr\u00e4ff f\u00f6r alla med sm\u00e5 eller stora barn, p\u00e5 Evenstorps g\u00e5rd torsdag den 10 september kl 15.00. Man kan fika och klappa sm\u00e5djur, prata, umg\u00e5s och kanske l\u00e4ra k\u00e4nna nya v\u00e4nner.<\/p>\n<p>S\u00e5 ta chansen och kom alla mammor, pappor och barn. V\u00e4nner kan man aldrig f\u00e5 f\u00f6r m\u00e5nga av!<\/p>\n<figure id=\"attachment_3110\" aria-describedby=\"caption-attachment-3110\" style=\"width: 311px\" class=\"wp-caption alignright\"><a href=\"http:\/\/sundalsryr.se\/wp-content\/uploads\/2015\/09\/IMG_0883.jpg\"><img loading=\"lazy\" decoding=\"async\" class=\"size-full wp-image-3110      \" title=\"IMG_0883\" src=\"http:\/\/sundalsryr.se\/wp-content\/uploads\/2015\/09\/IMG_0883.jpg\" alt=\"\" width=\"311\" height=\"233\" srcset=\"http:\/\/sundalsryr.se\/wp-content\/uploads\/2015\/09\/IMG_0883.jpg 4000w, http:\/\/sundalsryr.se\/wp-content\/uploads\/2015\/09\/IMG_0883-300x225.jpg 300w, http:\/\/sundalsryr.se\/wp-content\/uploads\/2015\/09\/IMG_0883-1024x768.jpg 1024w\" sizes=\"(max-width: 311px) 100vw, 311px\" \/><\/a><figcaption id=\"caption-attachment-3110\" class=\"wp-caption-text\"> <\/figcaption><\/figure>\n","protected":false},"excerpt":{"rendered":"<p>Alla som bor i och runt Sundals ryr ska ha m\u00f6jlighet att l\u00e4ra k\u00e4nna varandra och knyta kontakter, vi ordnar d\u00e4rf\u00f6r en tr\u00e4ff f\u00f6r alla med sm\u00e5 eller stora barn, p\u00e5 Evenstorps g\u00e5rd torsdag den 10 september kl 15.00. Man kan fika och klappa sm\u00e5djur, prata, umg\u00e5s och kanske l\u00e4ra k\u00e4nna nya v\u00e4nner. S\u00e5 ta&#8230;<\/p>\n","protected":false},"author":3,"featured_media":0,"comment_status":"open","ping_status":"open","sticky":false,"template":"","format":"standard","meta":{"_monsterinsights_skip_tracking":false,"_monsterinsights_sitenote_active":false,"_monsterinsights_sitenote_note":"","_monsterinsights_sitenote_category":0,"footnotes":""},"categories":[1],"tags":[],"class_list":["post-3108","post","type-post","status-publish","format-standard","hentry","category-aktuellt"],"_links":{"self":[{"href":"http:\/\/sundalsryr.se\/index.php?rest_route=\/wp\/v2\/posts\/3108"}],"collection":[{"href":"http:\/\/sundalsryr.se\/index.php?rest_route=\/wp\/v2\/posts"}],"about":[{"href":"http:\/\/sundalsryr.se\/index.php?rest_route=\/wp\/v2\/types\/post"}],"author":[{"embeddable":true,"href":"http:\/\/sundalsryr.se\/index.php?rest_route=\/wp\/v2\/users\/3"}],"replies":[{"embeddable":true,"href":"http:\/\/sundalsryr.se\/index.php?rest_route=%2Fwp%2Fv2%2Fcomments&post=3108"}],"version-history":[{"count":1,"href":"http:\/\/sundalsryr.se\/index.php?rest_route=\/wp\/v2\/posts\/3108\/revisions"}],"predecessor-version":[{"id":3111,"href":"http:\/\/sundalsryr.se\/index.php?rest_route=\/wp\/v2\/posts\/3108\/revisions\/3111"}],"wp:attachment":[{"href":"http:\/\/sundalsryr.se\/index.php?rest_route=%2Fwp%2Fv2%2Fmedia&parent=3108"}],"wp:term":[{"taxonomy":"category","embeddable":true,"href":"http:\/\/sundalsryr.se\/index.php?rest_route=%2Fwp%2Fv2%2Fcategories&post=3108"},{"taxonomy":"post_tag","embeddable":true,"href":"http:\/\/sundalsryr.se\/index.php?rest_route=%2Fwp%2Fv2%2Ftags&post=3108"}],"curies":[{"name":"wp","href":"https:\/\/api.w.org\/{rel}","templated":true}]}}