{"id":3112,"date":"2015-09-06T19:04:52","date_gmt":"2015-09-06T19:04:52","guid":{"rendered":"http:\/\/sundalsryr.se\/?p=3112"},"modified":"2017-04-23T11:01:23","modified_gmt":"2017-04-23T11:01:23","slug":"solig-hostvandring","status":"publish","type":"post","link":"http:\/\/sundalsryr.se\/?p=3112","title":{"rendered":"Solig h\u00f6stvandring"},"content":{"rendered":"<figure id=\"attachment_3113\" aria-describedby=\"caption-attachment-3113\" style=\"width: 300px\" class=\"wp-caption alignleft\"><a href=\"http:\/\/sundalsryr.se\/wp-content\/uploads\/2015\/09\/IMG_2932.jpg\"><img loading=\"lazy\" decoding=\"async\" class=\"size-medium wp-image-3113\" title=\"IMG_2932\" src=\"http:\/\/sundalsryr.se\/wp-content\/uploads\/2015\/09\/IMG_2932-300x300.jpg\" alt=\"\" width=\"300\" height=\"300\" srcset=\"http:\/\/sundalsryr.se\/wp-content\/uploads\/2015\/09\/IMG_2932-300x300.jpg 300w, http:\/\/sundalsryr.se\/wp-content\/uploads\/2015\/09\/IMG_2932-150x150.jpg 150w, http:\/\/sundalsryr.se\/wp-content\/uploads\/2015\/09\/IMG_2932-1024x1024.jpg 1024w\" sizes=\"(max-width: 300px) 100vw, 300px\" \/><\/a><figcaption id=\"caption-attachment-3113\" class=\"wp-caption-text\">H\u00f6ga berget<\/figcaption><\/figure>\n<p>I ett str\u00e5lande v\u00e4der tr\u00e4ffades ett 15-tal vandrare f\u00f6r att f\u00f6lja med Gunnar i Ryr p\u00e5 h\u00f6stens guidade vandring. Vi utgick fr\u00e5n Brolins g\u00e5rdsplan i Lers\u00e4ter och dagens m\u00e5l var bland annat att titta p\u00e5 tv\u00e5 intressanta gr\u00e4nsmarkeringar med namnen Hattesten och Tjuvakistan.<\/p>\n<figure id=\"attachment_3114\" aria-describedby=\"caption-attachment-3114\" style=\"width: 300px\" class=\"wp-caption alignright\"><a href=\"http:\/\/sundalsryr.se\/wp-content\/uploads\/2015\/09\/IMG_2941.jpg\"><img loading=\"lazy\" decoding=\"async\" class=\"size-medium wp-image-3114\" title=\"IMG_2941\" src=\"http:\/\/sundalsryr.se\/wp-content\/uploads\/2015\/09\/IMG_2941-300x300.jpg\" alt=\"\" width=\"300\" height=\"300\" srcset=\"http:\/\/sundalsryr.se\/wp-content\/uploads\/2015\/09\/IMG_2941-300x300.jpg 300w, http:\/\/sundalsryr.se\/wp-content\/uploads\/2015\/09\/IMG_2941-150x150.jpg 150w, http:\/\/sundalsryr.se\/wp-content\/uploads\/2015\/09\/IMG_2941-1024x1024.jpg 1024w\" sizes=\"(max-width: 300px) 100vw, 300px\" \/><\/a><figcaption id=\"caption-attachment-3114\" class=\"wp-caption-text\">Hattesten<\/figcaption><\/figure>\n<p>F\u00f6rsta anhalten var \u201dH\u00f6ga berget\u201d d\u00e4r vi konstaterade att allt \u00e4r relativt, f\u00f6r trots sitt namn \u00e4r berget inte s\u00e4rskilt h\u00f6gt, bara knappt ett tiotal meter h\u00f6gre \u00e4n omgivningen. Men \u00e4nd\u00e5 var det mycket popul\u00e4rt bland barnen i Lers\u00e4ters skola att \u00e5ka skidor och pulka h\u00e4r p\u00e5 vintrarna. V\u00e5r vandring fortsatte och vi kom fram till Hattestenen, en gr\u00e4nssten mellan Lers\u00e4ter och B\u00f6n, i litteraturen st\u00e5r den beskriven som en <span style=\"text-decoration: underline;\">mycket<\/span> stor sten, men precis som med h\u00f6ga berget kan storleken diskuteras. D\u00e4remot har den en ganska lustig form, med lite fantasi kan man l\u00e4tt f\u00e5 den att likna en hatt. P\u00e5 b\u00e5de denna och flera andra gr\u00e4nsstenar finns det en fyrkant inristad.<\/p>\n<figure id=\"attachment_3116\" aria-describedby=\"caption-attachment-3116\" style=\"width: 150px\" class=\"wp-caption alignleft\"><a href=\"http:\/\/sundalsryr.se\/wp-content\/uploads\/2015\/09\/IMG_29461.jpg\"><img loading=\"lazy\" decoding=\"async\" class=\"size-thumbnail wp-image-3116\" title=\"IMG_2946\" src=\"http:\/\/sundalsryr.se\/wp-content\/uploads\/2015\/09\/IMG_29461-150x150.jpg\" alt=\"\" width=\"150\" height=\"150\" srcset=\"http:\/\/sundalsryr.se\/wp-content\/uploads\/2015\/09\/IMG_29461-150x150.jpg 150w, http:\/\/sundalsryr.se\/wp-content\/uploads\/2015\/09\/IMG_29461-300x300.jpg 300w, http:\/\/sundalsryr.se\/wp-content\/uploads\/2015\/09\/IMG_29461-1024x1024.jpg 1024w\" sizes=\"(max-width: 150px) 100vw, 150px\" \/><\/a><figcaption id=\"caption-attachment-3116\" class=\"wp-caption-text\">Gr\u00e4nssten med inristad fyrkant<\/figcaption><\/figure>\n<p>Solen v\u00e4rmde, men vattnet klafsade b\u00e5de i och utanf\u00f6r v\u00e5ra skodon n\u00e4r vi gick vidare. G\u00e5rdagens kraftiga regn och det faktum att vi gick strax j\u00e4mte K\u00e4rrs-mosse undgick ingen. Men n\u00e4r vi kom fram till Tjuvakistan som \u00e4r en gr\u00e4ns mellan K\u00e4rr och Lers\u00e4ter, kunde vi sitta torrt och bekv\u00e4mt och njuta av v\u00e5rt fika. S\u00e4llan smakar det s\u00e5 gott som n\u00e4r man kan sitta ute i naturen. Tjuvakistan \u00e4r en spricka i berget som troligen f\u00e5tt sitt namn f\u00f6r att man n\u00e5gon g\u00e5ng f\u00f6r l\u00e4nge sedan g\u00f6mt n\u00e5got h\u00e4r. Det fanns inga skatter eller tjuvgods kvargl\u00f6mde i den, vad vi kunde se, bara vatten och n\u00e5gra kantiga stenar.<\/p>\n<figure id=\"attachment_3118\" aria-describedby=\"caption-attachment-3118\" style=\"width: 430px\" class=\"wp-caption alignright\"><a href=\"http:\/\/sundalsryr.se\/wp-content\/uploads\/2015\/09\/IMG_29491.jpg\"><img loading=\"lazy\" decoding=\"async\" class=\"size-large wp-image-3118 \" title=\"IMG_2949\" src=\"http:\/\/sundalsryr.se\/wp-content\/uploads\/2015\/09\/IMG_29491-1024x1024.jpg\" alt=\"\" width=\"430\" height=\"430\" srcset=\"http:\/\/sundalsryr.se\/wp-content\/uploads\/2015\/09\/IMG_29491-1024x1024.jpg 1024w, http:\/\/sundalsryr.se\/wp-content\/uploads\/2015\/09\/IMG_29491-150x150.jpg 150w, http:\/\/sundalsryr.se\/wp-content\/uploads\/2015\/09\/IMG_29491-300x300.jpg 300w\" sizes=\"(max-width: 430px) 100vw, 430px\" \/><\/a><figcaption id=\"caption-attachment-3118\" class=\"wp-caption-text\">Tjuvakistan<\/figcaption><\/figure>\n<p>P\u00e5 hemv\u00e4gen stannade vi vid flera gamla torp och fick av v\u00e5r f\u00f6rstklassige guide h\u00f6ra om sp\u00e4nnande och m\u00e4rkliga livs\u00f6den. En mycket sorglig h\u00e4ndelse intr\u00e4ffade \u00e5r 1903 p\u00e5 torpet Skogen d\u00e5 tv\u00e5 sm\u00e5 barn 2 och 5 \u00e5r gamla dog. F\u00f6r att spara p\u00e5 v\u00e4rmen inne i stugan t\u00e4ckte man delvis f\u00f6r r\u00f6kh\u00e5let i skorstenen vilket slutade \u00a0med att barnen kv\u00e4vdes av r\u00f6ken.<\/p>\n<figure id=\"attachment_3119\" aria-describedby=\"caption-attachment-3119\" style=\"width: 300px\" class=\"wp-caption alignleft\"><a href=\"http:\/\/sundalsryr.se\/wp-content\/uploads\/2015\/09\/IMG_2968.jpg\"><img loading=\"lazy\" decoding=\"async\" class=\"size-medium wp-image-3119\" title=\"IMG_2968\" src=\"http:\/\/sundalsryr.se\/wp-content\/uploads\/2015\/09\/IMG_2968-300x204.jpg\" alt=\"\" width=\"300\" height=\"204\" srcset=\"http:\/\/sundalsryr.se\/wp-content\/uploads\/2015\/09\/IMG_2968-300x204.jpg 300w, http:\/\/sundalsryr.se\/wp-content\/uploads\/2015\/09\/IMG_2968-1024x696.jpg 1024w, http:\/\/sundalsryr.se\/wp-content\/uploads\/2015\/09\/IMG_2968.jpg 1025w\" sizes=\"(max-width: 300px) 100vw, 300px\" \/><\/a><figcaption id=\"caption-attachment-3119\" class=\"wp-caption-text\">Gammal bild p\u00e5 torpet Skogen<\/figcaption><\/figure>\n<p>Wilhelmere kallades en liten g\u00e5rd p\u00e5 v\u00e4gen mellan Almerud och K\u00e4rrs mosse. Av g\u00e5rden finns inget f\u00f6rutom n\u00e5gra stenar kvar. H\u00e4r f\u00f6ddes \u00e5r 1857 Johan Wilhelm, g\u00e5rden var fattig s\u00e5 f\u00f6r att f\u00f6rs\u00f6rja sig arbetade och bodde han periodvis i v\u00e4derkvarnen i Lers\u00e4ter, d\u00e4r han hj\u00e4lpte till med att mala grynhavre. Johan f\u00f6rblev ogift och hade inga arvingar. Trots sin torftiga tillvaro donerade han n\u00e4r han dog \u00e5r 1933, pengar till de fina glasm\u00e5lningarna p\u00e5 korf\u00f6nstren i Sundals ryrs nya kyrka. Som tack l\u00e4t f\u00f6rsamlingen resa en gravsten p\u00e5 hans grav.<\/p>\n<figure id=\"attachment_3120\" aria-describedby=\"caption-attachment-3120\" style=\"width: 344px\" class=\"wp-caption alignright\"><a href=\"http:\/\/sundalsryr.se\/wp-content\/uploads\/2015\/09\/IMG_2951.jpg\"><img loading=\"lazy\" decoding=\"async\" class=\"size-large wp-image-3120 \" title=\"IMG_2951\" src=\"http:\/\/sundalsryr.se\/wp-content\/uploads\/2015\/09\/IMG_2951-1024x1024.jpg\" alt=\"\" width=\"344\" height=\"344\" srcset=\"http:\/\/sundalsryr.se\/wp-content\/uploads\/2015\/09\/IMG_2951-1024x1024.jpg 1024w, http:\/\/sundalsryr.se\/wp-content\/uploads\/2015\/09\/IMG_2951-150x150.jpg 150w, http:\/\/sundalsryr.se\/wp-content\/uploads\/2015\/09\/IMG_2951-300x300.jpg 300w\" sizes=\"(max-width: 344px) 100vw, 344px\" \/><\/a><figcaption id=\"caption-attachment-3120\" class=\"wp-caption-text\">Kafferast vi Tjuvakistan<\/figcaption><\/figure>\n<p>Efter en mycket trevlig och givande vandring tackade vi Gunnar och trots idel solsken \u00e4r jag ganska s\u00e4ker p\u00e5 att flera av oss fick \u00e5ka hem och torka strumporna, eftersom vi inte h\u00f6rsammat hans rekommendation om st\u00f6vlar \ud83d\ude42<\/p>\n","protected":false},"excerpt":{"rendered":"<p>I ett str\u00e5lande v\u00e4der tr\u00e4ffades ett 15-tal vandrare f\u00f6r att f\u00f6lja med Gunnar i Ryr p\u00e5 h\u00f6stens guidade vandring. Vi utgick fr\u00e5n Brolins g\u00e5rdsplan i Lers\u00e4ter och dagens m\u00e5l var bland annat att titta p\u00e5 tv\u00e5 intressanta gr\u00e4nsmarkeringar med namnen Hattesten och Tjuvakistan. F\u00f6rsta anhalten var \u201dH\u00f6ga berget\u201d d\u00e4r vi konstaterade att allt \u00e4r relativt,&#8230;<\/p>\n","protected":false},"author":3,"featured_media":0,"comment_status":"open","ping_status":"open","sticky":false,"template":"","format":"standard","meta":{"_monsterinsights_skip_tracking":false,"_monsterinsights_sitenote_active":false,"_monsterinsights_sitenote_note":"","_monsterinsights_sitenote_category":0,"footnotes":""},"categories":[1,15],"tags":[],"class_list":["post-3112","post","type-post","status-publish","format-standard","hentry","category-aktuellt","category-vandringar"],"_links":{"self":[{"href":"http:\/\/sundalsryr.se\/index.php?rest_route=\/wp\/v2\/posts\/3112"}],"collection":[{"href":"http:\/\/sundalsryr.se\/index.php?rest_route=\/wp\/v2\/posts"}],"about":[{"href":"http:\/\/sundalsryr.se\/index.php?rest_route=\/wp\/v2\/types\/post"}],"author":[{"embeddable":true,"href":"http:\/\/sundalsryr.se\/index.php?rest_route=\/wp\/v2\/users\/3"}],"replies":[{"embeddable":true,"href":"http:\/\/sundalsryr.se\/index.php?rest_route=%2Fwp%2Fv2%2Fcomments&post=3112"}],"version-history":[{"count":4,"href":"http:\/\/sundalsryr.se\/index.php?rest_route=\/wp\/v2\/posts\/3112\/revisions"}],"predecessor-version":[{"id":3896,"href":"http:\/\/sundalsryr.se\/index.php?rest_route=\/wp\/v2\/posts\/3112\/revisions\/3896"}],"wp:attachment":[{"href":"http:\/\/sundalsryr.se\/index.php?rest_route=%2Fwp%2Fv2%2Fmedia&parent=3112"}],"wp:term":[{"taxonomy":"category","embeddable":true,"href":"http:\/\/sundalsryr.se\/index.php?rest_route=%2Fwp%2Fv2%2Fcategories&post=3112"},{"taxonomy":"post_tag","embeddable":true,"href":"http:\/\/sundalsryr.se\/index.php?rest_route=%2Fwp%2Fv2%2Ftags&post=3112"}],"curies":[{"name":"wp","href":"https:\/\/api.w.org\/{rel}","templated":true}]}}