{"id":3137,"date":"2015-09-07T18:48:39","date_gmt":"2015-09-07T18:48:39","guid":{"rendered":"http:\/\/sundalsryr.se\/?p=3137"},"modified":"2015-09-07T18:48:39","modified_gmt":"2015-09-07T18:48:39","slug":"rally-pa-kroppefjall-2","status":"publish","type":"post","link":"http:\/\/sundalsryr.se\/?p=3137","title":{"rendered":"Rally p\u00e5 Kroppefj\u00e4ll"},"content":{"rendered":"<p>L\u00f6rdag den 12 september arrangerar Dals MK en rallyt\u00e4vling p\u00e5 fj\u00e4llet. Dep\u00e5n \u00e4r p\u00e5 Toppfrys i Br\u00e5landa och specialstr\u00e4ckan, som k\u00f6rs tv\u00e5<\/p>\n<figure id=\"attachment_3138\" aria-describedby=\"caption-attachment-3138\" style=\"width: 300px\" class=\"wp-caption alignright\"><a href=\"http:\/\/sundalsryr.se\/wp-content\/uploads\/2015\/09\/9801.jpg\"><img loading=\"lazy\" decoding=\"async\" class=\"size-medium wp-image-3138\" title=\"980\" src=\"http:\/\/sundalsryr.se\/wp-content\/uploads\/2015\/09\/9801-300x200.jpg\" alt=\"\" width=\"300\" height=\"200\" srcset=\"http:\/\/sundalsryr.se\/wp-content\/uploads\/2015\/09\/9801-300x200.jpg 300w, http:\/\/sundalsryr.se\/wp-content\/uploads\/2015\/09\/9801.jpg 980w\" sizes=\"(max-width: 300px) 100vw, 300px\" \/><\/a><figcaption id=\"caption-attachment-3138\" class=\"wp-caption-text\"> <\/figcaption><\/figure>\n<p>g\u00e5nger,g\u00e5r mellan V\u00e4stra Blekan och Bollungen. F\u00f6rsta start kl 11.00. T\u00e4vlingsv\u00e4gen \u00e4r avst\u00e4ngd s\u00e5 b\u00e4sta v\u00e4gen upp om man vill titta, \u00e4r S\u00f6dra Blekan-Snappan-Granan. Vid Fj\u00e4llg\u00e5rden kaffestugan Granan finns parkering och servering. Inomhus \u00e4r det sedvanlig servering av kaffe, sm\u00f6rg\u00e5s, glass, v\u00e5fflor mm och utomhus finns hamburgare och korv med br\u00f6d.<\/p>\n<p>Passa p\u00e5 och g\u00f6r en utflykt till ett fartfyllt evenemang !<\/p>\n","protected":false},"excerpt":{"rendered":"<p>L\u00f6rdag den 12 september arrangerar Dals MK en rallyt\u00e4vling p\u00e5 fj\u00e4llet. Dep\u00e5n \u00e4r p\u00e5 Toppfrys i Br\u00e5landa och specialstr\u00e4ckan, som k\u00f6rs tv\u00e5 g\u00e5nger,g\u00e5r mellan V\u00e4stra Blekan och Bollungen. F\u00f6rsta start kl 11.00. T\u00e4vlingsv\u00e4gen \u00e4r avst\u00e4ngd s\u00e5 b\u00e4sta v\u00e4gen upp om man vill titta, \u00e4r S\u00f6dra Blekan-Snappan-Granan. Vid Fj\u00e4llg\u00e5rden kaffestugan Granan finns parkering och servering. Inomhus&#8230;<\/p>\n","protected":false},"author":3,"featured_media":0,"comment_status":"open","ping_status":"open","sticky":false,"template":"","format":"standard","meta":{"_monsterinsights_skip_tracking":false,"_monsterinsights_sitenote_active":false,"_monsterinsights_sitenote_note":"","_monsterinsights_sitenote_category":0,"footnotes":""},"categories":[1],"tags":[],"class_list":["post-3137","post","type-post","status-publish","format-standard","hentry","category-aktuellt"],"_links":{"self":[{"href":"http:\/\/sundalsryr.se\/index.php?rest_route=\/wp\/v2\/posts\/3137"}],"collection":[{"href":"http:\/\/sundalsryr.se\/index.php?rest_route=\/wp\/v2\/posts"}],"about":[{"href":"http:\/\/sundalsryr.se\/index.php?rest_route=\/wp\/v2\/types\/post"}],"author":[{"embeddable":true,"href":"http:\/\/sundalsryr.se\/index.php?rest_route=\/wp\/v2\/users\/3"}],"replies":[{"embeddable":true,"href":"http:\/\/sundalsryr.se\/index.php?rest_route=%2Fwp%2Fv2%2Fcomments&post=3137"}],"version-history":[{"count":2,"href":"http:\/\/sundalsryr.se\/index.php?rest_route=\/wp\/v2\/posts\/3137\/revisions"}],"predecessor-version":[{"id":3140,"href":"http:\/\/sundalsryr.se\/index.php?rest_route=\/wp\/v2\/posts\/3137\/revisions\/3140"}],"wp:attachment":[{"href":"http:\/\/sundalsryr.se\/index.php?rest_route=%2Fwp%2Fv2%2Fmedia&parent=3137"}],"wp:term":[{"taxonomy":"category","embeddable":true,"href":"http:\/\/sundalsryr.se\/index.php?rest_route=%2Fwp%2Fv2%2Fcategories&post=3137"},{"taxonomy":"post_tag","embeddable":true,"href":"http:\/\/sundalsryr.se\/index.php?rest_route=%2Fwp%2Fv2%2Ftags&post=3137"}],"curies":[{"name":"wp","href":"https:\/\/api.w.org\/{rel}","templated":true}]}}