{"id":3227,"date":"2015-11-07T17:08:56","date_gmt":"2015-11-07T17:08:56","guid":{"rendered":"http:\/\/sundalsryr.se\/?p=3227"},"modified":"2015-11-07T17:08:56","modified_gmt":"2015-11-07T17:08:56","slug":"3227","status":"publish","type":"post","link":"http:\/\/sundalsryr.se\/?p=3227","title":{"rendered":""},"content":{"rendered":"<p style=\"text-align: center;\">\n<p style=\"text-align: center;\">\n<figure id=\"attachment_3226\" aria-describedby=\"caption-attachment-3226\" style=\"width: 1024px\" class=\"wp-caption aligncenter\"><a href=\"http:\/\/sundalsryr.se\/wp-content\/uploads\/2015\/11\/Frndberg.jpg\"><img loading=\"lazy\" decoding=\"async\" class=\"size-large wp-image-3226\" title=\"Frndberg\" src=\"http:\/\/sundalsryr.se\/wp-content\/uploads\/2015\/11\/Frndberg-1024x576.jpg\" alt=\"\" width=\"1024\" height=\"576\" srcset=\"http:\/\/sundalsryr.se\/wp-content\/uploads\/2015\/11\/Frndberg-1024x576.jpg 1024w, http:\/\/sundalsryr.se\/wp-content\/uploads\/2015\/11\/Frndberg-300x168.jpg 300w, http:\/\/sundalsryr.se\/wp-content\/uploads\/2015\/11\/Frndberg.jpg 1440w\" sizes=\"(max-width: 1024px) 100vw, 1024px\" \/><\/a><figcaption id=\"caption-attachment-3226\" class=\"wp-caption-text\"> <\/figcaption><\/figure>\n<p style=\"text-align: center;\"><strong>Ett liv med ardenner<\/strong><\/p>\n<p style=\"text-align: center;\">med och om <strong>Gun och<\/strong> <strong>Torsten Frendberg Br\u00e5landa<\/strong><\/p>\n<p style=\"text-align: center;\">1926 k\u00f6pte Torstens far f\u00f6rsta ardennern som Torsten fick k\u00f6ra.<\/p>\n<p style=\"text-align: center;\">D\u00e4refter fanns det ardenner i Fagerhult tills Torsten gick bort.<\/p>\n<p style=\"text-align: center;\">Vi f\u00f6ljer Gun och Torsten i deras vardag.<\/p>\n<p style=\"text-align: center;\">Filmen \u00e4r inspelad mellan \u00e5ren 2011- 2013<\/p>\n<p style=\"text-align: center;\">av Jan Andersson Troneberg Br\u00e5landa<\/p>\n<p style=\"text-align: center;\"><strong> <\/strong><\/p>\n<p style=\"text-align: center;\"><strong>V\u00e4lkomna till <\/strong><\/p>\n<p style=\"text-align: center;\"><strong>till\u00a0 SUNDALS RYRS F\u00d6RSAMLINGSHEM<\/strong><\/p>\n<p style=\"text-align: center;\"><strong>Tisdagen den 10 oktober kl.19oo<\/strong><\/p>\n<p style=\"text-align: center;\">Filmen \u00e4r 2 timmar l\u00e5ng, med servering i paus.<\/p>\n<p style=\"text-align: center;\">Entr\u00e9 80 kr barn under 15\u00e5r gratis.<\/p>\n<p style=\"text-align: center;\">Arrang\u00f6r: Sundals Ryrs byalag och LRF<\/p>\n","protected":false},"excerpt":{"rendered":"<p>Ett liv med ardenner med och om Gun och Torsten Frendberg Br\u00e5landa 1926 k\u00f6pte Torstens far f\u00f6rsta ardennern som Torsten fick k\u00f6ra. D\u00e4refter fanns det ardenner i Fagerhult tills Torsten gick bort. Vi f\u00f6ljer Gun och Torsten i deras vardag. Filmen \u00e4r inspelad mellan \u00e5ren 2011- 2013 av Jan Andersson Troneberg Br\u00e5landa V\u00e4lkomna till till\u00a0&#8230;<\/p>\n","protected":false},"author":3,"featured_media":0,"comment_status":"open","ping_status":"open","sticky":false,"template":"","format":"standard","meta":{"_monsterinsights_skip_tracking":false,"_monsterinsights_sitenote_active":false,"_monsterinsights_sitenote_note":"","_monsterinsights_sitenote_category":0,"footnotes":""},"categories":[1],"tags":[],"class_list":["post-3227","post","type-post","status-publish","format-standard","hentry","category-aktuellt"],"_links":{"self":[{"href":"http:\/\/sundalsryr.se\/index.php?rest_route=\/wp\/v2\/posts\/3227"}],"collection":[{"href":"http:\/\/sundalsryr.se\/index.php?rest_route=\/wp\/v2\/posts"}],"about":[{"href":"http:\/\/sundalsryr.se\/index.php?rest_route=\/wp\/v2\/types\/post"}],"author":[{"embeddable":true,"href":"http:\/\/sundalsryr.se\/index.php?rest_route=\/wp\/v2\/users\/3"}],"replies":[{"embeddable":true,"href":"http:\/\/sundalsryr.se\/index.php?rest_route=%2Fwp%2Fv2%2Fcomments&post=3227"}],"version-history":[{"count":2,"href":"http:\/\/sundalsryr.se\/index.php?rest_route=\/wp\/v2\/posts\/3227\/revisions"}],"predecessor-version":[{"id":3229,"href":"http:\/\/sundalsryr.se\/index.php?rest_route=\/wp\/v2\/posts\/3227\/revisions\/3229"}],"wp:attachment":[{"href":"http:\/\/sundalsryr.se\/index.php?rest_route=%2Fwp%2Fv2%2Fmedia&parent=3227"}],"wp:term":[{"taxonomy":"category","embeddable":true,"href":"http:\/\/sundalsryr.se\/index.php?rest_route=%2Fwp%2Fv2%2Fcategories&post=3227"},{"taxonomy":"post_tag","embeddable":true,"href":"http:\/\/sundalsryr.se\/index.php?rest_route=%2Fwp%2Fv2%2Ftags&post=3227"}],"curies":[{"name":"wp","href":"https:\/\/api.w.org\/{rel}","templated":true}]}}