{"id":3244,"date":"2015-11-26T19:26:47","date_gmt":"2015-11-26T19:26:47","guid":{"rendered":"http:\/\/sundalsryr.se\/?p=3244"},"modified":"2015-11-26T19:27:44","modified_gmt":"2015-11-26T19:27:44","slug":"lunch-med-jultema","status":"publish","type":"post","link":"http:\/\/sundalsryr.se\/?p=3244","title":{"rendered":"Lunch med jultema"},"content":{"rendered":"<figure id=\"attachment_3243\" aria-describedby=\"caption-attachment-3243\" style=\"width: 614px\" class=\"wp-caption aligncenter\"><a href=\"http:\/\/sundalsryr.se\/wp-content\/uploads\/2015\/11\/IMG_3150.jpg\"><img loading=\"lazy\" decoding=\"async\" class=\"size-large wp-image-3243 \" title=\"IMG_3150\" src=\"http:\/\/sundalsryr.se\/wp-content\/uploads\/2015\/11\/IMG_3150-1024x768.jpg\" alt=\"\" width=\"614\" height=\"461\" srcset=\"http:\/\/sundalsryr.se\/wp-content\/uploads\/2015\/11\/IMG_3150-1024x768.jpg 1024w, http:\/\/sundalsryr.se\/wp-content\/uploads\/2015\/11\/IMG_3150-300x225.jpg 300w\" sizes=\"(max-width: 614px) 100vw, 614px\" \/><\/a><figcaption id=\"caption-attachment-3243\" class=\"wp-caption-text\"> <\/figcaption><\/figure>\n<p>F\u00f6r drygt fyra \u00e5r sedan hade vi den f\u00f6rsta torsdagslunchen, det har under dessa \u00e5r varit en av byalagets mest uppskattade aktiviteter och hela tiden har intresset \u00f6kat. F\u00f6rsta g\u00e5ngen var vi 28, denna g\u00e5ng var vi drygt 50 som samlades och \u00e5t tillsammans. Det har blivit en tradition att ha jultema den sista lunchen under h\u00f6sten och denna g\u00e5ng var inget undantag. Sill, \u00e4gg, Jansons frestelse, k\u00f6ttbullar, prinskorv, r\u00f6dbetssallad mm stod p\u00e5 bordet och alla l\u00e4t sig v\u00e4l smaka.<\/p>\n<figure id=\"attachment_3248\" aria-describedby=\"caption-attachment-3248\" style=\"width: 300px\" class=\"wp-caption alignleft\"><a href=\"http:\/\/sundalsryr.se\/wp-content\/uploads\/2015\/11\/IMG_3146.jpg\"><img loading=\"lazy\" decoding=\"async\" class=\"size-medium wp-image-3248\" title=\"IMG_3146\" src=\"http:\/\/sundalsryr.se\/wp-content\/uploads\/2015\/11\/IMG_3146-300x277.jpg\" alt=\"\" width=\"300\" height=\"277\" srcset=\"http:\/\/sundalsryr.se\/wp-content\/uploads\/2015\/11\/IMG_3146-300x277.jpg 300w, http:\/\/sundalsryr.se\/wp-content\/uploads\/2015\/11\/IMG_3146-1024x946.jpg 1024w\" sizes=\"(max-width: 300px) 100vw, 300px\" \/><\/a><figcaption id=\"caption-attachment-3248\" class=\"wp-caption-text\"> <\/figcaption><\/figure>\n<p>Jag vill passa p\u00e5 att tacka alla g\u00e4ster som bes\u00f6kt luncherna, det \u00e4r s\u00e5 roligt att ni kommit och att ni visat er uppskattning. Syftet har inte varit att byalaget ska g\u00e5 med vinst och all matlagning och bakning har skett med helt ideella krafter, i st\u00e4llet har m\u00e5let varit att skapa trivsel och gemenskap. N\u00e4r man h\u00f6r alla prata, skratta och ha trevligt och dricka b\u00e5de p\u00e5t\u00e5r och tret\u00e5r kan man inte tycka annat \u00e4n att vi lyckats.<\/p>\n<figure id=\"attachment_3245\" aria-describedby=\"caption-attachment-3245\" style=\"width: 344px\" class=\"wp-caption alignright\"><a href=\"http:\/\/sundalsryr.se\/wp-content\/uploads\/2015\/11\/IMG_3145.jpg\"><img loading=\"lazy\" decoding=\"async\" class=\"size-large wp-image-3245   \" title=\"IMG_3145\" src=\"http:\/\/sundalsryr.se\/wp-content\/uploads\/2015\/11\/IMG_3145-1024x725.jpg\" alt=\"\" width=\"344\" height=\"244\" srcset=\"http:\/\/sundalsryr.se\/wp-content\/uploads\/2015\/11\/IMG_3145-1024x725.jpg 1024w, http:\/\/sundalsryr.se\/wp-content\/uploads\/2015\/11\/IMG_3145-300x212.jpg 300w\" sizes=\"(max-width: 344px) 100vw, 344px\" \/><\/a><figcaption id=\"caption-attachment-3245\" class=\"wp-caption-text\"> <\/figcaption><\/figure>\n<p>Ett stort tack \u00e4ven till alla som hj\u00e4lpt till med matlagning och bakning, utan er hade det inte blivit n\u00e5gra luncher. Stort tack till Sandra Olsson och Katarina Appelgren som dukat, lagat mat och diskat, men \u00e4ven till Emma Karlsson, Ingrid Nilsson och Marianne Gustavsson som funnits med p\u00e5 ett h\u00f6rn och hj\u00e4lpt till med f\u00f6rberedelserna.<\/p>\n<p>Nu tar vi en paus fr\u00e5n luncherna p\u00e5 obest\u00e4md tid. Kanske samlar vi kraft och kommer igen n\u00e5gon g\u00e5ng i framtiden, men under v\u00e5ren finns det inga torsdagsluncher med i programmet.<\/p>\n<p>\/Susanne Borss\u00e9n<\/p>\n","protected":false},"excerpt":{"rendered":"<p>F\u00f6r drygt fyra \u00e5r sedan hade vi den f\u00f6rsta torsdagslunchen, det har under dessa \u00e5r varit en av byalagets mest uppskattade aktiviteter och hela tiden har intresset \u00f6kat. F\u00f6rsta g\u00e5ngen var vi 28, denna g\u00e5ng var vi drygt 50 som samlades och \u00e5t tillsammans. Det har blivit en tradition att ha jultema den sista lunchen&#8230;<\/p>\n","protected":false},"author":3,"featured_media":0,"comment_status":"open","ping_status":"open","sticky":false,"template":"","format":"standard","meta":{"_monsterinsights_skip_tracking":false,"_monsterinsights_sitenote_active":false,"_monsterinsights_sitenote_note":"","_monsterinsights_sitenote_category":0,"footnotes":""},"categories":[1],"tags":[],"class_list":["post-3244","post","type-post","status-publish","format-standard","hentry","category-aktuellt"],"_links":{"self":[{"href":"http:\/\/sundalsryr.se\/index.php?rest_route=\/wp\/v2\/posts\/3244"}],"collection":[{"href":"http:\/\/sundalsryr.se\/index.php?rest_route=\/wp\/v2\/posts"}],"about":[{"href":"http:\/\/sundalsryr.se\/index.php?rest_route=\/wp\/v2\/types\/post"}],"author":[{"embeddable":true,"href":"http:\/\/sundalsryr.se\/index.php?rest_route=\/wp\/v2\/users\/3"}],"replies":[{"embeddable":true,"href":"http:\/\/sundalsryr.se\/index.php?rest_route=%2Fwp%2Fv2%2Fcomments&post=3244"}],"version-history":[{"count":10,"href":"http:\/\/sundalsryr.se\/index.php?rest_route=\/wp\/v2\/posts\/3244\/revisions"}],"predecessor-version":[{"id":3257,"href":"http:\/\/sundalsryr.se\/index.php?rest_route=\/wp\/v2\/posts\/3244\/revisions\/3257"}],"wp:attachment":[{"href":"http:\/\/sundalsryr.se\/index.php?rest_route=%2Fwp%2Fv2%2Fmedia&parent=3244"}],"wp:term":[{"taxonomy":"category","embeddable":true,"href":"http:\/\/sundalsryr.se\/index.php?rest_route=%2Fwp%2Fv2%2Fcategories&post=3244"},{"taxonomy":"post_tag","embeddable":true,"href":"http:\/\/sundalsryr.se\/index.php?rest_route=%2Fwp%2Fv2%2Ftags&post=3244"}],"curies":[{"name":"wp","href":"https:\/\/api.w.org\/{rel}","templated":true}]}}