{"id":3258,"date":"2015-11-30T19:52:39","date_gmt":"2015-11-30T19:52:39","guid":{"rendered":"http:\/\/sundalsryr.se\/?p=3258"},"modified":"2015-11-30T19:52:39","modified_gmt":"2015-11-30T19:52:39","slug":"tomterod-trotjanare","status":"publish","type":"post","link":"http:\/\/sundalsryr.se\/?p=3258","title":{"rendered":"Tomter\u00f6d trotj\u00e4nare"},"content":{"rendered":"<figure id=\"attachment_3259\" aria-describedby=\"caption-attachment-3259\" style=\"width: 717px\" class=\"wp-caption aligncenter\"><a href=\"http:\/\/sundalsryr.se\/wp-content\/uploads\/2015\/11\/IMG_3161.jpg\"><img loading=\"lazy\" decoding=\"async\" class=\"size-large wp-image-3259 \" title=\"IMG_3161\" src=\"http:\/\/sundalsryr.se\/wp-content\/uploads\/2015\/11\/IMG_3161-1024x945.jpg\" alt=\"\" width=\"717\" height=\"662\" srcset=\"http:\/\/sundalsryr.se\/wp-content\/uploads\/2015\/11\/IMG_3161-1024x945.jpg 1024w, http:\/\/sundalsryr.se\/wp-content\/uploads\/2015\/11\/IMG_3161-300x277.jpg 300w\" sizes=\"(max-width: 717px) 100vw, 717px\" \/><\/a><figcaption id=\"caption-attachment-3259\" class=\"wp-caption-text\"> <\/figcaption><\/figure>\n<p>I m\u00e5nga har byalaget haft en vagn med i tomtet\u00e5get och hela tiden har vi haft hj\u00e4lp av samma trotj\u00e4nare. Veterantraktorn som i alla v\u00e4der troget har st\u00e4llt upp och dragit vagnen med Sundals ryrs tomtenissar p\u00e5 Br\u00e5landas gator \u00e4r en vackert r\u00f6d <strong>Mc cormick International<\/strong>, av \u00e5rsmodell 64, med drygt 40 h\u00e4stkrafter som Bror Olsson i H\u00e4ljebyn k\u00f6pte ny \u00e5r 1964.<\/p>\n<p>Den k\u00f6ptes p\u00e5 Andrens j\u00e4rnhandel i Br\u00e5landa (l\u00e5g mitt emot cypressen). P\u00e5 den tiden s\u00e5ldes det m\u00e5nga av denna modell till lantbrukare runt om i trakten. Traktorerna kom d\u00e5 med t\u00e5g till Br\u00e5landa. Denna modell heter B 414, B betyder att den \u00e4r tillverkad i Storbritannien till skillnad mot D modellerna som \u00e4r tillverkad i Tyskland.<\/p>\n<figure id=\"attachment_3260\" aria-describedby=\"caption-attachment-3260\" style=\"width: 300px\" class=\"wp-caption alignright\"><a href=\"http:\/\/sundalsryr.se\/wp-content\/uploads\/2015\/11\/IMG_3164.jpg\"><img loading=\"lazy\" decoding=\"async\" class=\"size-medium wp-image-3260\" title=\"IMG_3164\" src=\"http:\/\/sundalsryr.se\/wp-content\/uploads\/2015\/11\/IMG_3164-300x277.jpg\" alt=\"\" width=\"300\" height=\"277\" srcset=\"http:\/\/sundalsryr.se\/wp-content\/uploads\/2015\/11\/IMG_3164-300x277.jpg 300w, http:\/\/sundalsryr.se\/wp-content\/uploads\/2015\/11\/IMG_3164-1024x948.jpg 1024w\" sizes=\"(max-width: 300px) 100vw, 300px\" \/><\/a><figcaption id=\"caption-attachment-3260\" class=\"wp-caption-text\"> <\/figcaption><\/figure>\n<p>Under \u00e5ren har det kommit st\u00f6rre och starkare traktorer som kan dra st\u00f6rre och mer effektkr\u00e4vande maskiner, men den lilla IH\u00b4n finns fortfarande kvar p\u00e5 g\u00e5rden i H\u00e4ljebyn. \u00a0Numera har den i stort sett bara tv\u00e5 uppdrag om \u00e5ret, veteranpl\u00f6jningen i Gestad och tomtet\u00e5get i Br\u00e5landa. Den \u00e4gs av Peter Olsson, men p\u00e5 tomtet\u00e5get k\u00f6rs den som vanligt av Gunnar. Precis som tidigare \u00e4r alla sm\u00e5tomtar v\u00e4lkomna att \u00e5ka med i vagnen som vi kallar \u201dbadkaret\u201d och vi vill g\u00e4rna att s\u00e5 m\u00e5nga vuxna tomtar som m\u00f6jligt g\u00e5r j\u00e4mte. Samling kl 15 vid v\u00e4gf\u00f6rvaltningen i Br\u00e5landa, (l\u00f6rdag den 5 dec).<\/p>\n<p>Men innan dess \u00e4r det uppladdning och pyntning av vagnen. P\u00e5 fredag kv\u00e4ll kl 18 tr\u00e4ffas vi f\u00f6r den sedvanliga gl\u00f6ggkv\u00e4llen hos fam Thorsson i Gunnersbyn. Var och en tar med mat och dryck till sig. Det finns m\u00f6jlighet till grillning. Tag ocks\u00e5 g\u00e4rna med granris f\u00f6r att pynta vagnen.<\/p>\n<p>V\u00e4lkomna!<\/p>\n","protected":false},"excerpt":{"rendered":"<p>I m\u00e5nga har byalaget haft en vagn med i tomtet\u00e5get och hela tiden har vi haft hj\u00e4lp av samma trotj\u00e4nare. Veterantraktorn som i alla v\u00e4der troget har st\u00e4llt upp och dragit vagnen med Sundals ryrs tomtenissar p\u00e5 Br\u00e5landas gator \u00e4r en vackert r\u00f6d Mc cormick International, av \u00e5rsmodell 64, med drygt 40 h\u00e4stkrafter som Bror&#8230;<\/p>\n","protected":false},"author":3,"featured_media":0,"comment_status":"open","ping_status":"open","sticky":false,"template":"","format":"standard","meta":{"_monsterinsights_skip_tracking":false,"_monsterinsights_sitenote_active":false,"_monsterinsights_sitenote_note":"","_monsterinsights_sitenote_category":0,"footnotes":""},"categories":[1],"tags":[],"class_list":["post-3258","post","type-post","status-publish","format-standard","hentry","category-aktuellt"],"_links":{"self":[{"href":"http:\/\/sundalsryr.se\/index.php?rest_route=\/wp\/v2\/posts\/3258"}],"collection":[{"href":"http:\/\/sundalsryr.se\/index.php?rest_route=\/wp\/v2\/posts"}],"about":[{"href":"http:\/\/sundalsryr.se\/index.php?rest_route=\/wp\/v2\/types\/post"}],"author":[{"embeddable":true,"href":"http:\/\/sundalsryr.se\/index.php?rest_route=\/wp\/v2\/users\/3"}],"replies":[{"embeddable":true,"href":"http:\/\/sundalsryr.se\/index.php?rest_route=%2Fwp%2Fv2%2Fcomments&post=3258"}],"version-history":[{"count":3,"href":"http:\/\/sundalsryr.se\/index.php?rest_route=\/wp\/v2\/posts\/3258\/revisions"}],"predecessor-version":[{"id":3263,"href":"http:\/\/sundalsryr.se\/index.php?rest_route=\/wp\/v2\/posts\/3258\/revisions\/3263"}],"wp:attachment":[{"href":"http:\/\/sundalsryr.se\/index.php?rest_route=%2Fwp%2Fv2%2Fmedia&parent=3258"}],"wp:term":[{"taxonomy":"category","embeddable":true,"href":"http:\/\/sundalsryr.se\/index.php?rest_route=%2Fwp%2Fv2%2Fcategories&post=3258"},{"taxonomy":"post_tag","embeddable":true,"href":"http:\/\/sundalsryr.se\/index.php?rest_route=%2Fwp%2Fv2%2Ftags&post=3258"}],"curies":[{"name":"wp","href":"https:\/\/api.w.org\/{rel}","templated":true}]}}