{"id":3289,"date":"2016-01-11T16:31:07","date_gmt":"2016-01-11T16:31:07","guid":{"rendered":"http:\/\/sundalsryr.se\/?p=3289"},"modified":"2016-01-11T16:32:52","modified_gmt":"2016-01-11T16:32:52","slug":"falukorv-gra-vardag-och-nyarsloften","status":"publish","type":"post","link":"http:\/\/sundalsryr.se\/?p=3289","title":{"rendered":"Falukorv, gr\u00e5 vardag och ny\u00e5rsl\u00f6ften"},"content":{"rendered":"<figure id=\"attachment_3288\" aria-describedby=\"caption-attachment-3288\" style=\"width: 1024px\" class=\"wp-caption aligncenter\"><a href=\"http:\/\/sundalsryr.se\/wp-content\/uploads\/2016\/01\/IMG_1858.jpg\"><img loading=\"lazy\" decoding=\"async\" class=\"size-large wp-image-3288\" title=\"IMG_1858\" src=\"http:\/\/sundalsryr.se\/wp-content\/uploads\/2016\/01\/IMG_1858-1024x546.jpg\" alt=\"\" width=\"1024\" height=\"546\" srcset=\"http:\/\/sundalsryr.se\/wp-content\/uploads\/2016\/01\/IMG_1858-1024x546.jpg 1024w, http:\/\/sundalsryr.se\/wp-content\/uploads\/2016\/01\/IMG_1858-300x160.jpg 300w\" sizes=\"(max-width: 1024px) 100vw, 1024px\" \/><\/a><figcaption id=\"caption-attachment-3288\" class=\"wp-caption-text\"> <\/figcaption><\/figure>\n<p>S\u00e5 var det d\u00e5 nytt \u00e5r och gener\u00f6sa december \u00e4r utbytt mot sn\u00e5la januari. Handlare som f\u00f6r bara n\u00e5gra veckor sedan lockade med r\u00f6kt lax och oxfil\u00e9 annonserar nu extrapris p\u00e5 blodpudding och falukorv. Tiderna skiftar och vi f\u00e5r h\u00e5lla tillgodo. Januari bjuder ocks\u00e5 p\u00e5 sn\u00f6, kalla vindar och isiga v\u00e4gar. Oxveckorna har b\u00f6rjat och det \u00e4r l\u00e5ngt till n\u00e4sta ledighet. Men de st\u00f6rsta hj\u00e4ltar \u00e4r de som klarar av den gr\u00e5 vardagen, s\u00e5 vi biter ihop, k\u00e4mpar p\u00e5 och f\u00f6rs\u00f6ker gl\u00e4djas \u00e5t det lilla.<\/p>\n<p>Den nya almanackan \u00f6ppnas och b\u00f6rjar fyllas p\u00e5. \u00a0F\u00f6rst \u00e4r det n\u00e4stan lite h\u00f6gtidligt med helt rena blad. Ett nytt \u00e5r med nya m\u00f6jligheter, dag efter dag som vi f\u00e5r ta f\u00f6r oss av efter b\u00e4sta f\u00f6rm\u00e5ga. Men sedan blir det vardag, tiden rullar p\u00e5 och vi gl\u00f6mmer att se det fantastiska i varje ny dag som kommer till oss.<\/p>\n<p>Kanske b\u00f6rjar vi \u00e5ngra ny\u00e5rsl\u00f6ftena. Tankar om att kilona \u00e4nd\u00e5 inte syns under tjocka vinterkl\u00e4der och att det \u00e4r l\u00e5ngt till bads\u00e4songen smyger sig p\u00e5, samtidigt som de d\u00e4r sista efterl\u00e4mnade pralinerna i julens chokladask ropar till oss \u2013\u201d\u00e4t mig, \u00e4t mig\u201d. Det \u00e4r l\u00e4tt att l\u00f6ftena b\u00f6rjar vackla. Varf\u00f6r ska just ett nytt \u00e5r inneb\u00e4ra nystart.\u00a0 \u00c4r det l\u00e4ttare att sluta r\u00f6ka eller b\u00f6rja springa den 1 januari \u00e4n en disig onsdag i november? Blir man en b\u00e4ttre m\u00e4nniska bara f\u00f6r att klockan sl\u00e5r 12 p\u00e5 ny\u00e5rsnatten? Knappast.<\/p>\n<p>Men ett \u00e5rsskifte \u00e4r en stark symbol f\u00f6r nystart och ingen \u00e4r s\u00e5 beundransv\u00e4rd som de som lyckas f\u00e5 bort de o\u00f6nskade kilona och aldrig l\u00e5ter dem komma tillbaka, de som dammar av vandrark\u00e4ngorna och aldrig l\u00e5ter dem bli dammiga igen, de som f\u00f6r alltid v\u00e4nder ryggen \u00e5t de lockande tobaksbolagen och inte l\u00e5ter sig lockas mer eller den som tar kontakt med en m\u00e4nniska p\u00e5 glid och aldrig l\u00e5ter henne glida igen.<\/p>\n<p>S\u00e5 k\u00e4mpa p\u00e5 med falukorven, den gr\u00e5 vardagen och ny\u00e5rsl\u00f6ftena.<\/p>\n<p>2016 kommer bli ett toppen\u00e5r!<\/p>\n<p>\/<strong>Susanne Borss\u00e9n<\/strong><\/p>\n","protected":false},"excerpt":{"rendered":"<p>S\u00e5 var det d\u00e5 nytt \u00e5r och gener\u00f6sa december \u00e4r utbytt mot sn\u00e5la januari. Handlare som f\u00f6r bara n\u00e5gra veckor sedan lockade med r\u00f6kt lax och oxfil\u00e9 annonserar nu extrapris p\u00e5 blodpudding och falukorv. Tiderna skiftar och vi f\u00e5r h\u00e5lla tillgodo. Januari bjuder ocks\u00e5 p\u00e5 sn\u00f6, kalla vindar och isiga v\u00e4gar. Oxveckorna har b\u00f6rjat och&#8230;<\/p>\n","protected":false},"author":3,"featured_media":0,"comment_status":"open","ping_status":"open","sticky":false,"template":"","format":"standard","meta":{"_monsterinsights_skip_tracking":false,"_monsterinsights_sitenote_active":false,"_monsterinsights_sitenote_note":"","_monsterinsights_sitenote_category":0,"footnotes":""},"categories":[1],"tags":[],"class_list":["post-3289","post","type-post","status-publish","format-standard","hentry","category-aktuellt"],"_links":{"self":[{"href":"http:\/\/sundalsryr.se\/index.php?rest_route=\/wp\/v2\/posts\/3289"}],"collection":[{"href":"http:\/\/sundalsryr.se\/index.php?rest_route=\/wp\/v2\/posts"}],"about":[{"href":"http:\/\/sundalsryr.se\/index.php?rest_route=\/wp\/v2\/types\/post"}],"author":[{"embeddable":true,"href":"http:\/\/sundalsryr.se\/index.php?rest_route=\/wp\/v2\/users\/3"}],"replies":[{"embeddable":true,"href":"http:\/\/sundalsryr.se\/index.php?rest_route=%2Fwp%2Fv2%2Fcomments&post=3289"}],"version-history":[{"count":2,"href":"http:\/\/sundalsryr.se\/index.php?rest_route=\/wp\/v2\/posts\/3289\/revisions"}],"predecessor-version":[{"id":3291,"href":"http:\/\/sundalsryr.se\/index.php?rest_route=\/wp\/v2\/posts\/3289\/revisions\/3291"}],"wp:attachment":[{"href":"http:\/\/sundalsryr.se\/index.php?rest_route=%2Fwp%2Fv2%2Fmedia&parent=3289"}],"wp:term":[{"taxonomy":"category","embeddable":true,"href":"http:\/\/sundalsryr.se\/index.php?rest_route=%2Fwp%2Fv2%2Fcategories&post=3289"},{"taxonomy":"post_tag","embeddable":true,"href":"http:\/\/sundalsryr.se\/index.php?rest_route=%2Fwp%2Fv2%2Ftags&post=3289"}],"curies":[{"name":"wp","href":"https:\/\/api.w.org\/{rel}","templated":true}]}}