{"id":3369,"date":"2016-03-12T15:57:52","date_gmt":"2016-03-12T15:57:52","guid":{"rendered":"http:\/\/sundalsryr.se\/?p=3369"},"modified":"2016-03-12T15:57:52","modified_gmt":"2016-03-12T15:57:52","slug":"arsmote-5","status":"publish","type":"post","link":"http:\/\/sundalsryr.se\/?p=3369","title":{"rendered":"\u00c5rsm\u00f6te"},"content":{"rendered":"<figure id=\"attachment_3370\" aria-describedby=\"caption-attachment-3370\" style=\"width: 300px\" class=\"wp-caption alignright\"><a href=\"http:\/\/sundalsryr.se\/wp-content\/uploads\/2016\/03\/biodling.jpg\"><img loading=\"lazy\" decoding=\"async\" class=\"size-medium wp-image-3370\" title=\"biodling\" src=\"http:\/\/sundalsryr.se\/wp-content\/uploads\/2016\/03\/biodling-300x179.jpg\" alt=\"\" width=\"300\" height=\"179\" srcset=\"http:\/\/sundalsryr.se\/wp-content\/uploads\/2016\/03\/biodling-300x179.jpg 300w, http:\/\/sundalsryr.se\/wp-content\/uploads\/2016\/03\/biodling.jpg 566w\" sizes=\"(max-width: 300px) 100vw, 300px\" \/><\/a><figcaption id=\"caption-attachment-3370\" class=\"wp-caption-text\"> <\/figcaption><\/figure>\n<p>P\u00e5 tisdag den 15e mars \u00e4r det \u00e5rsm\u00f6te kl 19,00 i f\u00f6rsamlingshemmet.<\/p>\n<p>Det blir:<\/p>\n<ul>\n<li>Sedvanliga \u00e5rsm\u00f6tesf\u00f6rhandlingar<\/li>\n<li>Per Ekvall fr\u00e5n Dalslands s\u00f6dra biodlarf\u00f6rening kommer och pratar om biodling.<\/li>\n<li>N\u00e5gra f\u00f6r\u00e4ldrar vill unders\u00f6ka m\u00f6jligheterna att starta upp f\u00f6rskola\/skola i sundals ryr och om intresse finns bildas vid \u00e5rsm\u00f6tet en grupp som driver fr\u00e5gan vidare.<\/li>\n<li>Byalaget firar 15-\u00e5r och bjuder p\u00e5 sm\u00f6rg\u00e5st\u00e5rta<\/li>\n<\/ul>\n<h1 style=\"text-align: center;\">V\u00e4lkomna!<\/h1>\n","protected":false},"excerpt":{"rendered":"<p>P\u00e5 tisdag den 15e mars \u00e4r det \u00e5rsm\u00f6te kl 19,00 i f\u00f6rsamlingshemmet. Det blir: Sedvanliga \u00e5rsm\u00f6tesf\u00f6rhandlingar Per Ekvall fr\u00e5n Dalslands s\u00f6dra biodlarf\u00f6rening kommer och pratar om biodling. N\u00e5gra f\u00f6r\u00e4ldrar vill unders\u00f6ka m\u00f6jligheterna att starta upp f\u00f6rskola\/skola i sundals ryr och om intresse finns bildas vid \u00e5rsm\u00f6tet en grupp som driver fr\u00e5gan vidare. Byalaget firar 15-\u00e5r&#8230;<\/p>\n","protected":false},"author":3,"featured_media":0,"comment_status":"open","ping_status":"open","sticky":false,"template":"","format":"standard","meta":{"_monsterinsights_skip_tracking":false,"_monsterinsights_sitenote_active":false,"_monsterinsights_sitenote_note":"","_monsterinsights_sitenote_category":0,"footnotes":""},"categories":[1],"tags":[],"class_list":["post-3369","post","type-post","status-publish","format-standard","hentry","category-aktuellt"],"_links":{"self":[{"href":"http:\/\/sundalsryr.se\/index.php?rest_route=\/wp\/v2\/posts\/3369"}],"collection":[{"href":"http:\/\/sundalsryr.se\/index.php?rest_route=\/wp\/v2\/posts"}],"about":[{"href":"http:\/\/sundalsryr.se\/index.php?rest_route=\/wp\/v2\/types\/post"}],"author":[{"embeddable":true,"href":"http:\/\/sundalsryr.se\/index.php?rest_route=\/wp\/v2\/users\/3"}],"replies":[{"embeddable":true,"href":"http:\/\/sundalsryr.se\/index.php?rest_route=%2Fwp%2Fv2%2Fcomments&post=3369"}],"version-history":[{"count":2,"href":"http:\/\/sundalsryr.se\/index.php?rest_route=\/wp\/v2\/posts\/3369\/revisions"}],"predecessor-version":[{"id":3372,"href":"http:\/\/sundalsryr.se\/index.php?rest_route=\/wp\/v2\/posts\/3369\/revisions\/3372"}],"wp:attachment":[{"href":"http:\/\/sundalsryr.se\/index.php?rest_route=%2Fwp%2Fv2%2Fmedia&parent=3369"}],"wp:term":[{"taxonomy":"category","embeddable":true,"href":"http:\/\/sundalsryr.se\/index.php?rest_route=%2Fwp%2Fv2%2Fcategories&post=3369"},{"taxonomy":"post_tag","embeddable":true,"href":"http:\/\/sundalsryr.se\/index.php?rest_route=%2Fwp%2Fv2%2Ftags&post=3369"}],"curies":[{"name":"wp","href":"https:\/\/api.w.org\/{rel}","templated":true}]}}