{"id":3388,"date":"2016-03-25T19:31:07","date_gmt":"2016-03-25T19:31:07","guid":{"rendered":"http:\/\/sundalsryr.se\/?p=3388"},"modified":"2016-03-25T19:31:07","modified_gmt":"2016-03-25T19:31:07","slug":"vafflor-och-stromavbrott","status":"publish","type":"post","link":"http:\/\/sundalsryr.se\/?p=3388","title":{"rendered":"V\u00e5fflor och str\u00f6mavbrott"},"content":{"rendered":"<p>Det blev en trevlig l\u00e5ngfredags eftermiddag p\u00e5 Fj\u00e4llg\u00e5rden Granan, inte mindre \u00e4n 56 v\u00e5ffelsugna bes\u00f6kare kom och l\u00e4t sig v\u00e4l smaka. Lite stressade blev dock k\u00f6kspersonalen n\u00e4r str\u00f6mmen helt pl\u00f6tsligt f\u00f6rsvann! Som tur var kom den tillbaka efter en stund och v\u00e5ffelj\u00e4rnen kunde \u00e5ter bli \u00a0varma.<\/p>\n<p>Vandringspriset till den som gjort n\u00e5got extra f\u00f6r aktivitetslederna kunde ocks\u00e5 \u00f6verl\u00e4mnas efter att det varit p\u00e5 gravering. Bosse Elofsson fick det med motiveringen \u201df\u00f6r ett stort och l\u00e5ngvarigt engagemang med leder och sp\u00e5r p\u00e5 Kroppefj\u00e4ll. Han r\u00f6jer gr\u00e4s och sly, markerar leder och h\u00e5ller ordning. En eldsj\u00e4l som verkar i det tysta. En som <em>g\u00f6r<\/em> det som vi andra i v\u00e5r l\u00e4ttsinnighet tror ska g\u00f6ra sig sj\u00e4lvt\u201d.<a href=\"http:\/\/sundalsryr.se\/wp-content\/uploads\/2016\/03\/IMG_3330-2.jpg\" rel=\"attachment wp-att-3392\"><img loading=\"lazy\" decoding=\"async\" class=\"wp-image-3392  alignright\" src=\"http:\/\/sundalsryr.se\/wp-content\/uploads\/2016\/03\/IMG_3330-2-225x300.jpg\" alt=\"IMG_3330\" width=\"265\" height=\"354\" srcset=\"http:\/\/sundalsryr.se\/wp-content\/uploads\/2016\/03\/IMG_3330-2-225x300.jpg 225w, http:\/\/sundalsryr.se\/wp-content\/uploads\/2016\/03\/IMG_3330-2-768x1024.jpg 768w\" sizes=\"(max-width: 265px) 100vw, 265px\" \/><\/a><\/p>\n<p><strong>En \u00e4ggstra fin p\u00e5sk \u00f6nskar byalaget till alla!<\/strong><\/p>\n","protected":false},"excerpt":{"rendered":"<p>Det blev en trevlig l\u00e5ngfredags eftermiddag p\u00e5 Fj\u00e4llg\u00e5rden Granan, inte mindre \u00e4n 56 v\u00e5ffelsugna bes\u00f6kare kom och l\u00e4t sig v\u00e4l smaka. Lite stressade blev dock k\u00f6kspersonalen n\u00e4r str\u00f6mmen helt pl\u00f6tsligt f\u00f6rsvann! Som tur var kom den tillbaka efter en stund och v\u00e5ffelj\u00e4rnen kunde \u00e5ter bli \u00a0varma. Vandringspriset till den som gjort n\u00e5got extra f\u00f6r aktivitetslederna&#8230;<\/p>\n","protected":false},"author":3,"featured_media":0,"comment_status":"open","ping_status":"open","sticky":false,"template":"","format":"standard","meta":{"_monsterinsights_skip_tracking":false,"_monsterinsights_sitenote_active":false,"_monsterinsights_sitenote_note":"","_monsterinsights_sitenote_category":0,"footnotes":""},"categories":[1],"tags":[],"class_list":["post-3388","post","type-post","status-publish","format-standard","hentry","category-aktuellt"],"_links":{"self":[{"href":"http:\/\/sundalsryr.se\/index.php?rest_route=\/wp\/v2\/posts\/3388"}],"collection":[{"href":"http:\/\/sundalsryr.se\/index.php?rest_route=\/wp\/v2\/posts"}],"about":[{"href":"http:\/\/sundalsryr.se\/index.php?rest_route=\/wp\/v2\/types\/post"}],"author":[{"embeddable":true,"href":"http:\/\/sundalsryr.se\/index.php?rest_route=\/wp\/v2\/users\/3"}],"replies":[{"embeddable":true,"href":"http:\/\/sundalsryr.se\/index.php?rest_route=%2Fwp%2Fv2%2Fcomments&post=3388"}],"version-history":[{"count":1,"href":"http:\/\/sundalsryr.se\/index.php?rest_route=\/wp\/v2\/posts\/3388\/revisions"}],"predecessor-version":[{"id":3393,"href":"http:\/\/sundalsryr.se\/index.php?rest_route=\/wp\/v2\/posts\/3388\/revisions\/3393"}],"wp:attachment":[{"href":"http:\/\/sundalsryr.se\/index.php?rest_route=%2Fwp%2Fv2%2Fmedia&parent=3388"}],"wp:term":[{"taxonomy":"category","embeddable":true,"href":"http:\/\/sundalsryr.se\/index.php?rest_route=%2Fwp%2Fv2%2Fcategories&post=3388"},{"taxonomy":"post_tag","embeddable":true,"href":"http:\/\/sundalsryr.se\/index.php?rest_route=%2Fwp%2Fv2%2Ftags&post=3388"}],"curies":[{"name":"wp","href":"https:\/\/api.w.org\/{rel}","templated":true}]}}