{"id":3398,"date":"2016-04-03T16:55:54","date_gmt":"2016-04-03T16:55:54","guid":{"rendered":"http:\/\/sundalsryr.se\/?p=3398"},"modified":"2016-04-03T16:55:54","modified_gmt":"2016-04-03T16:55:54","slug":"traff-med-knyttebarnen","status":"publish","type":"post","link":"http:\/\/sundalsryr.se\/?p=3398","title":{"rendered":"Tr\u00e4ff med knyttebarnen"},"content":{"rendered":"<p><a href=\"http:\/\/sundalsryr.se\/wp-content\/uploads\/2016\/04\/IMG_3375.jpg\" rel=\"attachment wp-att-3399\"><img loading=\"lazy\" decoding=\"async\" class=\"aligncenter wp-image-3399 \" src=\"http:\/\/sundalsryr.se\/wp-content\/uploads\/2016\/04\/IMG_3375-1024x768.jpg\" alt=\"IMG_3375\" width=\"773\" height=\"579\" srcset=\"http:\/\/sundalsryr.se\/wp-content\/uploads\/2016\/04\/IMG_3375-1024x768.jpg 1024w, http:\/\/sundalsryr.se\/wp-content\/uploads\/2016\/04\/IMG_3375-300x225.jpg 300w, http:\/\/sundalsryr.se\/wp-content\/uploads\/2016\/04\/IMG_3375-768x576.jpg 768w\" sizes=\"(max-width: 773px) 100vw, 773px\" \/><\/a><\/p>\n<p>Det var duggregn i luften, men det var absolut inget som hindrade Knyttebarnen att komma till Granan och tr\u00e4ffas f\u00f6r en stund i skogen en l\u00f6rdag i april. Tidigare har hemsidan skrivit om de st\u00f6rre barnen i Mulle och Str\u00f6vare, nu har turen kommit till de yngsta av friluftsfr\u00e4mjandets grupper-<strong>Knyttebarnen<\/strong>. De \u00e4r 3 till 4 \u00e5r och flera av dem har sin mamma eller pappa med.<\/p>\n<p>Det f\u00f6rsta som h\u00e4nder \u00e4r att barnen f\u00e5r en reflexv\u00e4st p\u00e5 sig s\u00e5 att ledarna l\u00e4tt ska kunna se alla, d\u00e4refter g\u00e5r vi iv\u00e4g till knytteplatsen. Det \u00e4r bara ett par hundra meter, men har man korta ben kan det \u00e4nd\u00e5 k\u00e4nnas l\u00e5ngt. N\u00e4r vi kommer fram tar alla barn plats i det mysiga vindskyddet. En av ledarna tar fram en massa burkar, varje barn har sin egen burk med sitt namn p\u00e5, i den samlar man fj\u00e4rilar i olika f\u00e4rger. Man f\u00e5r en fj\u00e4ril varje g\u00e5ng man \u00e4r med p\u00e5 Knytte. I dag f\u00e5r alla en gr\u00f6n. Det kan vara lite knepigt att skruva av locket p\u00e5 burken och blir ju inte l\u00e4ttare n\u00e4r man har vantar p\u00e5, men ledarna hj\u00e4lper t\u00e5lmodigt till s\u00e5 att alla fj\u00e4rilar och vantar till slut kommer r\u00e4tt.<\/p>\n<figure id=\"attachment_3400\" aria-describedby=\"caption-attachment-3400\" style=\"width: 363px\" class=\"wp-caption alignright\"><a href=\"http:\/\/sundalsryr.se\/wp-content\/uploads\/2016\/04\/IMG_3380.jpg\" rel=\"attachment wp-att-3400\"><img loading=\"lazy\" decoding=\"async\" class=\" wp-image-3400\" src=\"http:\/\/sundalsryr.se\/wp-content\/uploads\/2016\/04\/IMG_3380-300x225.jpg\" alt=\"Skr\u00e4ptanten ber\u00e4ttar hur man g\u00f6r papper\" width=\"363\" height=\"272\" srcset=\"http:\/\/sundalsryr.se\/wp-content\/uploads\/2016\/04\/IMG_3380-300x225.jpg 300w, http:\/\/sundalsryr.se\/wp-content\/uploads\/2016\/04\/IMG_3380-768x576.jpg 768w, http:\/\/sundalsryr.se\/wp-content\/uploads\/2016\/04\/IMG_3380-1024x768.jpg 1024w\" sizes=\"(max-width: 363px) 100vw, 363px\" \/><\/a><figcaption id=\"caption-attachment-3400\" class=\"wp-caption-text\">Skr\u00e4ptanten ber\u00e4ttar hur man g\u00f6r papper<\/figcaption><\/figure>\n<p>Nu \u00e4r det dags att leka. Utanf\u00f6r vindskyddet tar vi varandra i h\u00e4nderna och bildar en s\u00e5 liten ring vi kan. Sedan bl\u00e5ser vi som om vi skulle bl\u00e5sa upp en ballong, samtidigt som vi backar. Ringen blir st\u00f6rre och st\u00f6rre tills\u2026 \u201dpoff\u201d, den g\u00e5r s\u00f6nder och barnen ramlar skrattande i mossan. Just n\u00e4r vi ska bilda en ny ring kommer det bes\u00f6k. Det \u00e4r skr\u00e4ptanten som kommer. Hon ber\u00e4ttar att hon \u00e4r ute och g\u00e5r och att hon t\u00e4nkte sl\u00e4nga lite skr\u00e4p som hon vill bli av med. D\u00e5 protesterar barnen och ber\u00e4ttar f\u00f6r henne att det f\u00e5r man inte g\u00f6ra. Nu samlas alla i vindskyddet och skr\u00e4ptanten ber\u00e4ttar om papper. Hon har med sig olika sorter och visar skillnaden p\u00e5 tidningar, blankt papper och kartong. Papper g\u00f6r man av tr\u00e4 och om man l\u00e4gger anv\u00e4nt papper i \u00e5tervinningen kan man g\u00f6ra nytt papper av det igen! Barnen lyssnar och ber\u00e4ttar att man kan t\u00e4nda i pannan med papper ocks\u00e5.<\/p>\n<figure id=\"attachment_3401\" aria-describedby=\"caption-attachment-3401\" style=\"width: 363px\" class=\"wp-caption alignleft\"><a href=\"http:\/\/sundalsryr.se\/wp-content\/uploads\/2016\/04\/IMG_3382.jpg\" rel=\"attachment wp-att-3401\"><img loading=\"lazy\" decoding=\"async\" class=\"wp-image-3401 \" src=\"http:\/\/sundalsryr.se\/wp-content\/uploads\/2016\/04\/IMG_3382-300x238.jpg\" alt=\"Linn ber\u00e4ttar om ormar\" width=\"363\" height=\"288\" srcset=\"http:\/\/sundalsryr.se\/wp-content\/uploads\/2016\/04\/IMG_3382-300x238.jpg 300w, http:\/\/sundalsryr.se\/wp-content\/uploads\/2016\/04\/IMG_3382-768x610.jpg 768w, http:\/\/sundalsryr.se\/wp-content\/uploads\/2016\/04\/IMG_3382-1024x814.jpg 1024w\" sizes=\"(max-width: 363px) 100vw, 363px\" \/><\/a><figcaption id=\"caption-attachment-3401\" class=\"wp-caption-text\">Linn ber\u00e4ttar om ormar<\/figcaption><\/figure>\n<p>Sedan \u00e4r det dags f\u00f6r det som \u00e4r n\u00e4stan viktigast av allt \u2013fikastunden. Ur sina sm\u00e5 ryggs\u00e4ckar plockar de fram frukt eller sm\u00f6rg\u00e5s och n\u00e5got att dricka. Vi sitter d\u00e4r och \u00e4ter och pratar och har det v\u00e4ldigt trevligt. N\u00e4r alla \u00e4tit klart ber\u00e4ttar en av ledarna om ormar. Hon visar kort p\u00e5 de tre sorters som finns i Sverige och ber\u00e4ttar vad de \u00e4ter och vad man ska g\u00f6ra om man ser en orm. Sedan f\u00e5r alla gissa hur l\u00e5nga ormarna kan bli. De m\u00e5ttar med h\u00e4nderna och kommer faktiskt ganska n\u00e4ra n\u00e4r man j\u00e4mf\u00f6r med de tre olika sn\u00f6rena som \u201dfr\u00f6ken\u201d har med f\u00f6r att visa hur l\u00e5nga de Svenska ormarna kan bli. Men sedan finns det ett sn\u00f6re till, ett j\u00e4ttel\u00e5ngt! Det representerar v\u00e4rlden l\u00e4ngsta orm, n\u00e4tpyton, alla knyttebarn hj\u00e4lps \u00e5t att dra ut det 6 meter l\u00e5nga sn\u00f6ret. Till sist fr\u00e5gar hon om de kom ih\u00e5g vad man skulle g\u00f6ra om man ser en orm och alla barnen har full koll, inte r\u00f6ra den, g\u00e5 d\u00e4rifr\u00e5n och s\u00e4ga till en vuxen.<\/p>\n<figure id=\"attachment_3402\" aria-describedby=\"caption-attachment-3402\" style=\"width: 300px\" class=\"wp-caption alignright\"><a href=\"http:\/\/sundalsryr.se\/wp-content\/uploads\/2016\/04\/IMG_3386.jpg\" rel=\"attachment wp-att-3402\"><img loading=\"lazy\" decoding=\"async\" class=\"size-medium wp-image-3402\" src=\"http:\/\/sundalsryr.se\/wp-content\/uploads\/2016\/04\/IMG_3386-300x225.jpg\" alt=\"Alla barn hj\u00e4lps \u00e5r med det l\u00e4ngsta orm-sn\u00f6ret\" width=\"300\" height=\"225\" srcset=\"http:\/\/sundalsryr.se\/wp-content\/uploads\/2016\/04\/IMG_3386-300x225.jpg 300w, http:\/\/sundalsryr.se\/wp-content\/uploads\/2016\/04\/IMG_3386-768x576.jpg 768w, http:\/\/sundalsryr.se\/wp-content\/uploads\/2016\/04\/IMG_3386-1024x768.jpg 1024w\" sizes=\"(max-width: 300px) 100vw, 300px\" \/><\/a><figcaption id=\"caption-attachment-3402\" class=\"wp-caption-text\">Alla barn hj\u00e4lps \u00e5r med det l\u00e4ngsta orm-sn\u00f6ret<\/figcaption><\/figure>\n<p>Nu \u00e4r det dags f\u00f6r lek ingen. Bj\u00f6rnen sover, bj\u00f6rnen sover i sitt lugna bo\u2026 allt eftersom alla blir tagna blir det fler och fler bj\u00f6rnar som sover i ringen och sv\u00e5rare och sv\u00e5rare att klara sig undan dem. N\u00e4r alla blivit tagna byter vi lek. Ledarna st\u00e5r i var sin \u00e4nda och ropar \u201dkom alla mina knyttebarn\u201d, som vad d\u00e5? fr\u00e5gar barnen. Som \u00e4lgar, svarar fr\u00f6ken och alla barn lufsar som \u00e4lgar. N\u00e4sta g\u00e5ng blir det som harar, sedan som ormar, barnen f\u00e5r vara med och best\u00e4mma vilket djur man ska vara och det blir b\u00e5de kor, m\u00f6ss och grodor innan alla \u00e4r n\u00f6jda.<\/p>\n<p>En och en halv timma g\u00e5r fort n\u00e4r man har roligt. Det \u00e4r dags att g\u00e5 tillbaka till skidstugan och s\u00e4ga hej d\u00e5. Det har varit en riktigt rolig och l\u00e4rorik dag i skogen och man kan mycket v\u00e4l f\u00f6rst\u00e5 att det kommer barn fr\u00e5n b\u00e5de n\u00e4r och fj\u00e4rran, f\u00f6r att vara med i friluftsfr\u00e4mjandets grupper p\u00e5 Granan. De proffsiga ledarna \u00e4r s\u00e5 p\u00e5hittiga och varvar lek och allvar p\u00e5 ett j\u00e4ttefint s\u00e4tt.<\/p>\n<p><a href=\"http:\/\/sundalsryr.se\/wp-content\/uploads\/2016\/04\/IMG_3388.jpg\" rel=\"attachment wp-att-3403\"><img loading=\"lazy\" decoding=\"async\" class=\"aligncenter wp-image-3403 \" src=\"http:\/\/sundalsryr.se\/wp-content\/uploads\/2016\/04\/IMG_3388-300x250.jpg\" alt=\"IMG_3388\" width=\"449\" height=\"374\" srcset=\"http:\/\/sundalsryr.se\/wp-content\/uploads\/2016\/04\/IMG_3388-300x250.jpg 300w, http:\/\/sundalsryr.se\/wp-content\/uploads\/2016\/04\/IMG_3388-768x641.jpg 768w, http:\/\/sundalsryr.se\/wp-content\/uploads\/2016\/04\/IMG_3388-1024x854.jpg 1024w\" sizes=\"(max-width: 449px) 100vw, 449px\" \/><\/a><\/p>\n<p><strong>Den 17 april \u00e4r det Mulles dag. Mellan kl 11-13 \u00e4r alla barn och deras f\u00f6r\u00e4ldrar v\u00e4lkomna till skidstugan p\u00e5 Granan f\u00f6r att tr\u00e4ffa mulle och hans v\u00e4nner och l\u00e4ra sig mer om naturen.<\/strong><\/p>\n<p>\/Susanne Borss\u00e9n<\/p>\n","protected":false},"excerpt":{"rendered":"<p>Det var duggregn i luften, men det var absolut inget som hindrade Knyttebarnen att komma till Granan och tr\u00e4ffas f\u00f6r en stund i skogen en l\u00f6rdag i april. Tidigare har hemsidan skrivit om de st\u00f6rre barnen i Mulle och Str\u00f6vare, nu har turen kommit till de yngsta av friluftsfr\u00e4mjandets grupper-Knyttebarnen. De \u00e4r 3 till 4&#8230;<\/p>\n","protected":false},"author":3,"featured_media":0,"comment_status":"open","ping_status":"open","sticky":false,"template":"","format":"standard","meta":{"_monsterinsights_skip_tracking":false,"_monsterinsights_sitenote_active":false,"_monsterinsights_sitenote_note":"","_monsterinsights_sitenote_category":0,"footnotes":""},"categories":[1],"tags":[],"class_list":["post-3398","post","type-post","status-publish","format-standard","hentry","category-aktuellt"],"_links":{"self":[{"href":"http:\/\/sundalsryr.se\/index.php?rest_route=\/wp\/v2\/posts\/3398"}],"collection":[{"href":"http:\/\/sundalsryr.se\/index.php?rest_route=\/wp\/v2\/posts"}],"about":[{"href":"http:\/\/sundalsryr.se\/index.php?rest_route=\/wp\/v2\/types\/post"}],"author":[{"embeddable":true,"href":"http:\/\/sundalsryr.se\/index.php?rest_route=\/wp\/v2\/users\/3"}],"replies":[{"embeddable":true,"href":"http:\/\/sundalsryr.se\/index.php?rest_route=%2Fwp%2Fv2%2Fcomments&post=3398"}],"version-history":[{"count":4,"href":"http:\/\/sundalsryr.se\/index.php?rest_route=\/wp\/v2\/posts\/3398\/revisions"}],"predecessor-version":[{"id":3407,"href":"http:\/\/sundalsryr.se\/index.php?rest_route=\/wp\/v2\/posts\/3398\/revisions\/3407"}],"wp:attachment":[{"href":"http:\/\/sundalsryr.se\/index.php?rest_route=%2Fwp%2Fv2%2Fmedia&parent=3398"}],"wp:term":[{"taxonomy":"category","embeddable":true,"href":"http:\/\/sundalsryr.se\/index.php?rest_route=%2Fwp%2Fv2%2Fcategories&post=3398"},{"taxonomy":"post_tag","embeddable":true,"href":"http:\/\/sundalsryr.se\/index.php?rest_route=%2Fwp%2Fv2%2Ftags&post=3398"}],"curies":[{"name":"wp","href":"https:\/\/api.w.org\/{rel}","templated":true}]}}