{"id":3437,"date":"2016-04-25T17:17:42","date_gmt":"2016-04-25T17:17:42","guid":{"rendered":"http:\/\/sundalsryr.se\/?p=3437"},"modified":"2017-04-25T18:09:39","modified_gmt":"2017-04-25T18:09:39","slug":"varfesten","status":"publish","type":"post","link":"http:\/\/sundalsryr.se\/?p=3437","title":{"rendered":"V\u00e5rfesten"},"content":{"rendered":"<figure id=\"attachment_3440\" aria-describedby=\"caption-attachment-3440\" style=\"width: 610px\" class=\"wp-caption aligncenter\"><a href=\"http:\/\/sundalsryr.se\/wp-content\/uploads\/2016\/04\/IMG_3845.jpg\" rel=\"attachment wp-att-3440\"><img loading=\"lazy\" decoding=\"async\" class=\" wp-image-3440\" src=\"http:\/\/sundalsryr.se\/wp-content\/uploads\/2016\/04\/IMG_3845-1024x768.jpg\" alt=\"Stinsen och en av hans beundrarinnor\" width=\"610\" height=\"457\" srcset=\"http:\/\/sundalsryr.se\/wp-content\/uploads\/2016\/04\/IMG_3845-1024x768.jpg 1024w, http:\/\/sundalsryr.se\/wp-content\/uploads\/2016\/04\/IMG_3845-300x225.jpg 300w, http:\/\/sundalsryr.se\/wp-content\/uploads\/2016\/04\/IMG_3845-768x576.jpg 768w\" sizes=\"(max-width: 610px) 100vw, 610px\" \/><\/a><figcaption id=\"caption-attachment-3440\" class=\"wp-caption-text\">Stinsen och en av hans beundrarinnor<\/figcaption><\/figure>\n<p>I drygt 20 \u00e5r har de sjungit och showat till v\u00e5rens \u00e4ra och som vanligt var det fullsatt i f\u00f6rsamlingshemmet i \u00e5r ocks\u00e5. P\u00e5 sedvanligt s\u00e4tt fick bes\u00f6karna f\u00f6rst ta del av sk\u00f6ns\u00e5ng framf\u00f6rd av k\u00f6ren under kantor Barbro Magnussons ledning. S\u00e4kert var det m\u00e5nga som k\u00e4nde en rysning av v\u00e4lbehag, b\u00e5de \u00f6ver den vackra och m\u00e4ktiga s\u00e5ngen och \u00f6ver det h\u00e4rliga som nu ligger framf\u00f6r oss n\u00e4r v\u00e5ren \u00e4r i ant\u00e5gande.<\/p>\n<figure id=\"attachment_3438\" aria-describedby=\"caption-attachment-3438\" style=\"width: 300px\" class=\"wp-caption alignright\"><a href=\"http:\/\/sundalsryr.se\/wp-content\/uploads\/2016\/04\/IMG_3836.jpg\" rel=\"attachment wp-att-3438\"><img loading=\"lazy\" decoding=\"async\" class=\"wp-image-3438 size-medium\" src=\"http:\/\/sundalsryr.se\/wp-content\/uploads\/2016\/04\/IMG_3836-300x225.jpg\" alt=\"Marjukka Sagesj\u00f6 h\u00f6ll \u00e5rets v\u00e5rtal\" width=\"300\" height=\"225\" srcset=\"http:\/\/sundalsryr.se\/wp-content\/uploads\/2016\/04\/IMG_3836-300x225.jpg 300w, http:\/\/sundalsryr.se\/wp-content\/uploads\/2016\/04\/IMG_3836-768x576.jpg 768w, http:\/\/sundalsryr.se\/wp-content\/uploads\/2016\/04\/IMG_3836-1024x768.jpg 1024w\" sizes=\"(max-width: 300px) 100vw, 300px\" \/><\/a><figcaption id=\"caption-attachment-3438\" class=\"wp-caption-text\">Marjukka Sagesj\u00f6 h\u00f6ll \u00e5rets v\u00e5rtal<\/figcaption><\/figure>\n<p>Sedan var det \u00e5rets v\u00e5rtalare Marjukka Sagesj\u00f6s tur. I ett fint tal hyllade hon v\u00e5ren och ber\u00e4ttade bland annat om vad som kan h\u00e4nda p\u00e5 en vanlig hundpromenad. Ni som f\u00f6ljer inl\u00e4ggen h\u00e4r p\u00e5 hemsidan vet f\u00f6rst\u00e5s att vi ibland har f\u00f6rm\u00e5nen att f\u00e5 ta del av Marjukkas m\u00e5lande texter. D\u00e4refter var det dags f\u00f6r kaffe med dopp och dragning i lotterierna.<\/p>\n<figure id=\"attachment_3439\" aria-describedby=\"caption-attachment-3439\" style=\"width: 425px\" class=\"wp-caption alignleft\"><a href=\"http:\/\/sundalsryr.se\/wp-content\/uploads\/2016\/04\/IMG_3874_1.jpg\" rel=\"attachment wp-att-3439\"><img loading=\"lazy\" decoding=\"async\" class=\" wp-image-3439\" src=\"http:\/\/sundalsryr.se\/wp-content\/uploads\/2016\/04\/IMG_3874_1-300x225.jpg\" alt=\"Tre snygga &quot;damer&quot; som kommit med t\u00e5get fr\u00e5n Ullared\" width=\"425\" height=\"319\" srcset=\"http:\/\/sundalsryr.se\/wp-content\/uploads\/2016\/04\/IMG_3874_1-300x225.jpg 300w, http:\/\/sundalsryr.se\/wp-content\/uploads\/2016\/04\/IMG_3874_1-768x576.jpg 768w, http:\/\/sundalsryr.se\/wp-content\/uploads\/2016\/04\/IMG_3874_1-1024x768.jpg 1024w\" sizes=\"(max-width: 425px) 100vw, 425px\" \/><\/a><figcaption id=\"caption-attachment-3439\" class=\"wp-caption-text\">Tre snygga &#8221;damer&#8221; som kommit med t\u00e5get fr\u00e5n Ullared<\/figcaption><\/figure>\n<p>&nbsp;<\/p>\n<p>&nbsp;<\/p>\n<p>&nbsp;<\/p>\n<p>&nbsp;<\/p>\n<p>&nbsp;<\/p>\n<p>Ingen har v\u00e4l missat att Br\u00e5landa i flera \u00e5r f\u00f6rs\u00f6kt f\u00e5 till att t\u00e5gen ska stanna p\u00e5 Br\u00e5landa station, men i \u00e5rets v\u00e5rfest \u00e4r det ist\u00e4llet i \u00c5rbol som t\u00e5gen stannar! Egentligen \u00e4r det inte konstigt eftersom d\u00e4r jobbar en s\u00e5\u00e5\u00e5 stilig alltiallo \u201dkondukt\u00f6r\/ biljettf\u00f6rs\u00e4ljare \/stins\/kioskf\u00f6rs\u00e4ljare\u201d. Beundrarinnorna flockas men stinsen fattar inte riktigt vinken\u2026\u00a0 Samtidigt som t\u00e5gen kommer och g\u00e5r p\u00e5 den dubbelsp\u00e5riga j\u00e4rnv\u00e4gen\u00a0 och bussarna avg\u00e5r varje halvtimma f\u00e5r vi ta del av alla sjungande passagerare som passerar.<\/p>\n<p><a href=\"http:\/\/sundalsryr.se\/wp-content\/uploads\/2016\/04\/IMG_3842.jpg\" rel=\"attachment wp-att-3441\"><img loading=\"lazy\" decoding=\"async\" class=\"aligncenter  wp-image-3441\" src=\"http:\/\/sundalsryr.se\/wp-content\/uploads\/2016\/04\/IMG_3842-1024x768.jpg\" alt=\"IMG_3842\" width=\"798\" height=\"599\" srcset=\"http:\/\/sundalsryr.se\/wp-content\/uploads\/2016\/04\/IMG_3842-1024x768.jpg 1024w, http:\/\/sundalsryr.se\/wp-content\/uploads\/2016\/04\/IMG_3842-300x225.jpg 300w, http:\/\/sundalsryr.se\/wp-content\/uploads\/2016\/04\/IMG_3842-768x576.jpg 768w\" sizes=\"(max-width: 798px) 100vw, 798px\" \/><\/a><\/p>\n<p>\u00c4n en g\u00e5ng har k\u00f6ren levererat en mycket underh\u00e5llande v\u00e5rfest!<\/p>\n<p>\/Susanne Borss\u00e9n<\/p>\n<p>Alla kort \u00e4r tagna av Per-Olof Gustavsson<\/p>\n","protected":false},"excerpt":{"rendered":"<p>I drygt 20 \u00e5r har de sjungit och showat till v\u00e5rens \u00e4ra och som vanligt var det fullsatt i f\u00f6rsamlingshemmet i \u00e5r ocks\u00e5. P\u00e5 sedvanligt s\u00e4tt fick bes\u00f6karna f\u00f6rst ta del av sk\u00f6ns\u00e5ng framf\u00f6rd av k\u00f6ren under kantor Barbro Magnussons ledning. S\u00e4kert var det m\u00e5nga som k\u00e4nde en rysning av v\u00e4lbehag, b\u00e5de \u00f6ver den vackra&#8230;<\/p>\n","protected":false},"author":3,"featured_media":0,"comment_status":"open","ping_status":"open","sticky":false,"template":"","format":"standard","meta":{"_monsterinsights_skip_tracking":false,"_monsterinsights_sitenote_active":false,"_monsterinsights_sitenote_note":"","_monsterinsights_sitenote_category":0,"footnotes":""},"categories":[1,16],"tags":[],"class_list":["post-3437","post","type-post","status-publish","format-standard","hentry","category-aktuellt","category-varfester"],"_links":{"self":[{"href":"http:\/\/sundalsryr.se\/index.php?rest_route=\/wp\/v2\/posts\/3437"}],"collection":[{"href":"http:\/\/sundalsryr.se\/index.php?rest_route=\/wp\/v2\/posts"}],"about":[{"href":"http:\/\/sundalsryr.se\/index.php?rest_route=\/wp\/v2\/types\/post"}],"author":[{"embeddable":true,"href":"http:\/\/sundalsryr.se\/index.php?rest_route=\/wp\/v2\/users\/3"}],"replies":[{"embeddable":true,"href":"http:\/\/sundalsryr.se\/index.php?rest_route=%2Fwp%2Fv2%2Fcomments&post=3437"}],"version-history":[{"count":2,"href":"http:\/\/sundalsryr.se\/index.php?rest_route=\/wp\/v2\/posts\/3437\/revisions"}],"predecessor-version":[{"id":3443,"href":"http:\/\/sundalsryr.se\/index.php?rest_route=\/wp\/v2\/posts\/3437\/revisions\/3443"}],"wp:attachment":[{"href":"http:\/\/sundalsryr.se\/index.php?rest_route=%2Fwp%2Fv2%2Fmedia&parent=3437"}],"wp:term":[{"taxonomy":"category","embeddable":true,"href":"http:\/\/sundalsryr.se\/index.php?rest_route=%2Fwp%2Fv2%2Fcategories&post=3437"},{"taxonomy":"post_tag","embeddable":true,"href":"http:\/\/sundalsryr.se\/index.php?rest_route=%2Fwp%2Fv2%2Ftags&post=3437"}],"curies":[{"name":"wp","href":"https:\/\/api.w.org\/{rel}","templated":true}]}}