{"id":3493,"date":"2016-05-28T16:33:27","date_gmt":"2016-05-28T16:33:27","guid":{"rendered":"http:\/\/sundalsryr.se\/?p=3493"},"modified":"2016-05-29T20:41:07","modified_gmt":"2016-05-29T20:41:07","slug":"sasongsavslutning-for-bokcirkeln","status":"publish","type":"post","link":"http:\/\/sundalsryr.se\/?p=3493","title":{"rendered":"S\u00e4songsavslutning f\u00f6r bokcirkeln"},"content":{"rendered":"<p>Bokcirkeln i Sundals Ryr firade ett\u00e5rsjubileum och samtidigt tog vi s\u00e4songsavslutning. Vi beslutade att g\u00f6ra n\u00e5got &#8221;lite extra&#8221; f\u00f6r att fira. S\u00e5ledes besl\u00f6ts att vi gemensamt skulle l\u00e4sa &#8221;Min mormors hus&#8221; av Ingeborg Waern Bugge som handlar om huset Bj\u00f6rk\u00e5s p\u00e5 Baldersn\u00e4s som Ebba Waern fick uppbyggd av sin mans sl\u00e4kt d\u00e5 hon blev \u00e4nka efter Wilhelm Waerns bortg\u00e5ng. Efter att ha l\u00e4st boken f\u00f6ljde vi Waern i fotsp\u00e5ren och bes\u00f6kte platser med anknytning till familjen Waern.<\/p>\n<figure id=\"attachment_3496\" aria-describedby=\"caption-attachment-3496\" style=\"width: 246px\" class=\"wp-caption alignleft\"><a href=\"http:\/\/sundalsryr.se\/wp-content\/uploads\/2016\/05\/bild-1.jpg\"><img loading=\"lazy\" decoding=\"async\" class=\"wp-image-3496 size-medium\" src=\"http:\/\/sundalsryr.se\/wp-content\/uploads\/2016\/05\/bild-1-246x300.jpg\" alt=\"bild 1\" width=\"246\" height=\"300\" srcset=\"http:\/\/sundalsryr.se\/wp-content\/uploads\/2016\/05\/bild-1-246x300.jpg 246w, http:\/\/sundalsryr.se\/wp-content\/uploads\/2016\/05\/bild-1.jpg 583w\" sizes=\"(max-width: 246px) 100vw, 246px\" \/><\/a><figcaption id=\"caption-attachment-3496\" class=\"wp-caption-text\">Boken vi gemensamt l\u00e4ste och som blev temat f\u00f6r v\u00e5r resa i Dalsland.<\/figcaption><\/figure>\n<p>&nbsp;<\/p>\n<p>Tack vare en kunnig ciceron, Anita Aarsrud, fick vi till v\u00e5r gl\u00e4dje l\u00e4ra oss mer om familjen Waern och Dalslands historia \u00e4n vad boken vi l\u00e4ste f\u00f6rt\u00e4ljer. F\u00f6rsta stoppet blev bruket i B\u00e4ckefors som lade grunden till familjen Waerns f\u00f6rm\u00f6genhet.<\/p>\n<p>&nbsp;<\/p>\n<p>&nbsp;<\/p>\n<p>&nbsp;<\/p>\n<p>&nbsp;<\/p>\n<p>&nbsp;<\/p>\n<p>&nbsp;<\/p>\n<figure id=\"attachment_3498\" aria-describedby=\"caption-attachment-3498\" style=\"width: 742px\" class=\"wp-caption alignright\"><a href=\"http:\/\/sundalsryr.se\/wp-content\/uploads\/2016\/05\/bild-2.jpg\"><img loading=\"lazy\" decoding=\"async\" class=\"wp-image-3498\" src=\"http:\/\/sundalsryr.se\/wp-content\/uploads\/2016\/05\/bild-2.jpg\" alt=\"bild 2\" width=\"742\" height=\"557\" srcset=\"http:\/\/sundalsryr.se\/wp-content\/uploads\/2016\/05\/bild-2.jpg 1129w, http:\/\/sundalsryr.se\/wp-content\/uploads\/2016\/05\/bild-2-300x225.jpg 300w, http:\/\/sundalsryr.se\/wp-content\/uploads\/2016\/05\/bild-2-768x576.jpg 768w, http:\/\/sundalsryr.se\/wp-content\/uploads\/2016\/05\/bild-2-1024x768.jpg 1024w\" sizes=\"(max-width: 742px) 100vw, 742px\" \/><\/a><figcaption id=\"caption-attachment-3498\" class=\"wp-caption-text\">Ruin efter j\u00e4rnbruket i B\u00e4ckefors.<\/figcaption><\/figure>\n<p>&nbsp;<\/p>\n<figure id=\"attachment_3499\" aria-describedby=\"caption-attachment-3499\" style=\"width: 731px\" class=\"wp-caption alignright\"><a href=\"http:\/\/sundalsryr.se\/wp-content\/uploads\/2016\/05\/bild-3.jpg\"><img loading=\"lazy\" decoding=\"async\" class=\"wp-image-3499\" src=\"http:\/\/sundalsryr.se\/wp-content\/uploads\/2016\/05\/bild-3.jpg\" alt=\"bild 3\" width=\"731\" height=\"549\" srcset=\"http:\/\/sundalsryr.se\/wp-content\/uploads\/2016\/05\/bild-3.jpg 1124w, http:\/\/sundalsryr.se\/wp-content\/uploads\/2016\/05\/bild-3-300x225.jpg 300w, http:\/\/sundalsryr.se\/wp-content\/uploads\/2016\/05\/bild-3-768x576.jpg 768w, http:\/\/sundalsryr.se\/wp-content\/uploads\/2016\/05\/bild-3-1024x768.jpg 1024w\" sizes=\"(max-width: 731px) 100vw, 731px\" \/><\/a><figcaption id=\"caption-attachment-3499\" class=\"wp-caption-text\">J\u00e4rnbruket i B\u00e4ckefors<\/figcaption><\/figure>\n<p>&nbsp;<\/p>\n<figure id=\"attachment_3500\" aria-describedby=\"caption-attachment-3500\" style=\"width: 724px\" class=\"wp-caption aligncenter\"><a href=\"http:\/\/sundalsryr.se\/wp-content\/uploads\/2016\/05\/bild-4.jpg\"><img loading=\"lazy\" decoding=\"async\" class=\"wp-image-3500\" src=\"http:\/\/sundalsryr.se\/wp-content\/uploads\/2016\/05\/bild-4.jpg\" alt=\"bild 4\" width=\"724\" height=\"543\" srcset=\"http:\/\/sundalsryr.se\/wp-content\/uploads\/2016\/05\/bild-4.jpg 1054w, http:\/\/sundalsryr.se\/wp-content\/uploads\/2016\/05\/bild-4-300x225.jpg 300w, http:\/\/sundalsryr.se\/wp-content\/uploads\/2016\/05\/bild-4-768x576.jpg 768w, http:\/\/sundalsryr.se\/wp-content\/uploads\/2016\/05\/bild-4-1024x768.jpg 1024w\" sizes=\"(max-width: 724px) 100vw, 724px\" \/><\/a><figcaption id=\"caption-attachment-3500\" class=\"wp-caption-text\">Fr\u00e5n v\u00e4nster, Anna-Lena Hoffman, Ann-Christine Fr\u00f6jd Karlsson samt Anita Aarsrud st\u00e5r och l\u00e4ser p\u00e5 informationstavlan om ruinen.<\/figcaption><\/figure>\n<p>&nbsp;<\/p>\n<figure id=\"attachment_3501\" aria-describedby=\"caption-attachment-3501\" style=\"width: 712px\" class=\"wp-caption aligncenter\"><a href=\"http:\/\/sundalsryr.se\/wp-content\/uploads\/2016\/05\/bild-5.jpg\"><img loading=\"lazy\" decoding=\"async\" class=\"wp-image-3501\" src=\"http:\/\/sundalsryr.se\/wp-content\/uploads\/2016\/05\/bild-5.jpg\" alt=\"bild 5\" width=\"712\" height=\"534\" srcset=\"http:\/\/sundalsryr.se\/wp-content\/uploads\/2016\/05\/bild-5.jpg 1110w, http:\/\/sundalsryr.se\/wp-content\/uploads\/2016\/05\/bild-5-300x225.jpg 300w, http:\/\/sundalsryr.se\/wp-content\/uploads\/2016\/05\/bild-5-768x576.jpg 768w, http:\/\/sundalsryr.se\/wp-content\/uploads\/2016\/05\/bild-5-1024x768.jpg 1024w\" sizes=\"(max-width: 712px) 100vw, 712px\" \/><\/a><figcaption id=\"caption-attachment-3501\" class=\"wp-caption-text\">Det \u00e4r mycket arbete som ligger bakom dessa byggnader.<\/figcaption><\/figure>\n<p>&nbsp;<\/p>\n<p><a href=\"http:\/\/sundalsryr.se\/wp-content\/uploads\/2016\/05\/bild-6.jpg\"><img loading=\"lazy\" decoding=\"async\" class=\"wp-image-3502 aligncenter\" src=\"http:\/\/sundalsryr.se\/wp-content\/uploads\/2016\/05\/bild-6.jpg\" alt=\"bild 6\" width=\"707\" height=\"530\" srcset=\"http:\/\/sundalsryr.se\/wp-content\/uploads\/2016\/05\/bild-6.jpg 960w, http:\/\/sundalsryr.se\/wp-content\/uploads\/2016\/05\/bild-6-300x225.jpg 300w, http:\/\/sundalsryr.se\/wp-content\/uploads\/2016\/05\/bild-6-768x576.jpg 768w\" sizes=\"(max-width: 707px) 100vw, 707px\" \/><\/a><\/p>\n<p>Andra stoppet blev kyrkog\u00e5rden i Billingsfors d\u00e4r mormodern, Ebba Waern, ligger begravd och s\u00e5 ocks\u00e5 dotterdottern tillika f\u00f6rfattaren till boken.<\/p>\n<figure id=\"attachment_3503\" aria-describedby=\"caption-attachment-3503\" style=\"width: 763px\" class=\"wp-caption aligncenter\"><a href=\"http:\/\/sundalsryr.se\/wp-content\/uploads\/2016\/05\/bild-7.jpg\"><img loading=\"lazy\" decoding=\"async\" class=\"wp-image-3503 \" src=\"http:\/\/sundalsryr.se\/wp-content\/uploads\/2016\/05\/bild-7.jpg\" alt=\"bild 7\" width=\"763\" height=\"572\" srcset=\"http:\/\/sundalsryr.se\/wp-content\/uploads\/2016\/05\/bild-7.jpg 1386w, http:\/\/sundalsryr.se\/wp-content\/uploads\/2016\/05\/bild-7-300x225.jpg 300w, http:\/\/sundalsryr.se\/wp-content\/uploads\/2016\/05\/bild-7-768x576.jpg 768w, http:\/\/sundalsryr.se\/wp-content\/uploads\/2016\/05\/bild-7-1024x768.jpg 1024w\" sizes=\"(max-width: 763px) 100vw, 763px\" \/><\/a><figcaption id=\"caption-attachment-3503\" class=\"wp-caption-text\">Billingsfors kyrka d\u00e4r Ebba Waern (mormodern) och Ingeborg Waern Bugge (f\u00f6rfattaren till boken) ligger begravda. Brevid kyrkan ligger j\u00e4rnbruket som ocks\u00e5 det fanns i familjen Waerns \u00e4go.<\/figcaption><\/figure>\n<p>&nbsp;<\/p>\n<p>&nbsp;<\/p>\n<p>&nbsp;<\/p>\n<p>&nbsp;<\/p>\n<p>&nbsp;<\/p>\n<p>&nbsp;<\/p>\n<figure id=\"attachment_3504\" aria-describedby=\"caption-attachment-3504\" style=\"width: 225px\" class=\"wp-caption alignleft\"><a href=\"http:\/\/sundalsryr.se\/wp-content\/uploads\/2016\/05\/bild-8.jpg\"><img loading=\"lazy\" decoding=\"async\" class=\"wp-image-3504 size-medium\" src=\"http:\/\/sundalsryr.se\/wp-content\/uploads\/2016\/05\/bild-8-225x300.jpg\" alt=\"bild 8\" width=\"225\" height=\"300\" srcset=\"http:\/\/sundalsryr.se\/wp-content\/uploads\/2016\/05\/bild-8-225x300.jpg 225w, http:\/\/sundalsryr.se\/wp-content\/uploads\/2016\/05\/bild-8.jpg 504w\" sizes=\"(max-width: 225px) 100vw, 225px\" \/><\/a><figcaption id=\"caption-attachment-3504\" class=\"wp-caption-text\">F\u00f6rfattarinnan Ingeborg Waern Bugges grav.<\/figcaption><\/figure>\n<p>&nbsp;<\/p>\n<p>&nbsp;<\/p>\n<p>&nbsp;<\/p>\n<p>&nbsp;<\/p>\n<p>&nbsp;<\/p>\n<p>&nbsp;<\/p>\n<p>&nbsp;<\/p>\n<p>&nbsp;<\/p>\n<p>&nbsp;<\/p>\n<p>&nbsp;<\/p>\n<p>&nbsp;<\/p>\n<p>&nbsp;<\/p>\n<p>&nbsp;<\/p>\n<p>&nbsp;<\/p>\n<figure id=\"attachment_3505\" aria-describedby=\"caption-attachment-3505\" style=\"width: 300px\" class=\"wp-caption alignright\"><a href=\"http:\/\/sundalsryr.se\/wp-content\/uploads\/2016\/05\/bild-9.jpg\"><img loading=\"lazy\" decoding=\"async\" class=\"wp-image-3505 size-medium\" src=\"http:\/\/sundalsryr.se\/wp-content\/uploads\/2016\/05\/bild-9-300x225.jpg\" alt=\"bild 9\" width=\"300\" height=\"225\" srcset=\"http:\/\/sundalsryr.se\/wp-content\/uploads\/2016\/05\/bild-9-300x225.jpg 300w, http:\/\/sundalsryr.se\/wp-content\/uploads\/2016\/05\/bild-9-768x576.jpg 768w, http:\/\/sundalsryr.se\/wp-content\/uploads\/2016\/05\/bild-9-1024x768.jpg 1024w, http:\/\/sundalsryr.se\/wp-content\/uploads\/2016\/05\/bild-9.jpg 1048w\" sizes=\"(max-width: 300px) 100vw, 300px\" \/><\/a><figcaption id=\"caption-attachment-3505\" class=\"wp-caption-text\">Hungriga bokmalar som g\u00f6r sig redo att m\u00f6ta lunchbordet p\u00e5 Baldersn\u00e4s. Vi hade v\u00e4l kanske inte tur med v\u00e4dret men det kunde ha varit v\u00e4rre. Jag minns inte att vi beh\u00f6vde f\u00e4lla upp medhavda paraplyer.<\/figcaption><\/figure>\n<p>&nbsp;<\/p>\n<p>&nbsp;<\/p>\n<p>&nbsp;<\/p>\n<p>&nbsp;<\/p>\n<p>&nbsp;<\/p>\n<p>&nbsp;<\/p>\n<p>&nbsp;<\/p>\n<p>Slutm\u00e5let f\u00f6r v\u00e5r resa var Baldersn\u00e4s d\u00e4r vi hade bokat bord f\u00f6r att inta lunch.<\/p>\n<p>&nbsp;<\/p>\n<p>&nbsp;<\/p>\n<figure id=\"attachment_3506\" aria-describedby=\"caption-attachment-3506\" style=\"width: 754px\" class=\"wp-caption alignnone\"><a href=\"http:\/\/sundalsryr.se\/wp-content\/uploads\/2016\/05\/bild-12.jpg\"><img loading=\"lazy\" decoding=\"async\" class=\"wp-image-3506 \" src=\"http:\/\/sundalsryr.se\/wp-content\/uploads\/2016\/05\/bild-12.jpg\" alt=\"bild 12\" width=\"754\" height=\"687\" srcset=\"http:\/\/sundalsryr.se\/wp-content\/uploads\/2016\/05\/bild-12.jpg 790w, http:\/\/sundalsryr.se\/wp-content\/uploads\/2016\/05\/bild-12-300x273.jpg 300w, http:\/\/sundalsryr.se\/wp-content\/uploads\/2016\/05\/bild-12-768x700.jpg 768w\" sizes=\"(max-width: 754px) 100vw, 754px\" \/><\/a><figcaption id=\"caption-attachment-3506\" class=\"wp-caption-text\">Baldersn\u00e4s herrg\u00e5rd.<\/figcaption><\/figure>\n<p>&nbsp;<\/p>\n<p><a href=\"http:\/\/sundalsryr.se\/wp-content\/uploads\/2016\/05\/inskript.jpg\"><img loading=\"lazy\" decoding=\"async\" class=\"aligncenter wp-image-3507 \" src=\"http:\/\/sundalsryr.se\/wp-content\/uploads\/2016\/05\/inskript-1024x768.jpg\" alt=\"inskript\" width=\"770\" height=\"578\" srcset=\"http:\/\/sundalsryr.se\/wp-content\/uploads\/2016\/05\/inskript-1024x768.jpg 1024w, http:\/\/sundalsryr.se\/wp-content\/uploads\/2016\/05\/inskript-300x225.jpg 300w, http:\/\/sundalsryr.se\/wp-content\/uploads\/2016\/05\/inskript-768x576.jpg 768w, http:\/\/sundalsryr.se\/wp-content\/uploads\/2016\/05\/inskript.jpg 1110w\" sizes=\"(max-width: 770px) 100vw, 770px\" \/><\/a><\/p>\n<p>Inskrift p\u00e5 berget vid Baldersn\u00e4s. &#8221;Fr\u00e4mling, n\u00e4r denna halv\u00f6 ler emot dig, s\u00e5 l\u00e5t sorgen fara&#8221; (inskriften \u00e4r p\u00e5 latin).<\/p>\n<p><a href=\"http:\/\/sundalsryr.se\/wp-content\/uploads\/2016\/05\/bild-11.jpg\"><img loading=\"lazy\" decoding=\"async\" class=\"wp-image-3508 aligncenter\" src=\"http:\/\/sundalsryr.se\/wp-content\/uploads\/2016\/05\/bild-11.jpg\" alt=\"bild 11\" width=\"806\" height=\"604\" srcset=\"http:\/\/sundalsryr.se\/wp-content\/uploads\/2016\/05\/bild-11.jpg 905w, http:\/\/sundalsryr.se\/wp-content\/uploads\/2016\/05\/bild-11-300x225.jpg 300w, http:\/\/sundalsryr.se\/wp-content\/uploads\/2016\/05\/bild-11-768x575.jpg 768w\" sizes=\"(max-width: 806px) 100vw, 806px\" \/><\/a><\/p>\n<p>Lekstuga p\u00e5 Baldersn\u00e4s d\u00e4r f\u00f6rfattaren lekt.<\/p>\n<figure id=\"attachment_3509\" aria-describedby=\"caption-attachment-3509\" style=\"width: 777px\" class=\"wp-caption aligncenter\"><a href=\"http:\/\/sundalsryr.se\/wp-content\/uploads\/2016\/05\/bild-13.jpg\"><img loading=\"lazy\" decoding=\"async\" class=\"wp-image-3509\" src=\"http:\/\/sundalsryr.se\/wp-content\/uploads\/2016\/05\/bild-13.jpg\" alt=\"bild 13\" width=\"777\" height=\"930\" srcset=\"http:\/\/sundalsryr.se\/wp-content\/uploads\/2016\/05\/bild-13.jpg 909w, http:\/\/sundalsryr.se\/wp-content\/uploads\/2016\/05\/bild-13-251x300.jpg 251w, http:\/\/sundalsryr.se\/wp-content\/uploads\/2016\/05\/bild-13-768x919.jpg 768w, http:\/\/sundalsryr.se\/wp-content\/uploads\/2016\/05\/bild-13-856x1024.jpg 856w\" sizes=\"(max-width: 777px) 100vw, 777px\" \/><\/a><figcaption id=\"caption-attachment-3509\" class=\"wp-caption-text\">Ett sk\u00e5p som st\u00e5r i entr\u00e9n p\u00e5 Baldersn\u00e4s och som eventuellt kan ha anknytning till Sundals Ryr.<\/figcaption><\/figure>\n<p>&nbsp;<\/p>\n<p>&nbsp;<\/p>\n<p>&nbsp;<\/p>\n<p>&nbsp;<\/p>\n<p>&nbsp;<\/p>\n<p>&nbsp;<\/p>\n<p>&nbsp;<\/p>\n<p>&nbsp;<\/p>\n<p>&nbsp;<\/p>\n<figure id=\"attachment_3510\" aria-describedby=\"caption-attachment-3510\" style=\"width: 756px\" class=\"wp-caption aligncenter\"><a href=\"http:\/\/sundalsryr.se\/wp-content\/uploads\/2016\/05\/bild14.jpg\"><img loading=\"lazy\" decoding=\"async\" class=\"wp-image-3510\" src=\"http:\/\/sundalsryr.se\/wp-content\/uploads\/2016\/05\/bild14.jpg\" alt=\"bild14\" width=\"756\" height=\"567\" srcset=\"http:\/\/sundalsryr.se\/wp-content\/uploads\/2016\/05\/bild14.jpg 1386w, http:\/\/sundalsryr.se\/wp-content\/uploads\/2016\/05\/bild14-300x225.jpg 300w, http:\/\/sundalsryr.se\/wp-content\/uploads\/2016\/05\/bild14-768x576.jpg 768w, http:\/\/sundalsryr.se\/wp-content\/uploads\/2016\/05\/bild14-1024x768.jpg 1024w\" sizes=\"(max-width: 756px) 100vw, 756px\" \/><\/a><figcaption id=\"caption-attachment-3510\" class=\"wp-caption-text\">Biblioteket p\u00e5 Baldersn\u00e4s d\u00e4r vi blev serverade v\u00e5r lunch.<\/figcaption><\/figure>\n<p>&nbsp;<\/p>\n<p>&nbsp;<\/p>\n<p>&nbsp;<\/p>\n<p>&nbsp;<\/p>\n<p>&nbsp;<\/p>\n<p>&nbsp;<\/p>\n<p>&nbsp;<\/p>\n<p>&nbsp;<\/p>\n<figure id=\"attachment_3511\" aria-describedby=\"caption-attachment-3511\" style=\"width: 873px\" class=\"wp-caption aligncenter\"><a href=\"http:\/\/sundalsryr.se\/wp-content\/uploads\/2016\/05\/bild-15.jpg\"><img loading=\"lazy\" decoding=\"async\" class=\"wp-image-3511 size-full\" src=\"http:\/\/sundalsryr.se\/wp-content\/uploads\/2016\/05\/bild-15.jpg\" alt=\"bild 15\" width=\"873\" height=\"655\" srcset=\"http:\/\/sundalsryr.se\/wp-content\/uploads\/2016\/05\/bild-15.jpg 873w, http:\/\/sundalsryr.se\/wp-content\/uploads\/2016\/05\/bild-15-300x225.jpg 300w, http:\/\/sundalsryr.se\/wp-content\/uploads\/2016\/05\/bild-15-768x576.jpg 768w\" sizes=\"(max-width: 873px) 100vw, 873px\" \/><\/a><figcaption id=\"caption-attachment-3511\" class=\"wp-caption-text\">P\u00e5 v\u00e4gen dit passerade vi huset f\u00f6rfattaren till boken tillbringade sina skollov p\u00e5 hos mormodern n\u00e4mligen Bj\u00f6rk\u00e5s som ju boken handlar om. Huset Bj\u00f6rk\u00e5s som det ser ut idag.<\/figcaption><\/figure>\n<p><a href=\"http:\/\/sundalsryr.se\/wp-content\/uploads\/2016\/05\/bild-16.jpg\"><img loading=\"lazy\" decoding=\"async\" class=\"aligncenter wp-image-3512 \" src=\"http:\/\/sundalsryr.se\/wp-content\/uploads\/2016\/05\/bild-16-1024x768.jpg\" alt=\"bild 16\" width=\"750\" height=\"563\" srcset=\"http:\/\/sundalsryr.se\/wp-content\/uploads\/2016\/05\/bild-16-1024x768.jpg 1024w, http:\/\/sundalsryr.se\/wp-content\/uploads\/2016\/05\/bild-16-300x225.jpg 300w, http:\/\/sundalsryr.se\/wp-content\/uploads\/2016\/05\/bild-16-768x576.jpg 768w, http:\/\/sundalsryr.se\/wp-content\/uploads\/2016\/05\/bild-16.jpg 1386w\" sizes=\"(max-width: 750px) 100vw, 750px\" \/><\/a><\/p>\n<p>&nbsp;<\/p>\n<p>&nbsp;<\/p>\n<p>&nbsp;<\/p>\n<p>Bokcirkelmedlemmarna \u00e4r fr.v. Anna-Lena Hoffman, Anita Aarsrud, Marjukka Sagesj\u00f6 och Ann-Christine Fr\u00f6jd Karlsson. Inte med p\u00e5 resan och s\u00e5ledes inte heller p\u00e5 bilden \u00e4r M\u00e4rta Jonsson som p\u00e5 grund av sjukdom beklagligtvis inte kunde f\u00f6lja med. Bokcirkeln startar igen 28\/8 om n\u00e5gra fler skulle vara intresserade av att vara med. Anm\u00e4lan sker till Marjukka Sagesj\u00f6 tel. 0521-35123 eller 0767914526\u00a0 eller maila p\u00e5; marjukkasagesjo@hotmail.com<\/p>\n<p>Ha en fantastisk (bok)sommar!<\/p>\n<p><strong>H\u00e4lsar Marjukka<\/strong><\/p>\n","protected":false},"excerpt":{"rendered":"<p>Bokcirkeln i Sundals Ryr firade ett\u00e5rsjubileum och samtidigt tog vi s\u00e4songsavslutning. Vi beslutade att g\u00f6ra n\u00e5got &#8221;lite extra&#8221; f\u00f6r att fira. S\u00e5ledes besl\u00f6ts att vi gemensamt skulle l\u00e4sa &#8221;Min mormors hus&#8221; av Ingeborg Waern Bugge som handlar om huset Bj\u00f6rk\u00e5s p\u00e5 Baldersn\u00e4s som Ebba Waern fick uppbyggd av sin mans sl\u00e4kt d\u00e5 hon blev \u00e4nka&#8230;<\/p>\n","protected":false},"author":3,"featured_media":0,"comment_status":"open","ping_status":"open","sticky":false,"template":"","format":"standard","meta":{"_monsterinsights_skip_tracking":false,"_monsterinsights_sitenote_active":false,"_monsterinsights_sitenote_note":"","_monsterinsights_sitenote_category":0,"footnotes":""},"categories":[1],"tags":[],"class_list":["post-3493","post","type-post","status-publish","format-standard","hentry","category-aktuellt"],"_links":{"self":[{"href":"http:\/\/sundalsryr.se\/index.php?rest_route=\/wp\/v2\/posts\/3493"}],"collection":[{"href":"http:\/\/sundalsryr.se\/index.php?rest_route=\/wp\/v2\/posts"}],"about":[{"href":"http:\/\/sundalsryr.se\/index.php?rest_route=\/wp\/v2\/types\/post"}],"author":[{"embeddable":true,"href":"http:\/\/sundalsryr.se\/index.php?rest_route=\/wp\/v2\/users\/3"}],"replies":[{"embeddable":true,"href":"http:\/\/sundalsryr.se\/index.php?rest_route=%2Fwp%2Fv2%2Fcomments&post=3493"}],"version-history":[{"count":12,"href":"http:\/\/sundalsryr.se\/index.php?rest_route=\/wp\/v2\/posts\/3493\/revisions"}],"predecessor-version":[{"id":3524,"href":"http:\/\/sundalsryr.se\/index.php?rest_route=\/wp\/v2\/posts\/3493\/revisions\/3524"}],"wp:attachment":[{"href":"http:\/\/sundalsryr.se\/index.php?rest_route=%2Fwp%2Fv2%2Fmedia&parent=3493"}],"wp:term":[{"taxonomy":"category","embeddable":true,"href":"http:\/\/sundalsryr.se\/index.php?rest_route=%2Fwp%2Fv2%2Fcategories&post=3493"},{"taxonomy":"post_tag","embeddable":true,"href":"http:\/\/sundalsryr.se\/index.php?rest_route=%2Fwp%2Fv2%2Ftags&post=3493"}],"curies":[{"name":"wp","href":"https:\/\/api.w.org\/{rel}","templated":true}]}}