{"id":3534,"date":"2016-06-18T19:00:03","date_gmt":"2016-06-18T19:00:03","guid":{"rendered":"http:\/\/sundalsryr.se\/?p=3534"},"modified":"2016-06-16T18:59:50","modified_gmt":"2016-06-16T18:59:50","slug":"kyrkokorens-sasongavslutning","status":"publish","type":"post","link":"http:\/\/sundalsryr.se\/?p=3534","title":{"rendered":"Kyrkok\u00f6rens s\u00e4songavslutning"},"content":{"rendered":"<p>Sundals ryrs kyrkok\u00f6r tr\u00e4ffas vanligtvis varje m\u00e5ndag i f\u00f6rsamlingshemmet och \u00f6var in den kommande repertoaren. M\u00e5ndagen den 23`e maj styrde vi dock kosan mot Evenstorps g\u00e5rd f\u00f6r s\u00e4songsavslutning. K\u00f6ren tar nu n\u00e4mligen sommaruppeh\u00e5ll. V\u00e4l omh\u00e4ndertagna av Sofia, g\u00e5rdens \u00e4gare, av\u00e5ts goda sandwiches och rabarberpaj.<\/p>\n<p>Som den h\u00e4ngivna k\u00f6r vi \u00e4r kunde vi, d\u00e5 vi var m\u00e4tta och bel\u00e5tna, inte l\u00e5ta bli att uph\u00f6ja v\u00e5ra r\u00f6ster och &#8221;riva av&#8221; ett par tre l\u00e5tar. Enligt utsago uppskattades s\u00e5ngen av g\u00e5rdens kaniner som nyfiket str\u00e4ckte p\u00e5 halsarna samt av Sofia sj\u00e4lv.<\/p>\n<p>Nu tar vi sommaruppeh\u00e5ll och till h\u00f6sten \u00e4r ni mycket v\u00e4lkomna att lyssna p\u00e5 oss d\u00e5 vi sjunger i kyrkan. F\u00f6r att veta n\u00e4r kyrkok\u00f6ren sjunger se f\u00f6rsamlingsbladet eller l\u00e4nk: <a href=\"https:\/\/www.svenskakyrkan.se\/bralanda\/verksamhet\">https:\/\/www.svenskakyrkan.se\/bralanda\/verksamhet<\/a><\/p>\n<p>Ha en bra sommar!<\/p>\n<p>\u00d6nskar Marjukka<\/p>\n<figure id=\"attachment_3535\" aria-describedby=\"caption-attachment-3535\" style=\"width: 700px\" class=\"wp-caption aligncenter\"><a href=\"http:\/\/sundalsryr.se\/wp-content\/uploads\/2016\/06\/ett.jpg\"><img loading=\"lazy\" decoding=\"async\" class=\"wp-image-3535 \" src=\"http:\/\/sundalsryr.se\/wp-content\/uploads\/2016\/06\/ett-1024x768.jpg\" alt=\"K\u00f6rmedlemmar i v\u00e4nta p\u00e5 n\u00e5got gott.\" width=\"700\" height=\"525\" srcset=\"http:\/\/sundalsryr.se\/wp-content\/uploads\/2016\/06\/ett-1024x768.jpg 1024w, http:\/\/sundalsryr.se\/wp-content\/uploads\/2016\/06\/ett-300x225.jpg 300w, http:\/\/sundalsryr.se\/wp-content\/uploads\/2016\/06\/ett-768x576.jpg 768w, http:\/\/sundalsryr.se\/wp-content\/uploads\/2016\/06\/ett.jpg 1107w\" sizes=\"(max-width: 700px) 100vw, 700px\" \/><\/a><figcaption id=\"caption-attachment-3535\" class=\"wp-caption-text\">K\u00f6rmedlemmar i v\u00e4nta p\u00e5 n\u00e5got gott.<\/figcaption><\/figure>\n<figure id=\"attachment_3536\" aria-describedby=\"caption-attachment-3536\" style=\"width: 704px\" class=\"wp-caption aligncenter\"><a href=\"http:\/\/sundalsryr.se\/wp-content\/uploads\/2016\/06\/tv\u00e5.jpg\"><img loading=\"lazy\" decoding=\"async\" class=\"wp-image-3536\" src=\"http:\/\/sundalsryr.se\/wp-content\/uploads\/2016\/06\/tv\u00e5-1024x768.jpg\" alt=\"\u00c4nnu fler k\u00f6rmedlemmar som anl\u00e4nder.\" width=\"704\" height=\"528\" srcset=\"http:\/\/sundalsryr.se\/wp-content\/uploads\/2016\/06\/tv\u00e5-1024x768.jpg 1024w, http:\/\/sundalsryr.se\/wp-content\/uploads\/2016\/06\/tv\u00e5-300x225.jpg 300w, http:\/\/sundalsryr.se\/wp-content\/uploads\/2016\/06\/tv\u00e5-768x576.jpg 768w, http:\/\/sundalsryr.se\/wp-content\/uploads\/2016\/06\/tv\u00e5.jpg 1050w\" sizes=\"(max-width: 704px) 100vw, 704px\" \/><\/a><figcaption id=\"caption-attachment-3536\" class=\"wp-caption-text\">\u00c4nnu fler k\u00f6rmedlemmar som anl\u00e4nder.<\/figcaption><\/figure>\n<figure id=\"attachment_3537\" aria-describedby=\"caption-attachment-3537\" style=\"width: 697px\" class=\"wp-caption aligncenter\"><a href=\"http:\/\/sundalsryr.se\/wp-content\/uploads\/2016\/06\/tre.jpg\"><img loading=\"lazy\" decoding=\"async\" class=\"wp-image-3537\" src=\"http:\/\/sundalsryr.se\/wp-content\/uploads\/2016\/06\/tre.jpg\" alt=\"Angelica, Jenni och Margareta.\" width=\"697\" height=\"523\" srcset=\"http:\/\/sundalsryr.se\/wp-content\/uploads\/2016\/06\/tre.jpg 991w, http:\/\/sundalsryr.se\/wp-content\/uploads\/2016\/06\/tre-300x225.jpg 300w, http:\/\/sundalsryr.se\/wp-content\/uploads\/2016\/06\/tre-768x576.jpg 768w\" sizes=\"(max-width: 697px) 100vw, 697px\" \/><\/a><figcaption id=\"caption-attachment-3537\" class=\"wp-caption-text\">Angelica, Jenni och Margareta.<\/figcaption><\/figure>\n<figure id=\"attachment_3538\" aria-describedby=\"caption-attachment-3538\" style=\"width: 702px\" class=\"wp-caption aligncenter\"><a href=\"http:\/\/sundalsryr.se\/wp-content\/uploads\/2016\/06\/fyra.jpg\"><img loading=\"lazy\" decoding=\"async\" class=\"wp-image-3538\" src=\"http:\/\/sundalsryr.se\/wp-content\/uploads\/2016\/06\/fyra-1024x768.jpg\" alt=\"Rebecka, Anette och Lilian. Bredvid Lilian skymtar Gun-Britt v\u00e5r ordf\u00f6rande.\" width=\"702\" height=\"527\" srcset=\"http:\/\/sundalsryr.se\/wp-content\/uploads\/2016\/06\/fyra-1024x768.jpg 1024w, http:\/\/sundalsryr.se\/wp-content\/uploads\/2016\/06\/fyra-300x225.jpg 300w, http:\/\/sundalsryr.se\/wp-content\/uploads\/2016\/06\/fyra-768x576.jpg 768w, http:\/\/sundalsryr.se\/wp-content\/uploads\/2016\/06\/fyra.jpg 1173w\" sizes=\"(max-width: 702px) 100vw, 702px\" \/><\/a><figcaption id=\"caption-attachment-3538\" class=\"wp-caption-text\">Rebecka, Anette och Lilian. Bredvid Lilian skymtar Gun-Britt v\u00e5r ordf\u00f6rande.<\/figcaption><\/figure>\n<figure id=\"attachment_3539\" aria-describedby=\"caption-attachment-3539\" style=\"width: 701px\" class=\"wp-caption aligncenter\"><a href=\"http:\/\/sundalsryr.se\/wp-content\/uploads\/2016\/06\/fem.jpg\"><img loading=\"lazy\" decoding=\"async\" class=\"wp-image-3539\" src=\"http:\/\/sundalsryr.se\/wp-content\/uploads\/2016\/06\/fem-1024x768.jpg\" alt=\"\u00d6versiktsbild h\u00f6ger sida av rummet.\" width=\"701\" height=\"526\" srcset=\"http:\/\/sundalsryr.se\/wp-content\/uploads\/2016\/06\/fem-1024x768.jpg 1024w, http:\/\/sundalsryr.se\/wp-content\/uploads\/2016\/06\/fem-300x225.jpg 300w, http:\/\/sundalsryr.se\/wp-content\/uploads\/2016\/06\/fem-768x576.jpg 768w, http:\/\/sundalsryr.se\/wp-content\/uploads\/2016\/06\/fem.jpg 1173w\" sizes=\"(max-width: 701px) 100vw, 701px\" \/><\/a><figcaption id=\"caption-attachment-3539\" class=\"wp-caption-text\">\u00d6versiktsbild h\u00f6ger sida av rummet.<\/figcaption><\/figure>\n<figure id=\"attachment_3540\" aria-describedby=\"caption-attachment-3540\" style=\"width: 702px\" class=\"wp-caption aligncenter\"><a href=\"http:\/\/sundalsryr.se\/wp-content\/uploads\/2016\/06\/sex.jpg\"><img loading=\"lazy\" decoding=\"async\" class=\"wp-image-3540\" src=\"http:\/\/sundalsryr.se\/wp-content\/uploads\/2016\/06\/sex-1024x768.jpg\" alt=\"\u00d6versiktsbild v\u00e4nster sida av rummet.\" width=\"702\" height=\"527\" srcset=\"http:\/\/sundalsryr.se\/wp-content\/uploads\/2016\/06\/sex-1024x768.jpg 1024w, http:\/\/sundalsryr.se\/wp-content\/uploads\/2016\/06\/sex-300x225.jpg 300w, http:\/\/sundalsryr.se\/wp-content\/uploads\/2016\/06\/sex-768x576.jpg 768w, http:\/\/sundalsryr.se\/wp-content\/uploads\/2016\/06\/sex.jpg 1214w\" sizes=\"(max-width: 702px) 100vw, 702px\" \/><\/a><figcaption id=\"caption-attachment-3540\" class=\"wp-caption-text\">\u00d6versiktsbild v\u00e4nster sida av rummet.<\/figcaption><\/figure>\n<p>&nbsp;<\/p>\n<p>\/Marjukka Sagesj\u00f6<\/p>\n","protected":false},"excerpt":{"rendered":"<p>Sundals ryrs kyrkok\u00f6r tr\u00e4ffas vanligtvis varje m\u00e5ndag i f\u00f6rsamlingshemmet och \u00f6var in den kommande repertoaren. M\u00e5ndagen den 23`e maj styrde vi dock kosan mot Evenstorps g\u00e5rd f\u00f6r s\u00e4songsavslutning. K\u00f6ren tar nu n\u00e4mligen sommaruppeh\u00e5ll. V\u00e4l omh\u00e4ndertagna av Sofia, g\u00e5rdens \u00e4gare, av\u00e5ts goda sandwiches och rabarberpaj. Som den h\u00e4ngivna k\u00f6r vi \u00e4r kunde vi, d\u00e5 vi var&#8230;<\/p>\n","protected":false},"author":3,"featured_media":0,"comment_status":"open","ping_status":"open","sticky":false,"template":"","format":"standard","meta":{"_monsterinsights_skip_tracking":false,"_monsterinsights_sitenote_active":false,"_monsterinsights_sitenote_note":"","_monsterinsights_sitenote_category":0,"footnotes":""},"categories":[1],"tags":[],"class_list":["post-3534","post","type-post","status-publish","format-standard","hentry","category-aktuellt"],"_links":{"self":[{"href":"http:\/\/sundalsryr.se\/index.php?rest_route=\/wp\/v2\/posts\/3534"}],"collection":[{"href":"http:\/\/sundalsryr.se\/index.php?rest_route=\/wp\/v2\/posts"}],"about":[{"href":"http:\/\/sundalsryr.se\/index.php?rest_route=\/wp\/v2\/types\/post"}],"author":[{"embeddable":true,"href":"http:\/\/sundalsryr.se\/index.php?rest_route=\/wp\/v2\/users\/3"}],"replies":[{"embeddable":true,"href":"http:\/\/sundalsryr.se\/index.php?rest_route=%2Fwp%2Fv2%2Fcomments&post=3534"}],"version-history":[{"count":4,"href":"http:\/\/sundalsryr.se\/index.php?rest_route=\/wp\/v2\/posts\/3534\/revisions"}],"predecessor-version":[{"id":3544,"href":"http:\/\/sundalsryr.se\/index.php?rest_route=\/wp\/v2\/posts\/3534\/revisions\/3544"}],"wp:attachment":[{"href":"http:\/\/sundalsryr.se\/index.php?rest_route=%2Fwp%2Fv2%2Fmedia&parent=3534"}],"wp:term":[{"taxonomy":"category","embeddable":true,"href":"http:\/\/sundalsryr.se\/index.php?rest_route=%2Fwp%2Fv2%2Fcategories&post=3534"},{"taxonomy":"post_tag","embeddable":true,"href":"http:\/\/sundalsryr.se\/index.php?rest_route=%2Fwp%2Fv2%2Ftags&post=3534"}],"curies":[{"name":"wp","href":"https:\/\/api.w.org\/{rel}","templated":true}]}}