{"id":3545,"date":"2016-06-20T20:37:34","date_gmt":"2016-06-20T20:37:34","guid":{"rendered":"http:\/\/sundalsryr.se\/?p=3545"},"modified":"2016-06-20T20:37:34","modified_gmt":"2016-06-20T20:37:34","slug":"arets-kortaste-natt","status":"publish","type":"post","link":"http:\/\/sundalsryr.se\/?p=3545","title":{"rendered":"\u00c5rets kortaste natt"},"content":{"rendered":"<p><a href=\"http:\/\/sundalsryr.se\/wp-content\/uploads\/2016\/06\/IMG_3592.jpg\"><img loading=\"lazy\" decoding=\"async\" class=\"aligncenter wp-image-3546 \" src=\"http:\/\/sundalsryr.se\/wp-content\/uploads\/2016\/06\/IMG_3592.jpg\" alt=\"IMG_3592\" width=\"740\" height=\"555\" srcset=\"http:\/\/sundalsryr.se\/wp-content\/uploads\/2016\/06\/IMG_3592.jpg 3264w, http:\/\/sundalsryr.se\/wp-content\/uploads\/2016\/06\/IMG_3592-300x225.jpg 300w, http:\/\/sundalsryr.se\/wp-content\/uploads\/2016\/06\/IMG_3592-768x576.jpg 768w, http:\/\/sundalsryr.se\/wp-content\/uploads\/2016\/06\/IMG_3592-1024x768.jpg 1024w\" sizes=\"(max-width: 740px) 100vw, 740px\" \/><\/a><\/p>\n<p>&nbsp;<\/p>\n<p>Den 20 juni klockan 22.34 lutar jordens axel lutar som mest i f\u00f6rh\u00e5llande till solen. Dagen \u00e4r som l\u00e4ngst och natten som kortast. En natt med anor av sp\u00e4nning och magi. Naturen lockar med sin m\u00e4ttade gr\u00f6nska, allt fr\u00e5n de skiraste sp\u00e4da till det mustiga m\u00e4ttade m\u00f6rkgr\u00f6na. Det kvittrar och prasslar, ett r\u00e5djur smyger i skogskanten och en hare hoppar snabbt \u00f6ver v\u00e4gen. En stund utomhus kan v\u00e4nda hum\u00f6ret till dur, hela ett stressat sinne och fylla lungorna med luft som \u00e4r frisk och klar.\u00a0<a href=\"http:\/\/sundalsryr.se\/wp-content\/uploads\/2016\/06\/IMG_3595.jpg\"><img loading=\"lazy\" decoding=\"async\" class=\"alignright  wp-image-3547\" src=\"http:\/\/sundalsryr.se\/wp-content\/uploads\/2016\/06\/IMG_3595-768x1024.jpg\" alt=\"IMG_3595\" width=\"384\" height=\"512\" srcset=\"http:\/\/sundalsryr.se\/wp-content\/uploads\/2016\/06\/IMG_3595-768x1024.jpg 768w, http:\/\/sundalsryr.se\/wp-content\/uploads\/2016\/06\/IMG_3595-225x300.jpg 225w\" sizes=\"(max-width: 384px) 100vw, 384px\" \/><\/a><\/p>\n<p>Vi kan samla p\u00e5 minnen av denna \u00e5rstid och n\u00e4r m\u00f6rkret \u00e5terigen f\u00e5r oss att tvivla och l\u00e4ngta, tar vi fram ett ljusgr\u00f6nt minne mitt i den gr\u00e5a h\u00f6sten. Men framf\u00f6r allt ska vi njuta just nu, vi kan sl\u00e5 d\u00f6v\u00f6rat till n\u00e4r pessimisten p\u00e5pekar att det \u00e4r nu det v\u00e4nder och g\u00e5r mot m\u00f6rkare tider igen och ist\u00e4llet ta vara p\u00e5 alla de fina ljusa stunder som finns nu och n\u00e5gra m\u00e5nader till.<\/p>\n<p>Dagg mot bara ben, morgondimma som l\u00e4ttar och rosa kv\u00e4llshimmel \u00f6ver fj\u00e4llet. Frodig v\u00e4xtlighet, grillkv\u00e4llar, doften av nyklippt gr\u00e4s, en immande kall \u00f6l n\u00e4r svetten lackar i pannan och en sen cykeltur innan strax innan solen v\u00e4nder och g\u00e5r upp igen. En tid d\u00e5 naturen \u00e4r gener\u00f6s med gr\u00f6nska och ljus, allt vi beh\u00f6ver g\u00f6ra \u00e4r att \u00f6ppna sinnet och ta emot.<\/p>\n<p>\/Susanne Borss\u00e9n<\/p>\n","protected":false},"excerpt":{"rendered":"<p>&nbsp; Den 20 juni klockan 22.34 lutar jordens axel lutar som mest i f\u00f6rh\u00e5llande till solen. Dagen \u00e4r som l\u00e4ngst och natten som kortast. En natt med anor av sp\u00e4nning och magi. Naturen lockar med sin m\u00e4ttade gr\u00f6nska, allt fr\u00e5n de skiraste sp\u00e4da till det mustiga m\u00e4ttade m\u00f6rkgr\u00f6na. Det kvittrar och prasslar, ett r\u00e5djur smyger&#8230;<\/p>\n","protected":false},"author":3,"featured_media":0,"comment_status":"open","ping_status":"open","sticky":false,"template":"","format":"standard","meta":{"_monsterinsights_skip_tracking":false,"_monsterinsights_sitenote_active":false,"_monsterinsights_sitenote_note":"","_monsterinsights_sitenote_category":0,"footnotes":""},"categories":[1],"tags":[],"class_list":["post-3545","post","type-post","status-publish","format-standard","hentry","category-aktuellt"],"_links":{"self":[{"href":"http:\/\/sundalsryr.se\/index.php?rest_route=\/wp\/v2\/posts\/3545"}],"collection":[{"href":"http:\/\/sundalsryr.se\/index.php?rest_route=\/wp\/v2\/posts"}],"about":[{"href":"http:\/\/sundalsryr.se\/index.php?rest_route=\/wp\/v2\/types\/post"}],"author":[{"embeddable":true,"href":"http:\/\/sundalsryr.se\/index.php?rest_route=\/wp\/v2\/users\/3"}],"replies":[{"embeddable":true,"href":"http:\/\/sundalsryr.se\/index.php?rest_route=%2Fwp%2Fv2%2Fcomments&post=3545"}],"version-history":[{"count":2,"href":"http:\/\/sundalsryr.se\/index.php?rest_route=\/wp\/v2\/posts\/3545\/revisions"}],"predecessor-version":[{"id":3549,"href":"http:\/\/sundalsryr.se\/index.php?rest_route=\/wp\/v2\/posts\/3545\/revisions\/3549"}],"wp:attachment":[{"href":"http:\/\/sundalsryr.se\/index.php?rest_route=%2Fwp%2Fv2%2Fmedia&parent=3545"}],"wp:term":[{"taxonomy":"category","embeddable":true,"href":"http:\/\/sundalsryr.se\/index.php?rest_route=%2Fwp%2Fv2%2Fcategories&post=3545"},{"taxonomy":"post_tag","embeddable":true,"href":"http:\/\/sundalsryr.se\/index.php?rest_route=%2Fwp%2Fv2%2Ftags&post=3545"}],"curies":[{"name":"wp","href":"https:\/\/api.w.org\/{rel}","templated":true}]}}