{"id":3575,"date":"2016-07-03T21:00:21","date_gmt":"2016-07-03T21:00:21","guid":{"rendered":"http:\/\/sundalsryr.se\/?p=3575"},"modified":"2016-07-02T18:02:46","modified_gmt":"2016-07-02T18:02:46","slug":"onsdagstraning","status":"publish","type":"post","link":"http:\/\/sundalsryr.se\/?p=3575","title":{"rendered":"Onsdagstr\u00e4ning"},"content":{"rendered":"<p><a href=\"http:\/\/sundalsryr.se\/wp-content\/uploads\/2016\/07\/IMG_3613.jpg\"><img loading=\"lazy\" decoding=\"async\" class=\"aligncenter  wp-image-3576\" src=\"http:\/\/sundalsryr.se\/wp-content\/uploads\/2016\/07\/IMG_3613-1024x768.jpg\" alt=\"IMG_3613\" width=\"709\" height=\"532\" srcset=\"http:\/\/sundalsryr.se\/wp-content\/uploads\/2016\/07\/IMG_3613-1024x768.jpg 1024w, http:\/\/sundalsryr.se\/wp-content\/uploads\/2016\/07\/IMG_3613-300x225.jpg 300w, http:\/\/sundalsryr.se\/wp-content\/uploads\/2016\/07\/IMG_3613-768x576.jpg 768w\" sizes=\"(max-width: 709px) 100vw, 709px\" \/><\/a><\/p>\n<p>P\u00e5 onsdagar kl 19 tr\u00e4ffas en grupp l\u00f6pare vid skidstugan p\u00e5 Granan och springer tillsammans. Man planerar att h\u00e5lla ig\u00e5ng hela sommaren. Har du lust att vara med \u00e4r det bara att komma dit, oavsett om man \u00e4r snabb eller l\u00e5ngsam, van eller nyb\u00f6rjare kan man vara med. \u00a0\u00a0<a href=\"http:\/\/sundalsryr.se\/wp-content\/uploads\/2016\/07\/IMG_3622.jpg\"><img loading=\"lazy\" decoding=\"async\" class=\"alignright  wp-image-3577\" src=\"http:\/\/sundalsryr.se\/wp-content\/uploads\/2016\/07\/IMG_3622-300x225.jpg\" alt=\"IMG_3622\" width=\"352\" height=\"264\" srcset=\"http:\/\/sundalsryr.se\/wp-content\/uploads\/2016\/07\/IMG_3622-300x225.jpg 300w, http:\/\/sundalsryr.se\/wp-content\/uploads\/2016\/07\/IMG_3622-768x576.jpg 768w, http:\/\/sundalsryr.se\/wp-content\/uploads\/2016\/07\/IMG_3622-1024x768.jpg 1024w\" sizes=\"(max-width: 352px) 100vw, 352px\" \/><\/a><\/p>\n<p>Alla \u00e4r v\u00e4lkomna!<\/p>\n","protected":false},"excerpt":{"rendered":"<p>P\u00e5 onsdagar kl 19 tr\u00e4ffas en grupp l\u00f6pare vid skidstugan p\u00e5 Granan och springer tillsammans. Man planerar att h\u00e5lla ig\u00e5ng hela sommaren. Har du lust att vara med \u00e4r det bara att komma dit, oavsett om man \u00e4r snabb eller l\u00e5ngsam, van eller nyb\u00f6rjare kan man vara med. \u00a0\u00a0 Alla \u00e4r v\u00e4lkomna!<\/p>\n","protected":false},"author":3,"featured_media":0,"comment_status":"open","ping_status":"open","sticky":false,"template":"","format":"standard","meta":{"_monsterinsights_skip_tracking":false,"_monsterinsights_sitenote_active":false,"_monsterinsights_sitenote_note":"","_monsterinsights_sitenote_category":0,"footnotes":""},"categories":[1],"tags":[],"class_list":["post-3575","post","type-post","status-publish","format-standard","hentry","category-aktuellt"],"_links":{"self":[{"href":"http:\/\/sundalsryr.se\/index.php?rest_route=\/wp\/v2\/posts\/3575"}],"collection":[{"href":"http:\/\/sundalsryr.se\/index.php?rest_route=\/wp\/v2\/posts"}],"about":[{"href":"http:\/\/sundalsryr.se\/index.php?rest_route=\/wp\/v2\/types\/post"}],"author":[{"embeddable":true,"href":"http:\/\/sundalsryr.se\/index.php?rest_route=\/wp\/v2\/users\/3"}],"replies":[{"embeddable":true,"href":"http:\/\/sundalsryr.se\/index.php?rest_route=%2Fwp%2Fv2%2Fcomments&post=3575"}],"version-history":[{"count":2,"href":"http:\/\/sundalsryr.se\/index.php?rest_route=\/wp\/v2\/posts\/3575\/revisions"}],"predecessor-version":[{"id":3579,"href":"http:\/\/sundalsryr.se\/index.php?rest_route=\/wp\/v2\/posts\/3575\/revisions\/3579"}],"wp:attachment":[{"href":"http:\/\/sundalsryr.se\/index.php?rest_route=%2Fwp%2Fv2%2Fmedia&parent=3575"}],"wp:term":[{"taxonomy":"category","embeddable":true,"href":"http:\/\/sundalsryr.se\/index.php?rest_route=%2Fwp%2Fv2%2Fcategories&post=3575"},{"taxonomy":"post_tag","embeddable":true,"href":"http:\/\/sundalsryr.se\/index.php?rest_route=%2Fwp%2Fv2%2Ftags&post=3575"}],"curies":[{"name":"wp","href":"https:\/\/api.w.org\/{rel}","templated":true}]}}