{"id":3598,"date":"2016-07-15T17:36:57","date_gmt":"2016-07-15T17:36:57","guid":{"rendered":"http:\/\/sundalsryr.se\/?p=3598"},"modified":"2016-07-15T17:36:57","modified_gmt":"2016-07-15T17:36:57","slug":"sommarvecka","status":"publish","type":"post","link":"http:\/\/sundalsryr.se\/?p=3598","title":{"rendered":"Sommarvecka"},"content":{"rendered":"<p>Vecka 29 \u00e4r det sommarvecka i kyrkorna i Sundals ryr<\/p>\n<p>&nbsp;<\/p>\n<p><strong>Onsdag 20 juli<\/strong> mellan kl :16-18 \u00e4r det \u00f6ppen kyrka (Nya kyrkan) med fika och visning av kyrkan.\u00a0Kl 18 \u00e4r det andakt.<\/p>\n<p><a href=\"http:\/\/sundalsryr.se\/wp-content\/uploads\/2016\/07\/nya-kyrkan.jpg\"><img loading=\"lazy\" decoding=\"async\" class=\"alignleft size-medium wp-image-3600\" src=\"http:\/\/sundalsryr.se\/wp-content\/uploads\/2016\/07\/nya-kyrkan-300x200.jpg\" alt=\"nya kyrkan\" width=\"300\" height=\"200\" srcset=\"http:\/\/sundalsryr.se\/wp-content\/uploads\/2016\/07\/nya-kyrkan-300x200.jpg 300w, http:\/\/sundalsryr.se\/wp-content\/uploads\/2016\/07\/nya-kyrkan.jpg 475w\" sizes=\"(max-width: 300px) 100vw, 300px\" \/><\/a><\/p>\n<p><strong>Torsdag 21 juli<\/strong> mellan\u00a0 kl: 16-18 \u00e4r nya kyrkan \u00e5terigen \u00f6ppen, \u00e4ven denna kv\u00e4ll bjuds p\u00e5 fika och visning av kyrkan. Kl 18 \u00e4r det veckom\u00e4ssa.<\/p>\n<p>&nbsp;<\/p>\n<p>&nbsp;<\/p>\n<p>&nbsp;<\/p>\n<p>&nbsp;<\/p>\n<p><a href=\"http:\/\/sundalsryr.se\/wp-content\/uploads\/2016\/07\/gamla-kyrkan.jpg\"><img loading=\"lazy\" decoding=\"async\" class=\"alignright size-medium wp-image-3599\" src=\"http:\/\/sundalsryr.se\/wp-content\/uploads\/2016\/07\/gamla-kyrkan-300x200.jpg\" alt=\"gamla kyrkan\" width=\"300\" height=\"200\" srcset=\"http:\/\/sundalsryr.se\/wp-content\/uploads\/2016\/07\/gamla-kyrkan-300x200.jpg 300w, http:\/\/sundalsryr.se\/wp-content\/uploads\/2016\/07\/gamla-kyrkan.jpg 475w\" sizes=\"(max-width: 300px) 100vw, 300px\" \/><\/a><\/p>\n<p><strong>L\u00f6rdag 23 juli<\/strong> mellan kl 16-18 \u00e4r gamla kyrkan \u00f6ppen och det blir en kyrkog\u00e5rdsvandring som leds av Gunnar Karlsson i Ryr.\u00a0 Kl 18 \u00e4r det musik vid helgsm\u00e5l.<\/p>\n<p>&nbsp;<\/p>\n<p><strong>\/Susanne Borss\u00e9n<\/strong><\/p>\n<p>&nbsp;<\/p>\n","protected":false},"excerpt":{"rendered":"<p>Vecka 29 \u00e4r det sommarvecka i kyrkorna i Sundals ryr &nbsp; Onsdag 20 juli mellan kl :16-18 \u00e4r det \u00f6ppen kyrka (Nya kyrkan) med fika och visning av kyrkan.\u00a0Kl 18 \u00e4r det andakt. Torsdag 21 juli mellan\u00a0 kl: 16-18 \u00e4r nya kyrkan \u00e5terigen \u00f6ppen, \u00e4ven denna kv\u00e4ll bjuds p\u00e5 fika och visning av kyrkan. Kl&#8230;<\/p>\n","protected":false},"author":3,"featured_media":0,"comment_status":"open","ping_status":"open","sticky":false,"template":"","format":"standard","meta":{"_monsterinsights_skip_tracking":false,"_monsterinsights_sitenote_active":false,"_monsterinsights_sitenote_note":"","_monsterinsights_sitenote_category":0,"footnotes":""},"categories":[1],"tags":[],"class_list":["post-3598","post","type-post","status-publish","format-standard","hentry","category-aktuellt"],"_links":{"self":[{"href":"http:\/\/sundalsryr.se\/index.php?rest_route=\/wp\/v2\/posts\/3598"}],"collection":[{"href":"http:\/\/sundalsryr.se\/index.php?rest_route=\/wp\/v2\/posts"}],"about":[{"href":"http:\/\/sundalsryr.se\/index.php?rest_route=\/wp\/v2\/types\/post"}],"author":[{"embeddable":true,"href":"http:\/\/sundalsryr.se\/index.php?rest_route=\/wp\/v2\/users\/3"}],"replies":[{"embeddable":true,"href":"http:\/\/sundalsryr.se\/index.php?rest_route=%2Fwp%2Fv2%2Fcomments&post=3598"}],"version-history":[{"count":1,"href":"http:\/\/sundalsryr.se\/index.php?rest_route=\/wp\/v2\/posts\/3598\/revisions"}],"predecessor-version":[{"id":3601,"href":"http:\/\/sundalsryr.se\/index.php?rest_route=\/wp\/v2\/posts\/3598\/revisions\/3601"}],"wp:attachment":[{"href":"http:\/\/sundalsryr.se\/index.php?rest_route=%2Fwp%2Fv2%2Fmedia&parent=3598"}],"wp:term":[{"taxonomy":"category","embeddable":true,"href":"http:\/\/sundalsryr.se\/index.php?rest_route=%2Fwp%2Fv2%2Fcategories&post=3598"},{"taxonomy":"post_tag","embeddable":true,"href":"http:\/\/sundalsryr.se\/index.php?rest_route=%2Fwp%2Fv2%2Ftags&post=3598"}],"curies":[{"name":"wp","href":"https:\/\/api.w.org\/{rel}","templated":true}]}}