{"id":3602,"date":"2016-07-18T14:15:53","date_gmt":"2016-07-18T14:15:53","guid":{"rendered":"http:\/\/sundalsryr.se\/?p=3602"},"modified":"2016-07-18T14:15:53","modified_gmt":"2016-07-18T14:15:53","slug":"kvallspromenad-i-sundals-ryr-17-2016-ett-bildkollage","status":"publish","type":"post","link":"http:\/\/sundalsryr.se\/?p=3602","title":{"rendered":"Kv\u00e4llspromenad i Sundals Ryr 1\/7-2016 \u2013 ett bildkollage\u00a0"},"content":{"rendered":"<p>&nbsp;<\/p>\n<p>D\u00e5 var det dags igen. Det finns ingen hejd p\u00e5 promenaderna. Men det kan inte hj\u00e4lpas f\u00f6r som jag tidigare n\u00e4mnt har det blivit ett beroende. Angen\u00e4mt s\u00e5dant dessutom. Eller det kanske \u00e4r v\u00e4l magstarkt sagt, \u00e5tminstone innan jag tagit mig ut. Nog h\u00e4nder det att det tar emot. Nog h\u00e4nder det att jag t\u00e4nker att jag inte orkar men d\u00e5 t\u00e4nker jag p\u00e5 hur jag m\u00e5dde f\u00f6r drygt nio \u00e5r sedan. Ingen rolig tanke s\u00e5 p\u00e5 med paltorna och p\u00e5\u2019t igen. Av n\u00e5gon anledning blir jag ju dessutom bara \u00e4ldre med \u00e5ren och \u00e4ven om man faktiskt kan \u00e5terh\u00e4mta sig s\u00e5 blir det ju sv\u00e5rare och sv\u00e5rare ju \u00e4ldre man blir. Jag fick dessutom bekr\u00e4ftelse p\u00e5 att jag g\u00f6r r\u00e4tt h\u00e4rom dagen d\u00e5 jag var p\u00e5 h\u00e4lsokontroll p\u00e5 jobbet. Jag kan lova er att s\u00e5 h\u00e4r bra v\u00e4rden som jag har nu, se bild nedan, hade jag verkligen inte innan jag b\u00f6rjade med mina promenader.<\/p>\n<p>L\u00e4s hela texten genom att klicka p\u00e5 l\u00e4nken nedan.<\/p>\n<p><a href=\"http:\/\/sundalsryr.se\/wp-content\/uploads\/2016\/07\/Kv\u00e4llspromenad-i-Sundals-Ryr-.pdf\">Kv\u00e4llspromenad i Sundals Ryr<\/a><\/p>\n<p><strong>\/Marjukka Sagesj\u00f6<\/strong><\/p>\n<p>&nbsp;<\/p>\n<p>&nbsp;<\/p>\n<p>&nbsp;<\/p>\n","protected":false},"excerpt":{"rendered":"<p>&nbsp; D\u00e5 var det dags igen. Det finns ingen hejd p\u00e5 promenaderna. Men det kan inte hj\u00e4lpas f\u00f6r som jag tidigare n\u00e4mnt har det blivit ett beroende. Angen\u00e4mt s\u00e5dant dessutom. Eller det kanske \u00e4r v\u00e4l magstarkt sagt, \u00e5tminstone innan jag tagit mig ut. Nog h\u00e4nder det att det tar emot. Nog h\u00e4nder det att jag&#8230;<\/p>\n","protected":false},"author":3,"featured_media":0,"comment_status":"open","ping_status":"open","sticky":false,"template":"","format":"standard","meta":{"_monsterinsights_skip_tracking":false,"_monsterinsights_sitenote_active":false,"_monsterinsights_sitenote_note":"","_monsterinsights_sitenote_category":0,"footnotes":""},"categories":[1],"tags":[],"class_list":["post-3602","post","type-post","status-publish","format-standard","hentry","category-aktuellt"],"_links":{"self":[{"href":"http:\/\/sundalsryr.se\/index.php?rest_route=\/wp\/v2\/posts\/3602"}],"collection":[{"href":"http:\/\/sundalsryr.se\/index.php?rest_route=\/wp\/v2\/posts"}],"about":[{"href":"http:\/\/sundalsryr.se\/index.php?rest_route=\/wp\/v2\/types\/post"}],"author":[{"embeddable":true,"href":"http:\/\/sundalsryr.se\/index.php?rest_route=\/wp\/v2\/users\/3"}],"replies":[{"embeddable":true,"href":"http:\/\/sundalsryr.se\/index.php?rest_route=%2Fwp%2Fv2%2Fcomments&post=3602"}],"version-history":[{"count":5,"href":"http:\/\/sundalsryr.se\/index.php?rest_route=\/wp\/v2\/posts\/3602\/revisions"}],"predecessor-version":[{"id":3637,"href":"http:\/\/sundalsryr.se\/index.php?rest_route=\/wp\/v2\/posts\/3602\/revisions\/3637"}],"wp:attachment":[{"href":"http:\/\/sundalsryr.se\/index.php?rest_route=%2Fwp%2Fv2%2Fmedia&parent=3602"}],"wp:term":[{"taxonomy":"category","embeddable":true,"href":"http:\/\/sundalsryr.se\/index.php?rest_route=%2Fwp%2Fv2%2Fcategories&post=3602"},{"taxonomy":"post_tag","embeddable":true,"href":"http:\/\/sundalsryr.se\/index.php?rest_route=%2Fwp%2Fv2%2Ftags&post=3602"}],"curies":[{"name":"wp","href":"https:\/\/api.w.org\/{rel}","templated":true}]}}