{"id":3648,"date":"2016-07-26T08:31:15","date_gmt":"2016-07-26T08:31:15","guid":{"rendered":"http:\/\/sundalsryr.se\/?p=3648"},"modified":"2016-07-24T20:52:35","modified_gmt":"2016-07-24T20:52:35","slug":"kyrkogardsvandring","status":"publish","type":"post","link":"http:\/\/sundalsryr.se\/?p=3648","title":{"rendered":"Kyrkog\u00e5rdsvandring"},"content":{"rendered":"<p><a href=\"http:\/\/sundalsryr.se\/wp-content\/uploads\/2016\/07\/IMG_3706.jpg\"><img loading=\"lazy\" decoding=\"async\" class=\"aligncenter wp-image-3649\" src=\"http:\/\/sundalsryr.se\/wp-content\/uploads\/2016\/07\/IMG_3706.jpg\" alt=\"IMG_3706\" width=\"770\" height=\"548\" srcset=\"http:\/\/sundalsryr.se\/wp-content\/uploads\/2016\/07\/IMG_3706.jpg 2857w, http:\/\/sundalsryr.se\/wp-content\/uploads\/2016\/07\/IMG_3706-300x213.jpg 300w, http:\/\/sundalsryr.se\/wp-content\/uploads\/2016\/07\/IMG_3706-768x546.jpg 768w, http:\/\/sundalsryr.se\/wp-content\/uploads\/2016\/07\/IMG_3706-1024x729.jpg 1024w\" sizes=\"(max-width: 770px) 100vw, 770px\" \/><\/a><\/p>\n<p>Det kom m\u00e5nga till den popul\u00e4ra kyrkog\u00e5rdsvandringen vid gamla kyrkan. Gunnar i Ryr delade med sig av sitt stora kunnande om livs\u00f6den, sl\u00e4kter och gamla tider. H\u00e4r kommer ett litet axplock av vad som ber\u00e4ttades vid den intressanta rundvandringen.<\/p>\n<figure id=\"attachment_3650\" aria-describedby=\"caption-attachment-3650\" style=\"width: 607px\" class=\"wp-caption alignleft\"><a href=\"http:\/\/sundalsryr.se\/wp-content\/uploads\/2016\/07\/IMG_3701.jpg\"><img loading=\"lazy\" decoding=\"async\" class=\" wp-image-3650\" src=\"http:\/\/sundalsryr.se\/wp-content\/uploads\/2016\/07\/IMG_3701.jpg\" alt=\"Denna del av kyrkog\u00e5rden var t\u00e4nk att bli kolera kyrkog\u00e5rd\" width=\"607\" height=\"455\" srcset=\"http:\/\/sundalsryr.se\/wp-content\/uploads\/2016\/07\/IMG_3701.jpg 3264w, http:\/\/sundalsryr.se\/wp-content\/uploads\/2016\/07\/IMG_3701-300x225.jpg 300w, http:\/\/sundalsryr.se\/wp-content\/uploads\/2016\/07\/IMG_3701-768x576.jpg 768w, http:\/\/sundalsryr.se\/wp-content\/uploads\/2016\/07\/IMG_3701-1024x768.jpg 1024w\" sizes=\"(max-width: 607px) 100vw, 607px\" \/><\/a><figcaption id=\"caption-attachment-3650\" class=\"wp-caption-text\">Denna del av kyrkog\u00e5rden var t\u00e4nk att bli kolera kyrkog\u00e5rd<\/figcaption><\/figure>\n<p>Under 600-700 \u00e5r var detta socknens begravningsplats, men i dag sker inte l\u00e4ngre n\u00e5gra jordbegravningar h\u00e4r. En och annan urn-begravning i de befintliga familjegravarna f\u00f6rekommer dock fortfarande. Fr\u00e5n allra f\u00f6rsta b\u00f6rjan har kyrkog\u00e5rden troligen haft samma h\u00f6jd som parkeringen, men med tiden har den blivit h\u00f6gre. Muren runt om gjordes i b\u00f6rjan av 1800-talet. Bakom kyrkan finns det en plats d\u00e4r det inte finns n\u00e5gra \u201dnutida\u201d gravar alls. Den delen \u00e4r avsatt till kolera kyrkog\u00e5rd. Tack och lov blev det n\u00e4stan inte n\u00e5gra Sundals ryrsbor som dog i kolera och d\u00e4rf\u00f6r \u00e4r ingen begravd d\u00e4r, men f\u00f6rmodligen finns det gamla gravar under den nuvarande niv\u00e5n.<\/p>\n<p><a href=\"http:\/\/sundalsryr.se\/wp-content\/uploads\/2016\/07\/IMG_3712.jpg\"><img loading=\"lazy\" decoding=\"async\" class=\"alignright size-medium wp-image-3661\" src=\"http:\/\/sundalsryr.se\/wp-content\/uploads\/2016\/07\/IMG_3712-225x300.jpg\" alt=\"IMG_3712\" width=\"225\" height=\"300\" srcset=\"http:\/\/sundalsryr.se\/wp-content\/uploads\/2016\/07\/IMG_3712-225x300.jpg 225w, http:\/\/sundalsryr.se\/wp-content\/uploads\/2016\/07\/IMG_3712-768x1024.jpg 768w\" sizes=\"(max-width: 225px) 100vw, 225px\" \/><\/a><\/p>\n<p>&nbsp;<\/p>\n<p>&nbsp;<\/p>\n<p>&nbsp;<\/p>\n<figure id=\"attachment_3651\" aria-describedby=\"caption-attachment-3651\" style=\"width: 205px\" class=\"wp-caption alignleft\"><a href=\"http:\/\/sundalsryr.se\/wp-content\/uploads\/2016\/07\/IMG_3707.jpg\"><img loading=\"lazy\" decoding=\"async\" class=\"size-medium wp-image-3651\" src=\"http:\/\/sundalsryr.se\/wp-content\/uploads\/2016\/07\/IMG_3707-205x300.jpg\" alt=\"Gunnar visar den gravsten som nu \u00e4r \u00e4ldst\" width=\"205\" height=\"300\" srcset=\"http:\/\/sundalsryr.se\/wp-content\/uploads\/2016\/07\/IMG_3707-205x300.jpg 205w, http:\/\/sundalsryr.se\/wp-content\/uploads\/2016\/07\/IMG_3707-768x1121.jpg 768w, http:\/\/sundalsryr.se\/wp-content\/uploads\/2016\/07\/IMG_3707-701x1024.jpg 701w, http:\/\/sundalsryr.se\/wp-content\/uploads\/2016\/07\/IMG_3707.jpg 1809w\" sizes=\"(max-width: 205px) 100vw, 205px\" \/><\/a><figcaption id=\"caption-attachment-3651\" class=\"wp-caption-text\">Gunnar visar den gravsten som nu \u00e4r \u00e4ldst<\/figcaption><\/figure>\n<p>Den \u00e4ldsta gravstenen \u00e4r ganska liten och st\u00e5r bakom kyrkan fr\u00e5n grinden sett. Den har inskription p\u00e5 b\u00e5da sidor och Gunnar har lyckats tyda \u00e5rtalet 1733 samt n\u00e5gra bokst\u00e4ver. Troligtvis \u00e4r ett f\u00f6r\u00e4ldrapar begravt p\u00e5 ena sidan av stenen och deras son p\u00e5 den andra. Speciellt f\u00f6r gamla kyrkan \u00e4r att det finns flera fina j\u00e4rnkors, ett av dem \u00e4r till minne av Anders Hansson i Sallebyn. Han hade inte mindre \u00e4r 44 barnbarn n\u00e4r han dog!<\/p>\n<p>&nbsp;<\/p>\n<p>&nbsp;<\/p>\n<p>&nbsp;<\/p>\n<p>&nbsp;<\/p>\n<figure id=\"attachment_3656\" aria-describedby=\"caption-attachment-3656\" style=\"width: 225px\" class=\"wp-caption alignleft\"><a href=\"http:\/\/sundalsryr.se\/wp-content\/uploads\/2016\/07\/IMG_3694.jpg\"><img loading=\"lazy\" decoding=\"async\" class=\"wp-image-3656 size-medium\" src=\"http:\/\/sundalsryr.se\/wp-content\/uploads\/2016\/07\/IMG_3694-225x300.jpg\" width=\"225\" height=\"300\" srcset=\"http:\/\/sundalsryr.se\/wp-content\/uploads\/2016\/07\/IMG_3694-225x300.jpg 225w, http:\/\/sundalsryr.se\/wp-content\/uploads\/2016\/07\/IMG_3694-768x1024.jpg 768w\" sizes=\"(max-width: 225px) 100vw, 225px\" \/><\/a><figcaption id=\"caption-attachment-3656\" class=\"wp-caption-text\">I USA kallades han &#8221;Buss Andy&#8221; och var en av grundarna till greyhoundbussarna<\/figcaption><\/figure>\n<p>En av de mer k\u00e4nda Sundals ryrs borna \u00e4r \u201dbusskungen\u201d Anders Andresson, R\u00e5dane, som emigrerade till USA och var en av dem som startade Greyhound bussarna . Han har bidragit till den nuvarande klockan som h\u00e4nger i klockstapeln. Det s\u00e4gs att man inte hade gjort n\u00e5got f\u00f6rtydligande kring detta, s\u00e5 en g\u00e5ng n\u00e4r han skulle komma och h\u00e4lsa p\u00e5 fick man i alla hast l\u00e5ta gravera in hans namn p\u00e5 klockan, d\u00e4rf\u00f6r \u00e4r det lite slarvigt gjort.<\/p>\n<p>&nbsp;<\/p>\n<figure id=\"attachment_3657\" aria-describedby=\"caption-attachment-3657\" style=\"width: 280px\" class=\"wp-caption alignright\"><a href=\"http:\/\/sundalsryr.se\/wp-content\/uploads\/2016\/07\/IMG_3698.jpg\"><img loading=\"lazy\" decoding=\"async\" class=\"wp-image-3657 \" src=\"http:\/\/sundalsryr.se\/wp-content\/uploads\/2016\/07\/IMG_3698-189x300.jpg\" alt=\"IMG_3698\" width=\"280\" height=\"445\" srcset=\"http:\/\/sundalsryr.se\/wp-content\/uploads\/2016\/07\/IMG_3698-189x300.jpg 189w, http:\/\/sundalsryr.se\/wp-content\/uploads\/2016\/07\/IMG_3698-768x1221.jpg 768w, http:\/\/sundalsryr.se\/wp-content\/uploads\/2016\/07\/IMG_3698-644x1024.jpg 644w, http:\/\/sundalsryr.se\/wp-content\/uploads\/2016\/07\/IMG_3698.jpg 2009w\" sizes=\"(max-width: 280px) 100vw, 280px\" \/><\/a><figcaption id=\"caption-attachment-3657\" class=\"wp-caption-text\">Janne Jonassons fr\u00e5n g\u00e5rden h\u00f6gen har en sten som \u00e4r huggen av hans familj och f\u00f6r att f\u00e5 r\u00e4tt form p\u00e5 den fina rundeln anv\u00e4nde man en serveringsbricka!<\/figcaption><\/figure>\n<p>&nbsp;<\/p>\n<p>&nbsp;<\/p>\n<p>&nbsp;<\/p>\n<p>&nbsp;<\/p>\n<p>&nbsp;<\/p>\n<p>&nbsp;<\/p>\n<p>&nbsp;<\/p>\n<figure id=\"attachment_3658\" aria-describedby=\"caption-attachment-3658\" style=\"width: 300px\" class=\"wp-caption alignleft\"><a href=\"http:\/\/sundalsryr.se\/wp-content\/uploads\/2016\/07\/IMG_3693.jpg\"><img loading=\"lazy\" decoding=\"async\" class=\"wp-image-3658 size-medium\" src=\"http:\/\/sundalsryr.se\/wp-content\/uploads\/2016\/07\/IMG_3693-300x257.jpg\" alt=\"IMG_3693\" width=\"300\" height=\"257\" srcset=\"http:\/\/sundalsryr.se\/wp-content\/uploads\/2016\/07\/IMG_3693-300x257.jpg 300w, http:\/\/sundalsryr.se\/wp-content\/uploads\/2016\/07\/IMG_3693-768x659.jpg 768w, http:\/\/sundalsryr.se\/wp-content\/uploads\/2016\/07\/IMG_3693-1024x878.jpg 1024w\" sizes=\"(max-width: 300px) 100vw, 300px\" \/><\/a><figcaption id=\"caption-attachment-3658\" class=\"wp-caption-text\">Kyrkvaktm\u00e4stare Axel Forsberg sk\u00f6tte med stor omsorg gamla kyrkan under m\u00e5nga \u00e5r, han \u00e4r den siste som jordbegravits p\u00e5 kyrkog\u00e5rden.<\/figcaption><\/figure>\n<p>&nbsp;<\/p>\n<p>&nbsp;<\/p>\n<p>&nbsp;<\/p>\n<p>&nbsp;<\/p>\n<p>&nbsp;<\/p>\n<p>&nbsp;<\/p>\n<p>&nbsp;<\/p>\n<p>&nbsp;<\/p>\n<p>&nbsp;<\/p>\n<p>&nbsp;<\/p>\n<figure id=\"attachment_3659\" aria-describedby=\"caption-attachment-3659\" style=\"width: 253px\" class=\"wp-caption alignright\"><a href=\"http:\/\/sundalsryr.se\/wp-content\/uploads\/2016\/07\/IMG_3736.jpg\"><img loading=\"lazy\" decoding=\"async\" class=\"wp-image-3659 \" src=\"http:\/\/sundalsryr.se\/wp-content\/uploads\/2016\/07\/IMG_3736-222x300.jpg\" alt=\"IMG_3736\" width=\"253\" height=\"342\" srcset=\"http:\/\/sundalsryr.se\/wp-content\/uploads\/2016\/07\/IMG_3736-222x300.jpg 222w, http:\/\/sundalsryr.se\/wp-content\/uploads\/2016\/07\/IMG_3736-768x1036.jpg 768w, http:\/\/sundalsryr.se\/wp-content\/uploads\/2016\/07\/IMG_3736-759x1024.jpg 759w, http:\/\/sundalsryr.se\/wp-content\/uploads\/2016\/07\/IMG_3736.jpg 2041w\" sizes=\"(max-width: 253px) 100vw, 253px\" \/><\/a><figcaption id=\"caption-attachment-3659\" class=\"wp-caption-text\">Flera \u00e5r efter sin d\u00f6d fick l\u00e4raren Erik Gustavsson en minnessten. Han var l\u00e4rare i Sallebyns skola och ryktet s\u00e4ger att han inte var av den v\u00e4nliga, toleranta sorten utan ist\u00e4llet en som provade h\u00e5llfastheten i elevernas \u00f6ron.<\/figcaption><\/figure>\n<p>&nbsp;<\/p>\n<p>&nbsp;<\/p>\n<p>Efter\u00e5t bj\u00f6ds det p\u00e5 fika i det fina, varma, sommarv\u00e4dret. Kyrkan var \u00f6ppen och m\u00e5nga passade p\u00e5 att titta i den eller bara g\u00e5 in i den en stund f\u00f6r att svalka sig. Klockan 18 b\u00f6rjade musik i helgsm\u00e5l och andakt med Anette Jarsved Carlsson. Det blev en trevlig kv\u00e4ll i den popul\u00e4ra gamla kyrkan som varit bygdens samlingspunkt under m\u00e5nga, m\u00e5nga \u00e5r och omg\u00e4rdas av s\u00e5 mycket sp\u00e4nnande historia.<\/p>\n","protected":false},"excerpt":{"rendered":"<p>Det kom m\u00e5nga till den popul\u00e4ra kyrkog\u00e5rdsvandringen vid gamla kyrkan. Gunnar i Ryr delade med sig av sitt stora kunnande om livs\u00f6den, sl\u00e4kter och gamla tider. H\u00e4r kommer ett litet axplock av vad som ber\u00e4ttades vid den intressanta rundvandringen. Under 600-700 \u00e5r var detta socknens begravningsplats, men i dag sker inte l\u00e4ngre n\u00e5gra jordbegravningar h\u00e4r&#8230;.<\/p>\n","protected":false},"author":3,"featured_media":0,"comment_status":"open","ping_status":"open","sticky":false,"template":"","format":"standard","meta":{"_monsterinsights_skip_tracking":false,"_monsterinsights_sitenote_active":false,"_monsterinsights_sitenote_note":"","_monsterinsights_sitenote_category":0,"footnotes":""},"categories":[1],"tags":[],"class_list":["post-3648","post","type-post","status-publish","format-standard","hentry","category-aktuellt"],"_links":{"self":[{"href":"http:\/\/sundalsryr.se\/index.php?rest_route=\/wp\/v2\/posts\/3648"}],"collection":[{"href":"http:\/\/sundalsryr.se\/index.php?rest_route=\/wp\/v2\/posts"}],"about":[{"href":"http:\/\/sundalsryr.se\/index.php?rest_route=\/wp\/v2\/types\/post"}],"author":[{"embeddable":true,"href":"http:\/\/sundalsryr.se\/index.php?rest_route=\/wp\/v2\/users\/3"}],"replies":[{"embeddable":true,"href":"http:\/\/sundalsryr.se\/index.php?rest_route=%2Fwp%2Fv2%2Fcomments&post=3648"}],"version-history":[{"count":5,"href":"http:\/\/sundalsryr.se\/index.php?rest_route=\/wp\/v2\/posts\/3648\/revisions"}],"predecessor-version":[{"id":3665,"href":"http:\/\/sundalsryr.se\/index.php?rest_route=\/wp\/v2\/posts\/3648\/revisions\/3665"}],"wp:attachment":[{"href":"http:\/\/sundalsryr.se\/index.php?rest_route=%2Fwp%2Fv2%2Fmedia&parent=3648"}],"wp:term":[{"taxonomy":"category","embeddable":true,"href":"http:\/\/sundalsryr.se\/index.php?rest_route=%2Fwp%2Fv2%2Fcategories&post=3648"},{"taxonomy":"post_tag","embeddable":true,"href":"http:\/\/sundalsryr.se\/index.php?rest_route=%2Fwp%2Fv2%2Ftags&post=3648"}],"curies":[{"name":"wp","href":"https:\/\/api.w.org\/{rel}","templated":true}]}}