{"id":3670,"date":"2016-08-02T20:00:34","date_gmt":"2016-08-02T20:00:34","guid":{"rendered":"http:\/\/sundalsryr.se\/?p=3670"},"modified":"2016-08-01T17:25:48","modified_gmt":"2016-08-01T17:25:48","slug":"trana-infor-jakten","status":"publish","type":"post","link":"http:\/\/sundalsryr.se\/?p=3670","title":{"rendered":"Tr\u00e4na inf\u00f6r jakten"},"content":{"rendered":"<p>F\u00f6rra \u00e5rets resa till \u00e4lgskyttebanan i Bolstad blev en succ\u00e9, \u00e4ven om det var lite si och s\u00e5 med att tr\u00e4ffa \u00e4lgarna s\u00e5 hade alla mycket trevligt. Nu p\u00e5 l\u00f6rdag (6\/8) \u00e4r det dags f\u00f6r \u00e5rets upplaga. Vi tr\u00e4ffas vid parkeringen i V\u00e4stra Bleken kl 14.30. Ingen anm\u00e4lan beh\u00f6vs.\u00a0\u00a0Fr\u00e5gor Jan Borss\u00e9n tele 35031.<\/p>\n<p>&nbsp;<\/p>\n<figure id=\"attachment_3671\" aria-describedby=\"caption-attachment-3671\" style=\"width: 600px\" class=\"wp-caption aligncenter\"><a href=\"http:\/\/sundalsryr.se\/wp-content\/uploads\/2016\/08\/H\u00e4lge-strip.jpg\"><img loading=\"lazy\" decoding=\"async\" class=\"size-full wp-image-3671\" src=\"http:\/\/sundalsryr.se\/wp-content\/uploads\/2016\/08\/H\u00e4lge-strip.jpg\" alt=\"Nej, ni beh\u00f6ver inte vara oroliga. Det kostar inte mycket att tr\u00e4na p\u00e5 banan i Bolstad. Var och en f\u00e5r dock ta med vapen och ammunition till sig sj\u00e4lv. \" width=\"600\" height=\"130\" srcset=\"http:\/\/sundalsryr.se\/wp-content\/uploads\/2016\/08\/H\u00e4lge-strip.jpg 600w, http:\/\/sundalsryr.se\/wp-content\/uploads\/2016\/08\/H\u00e4lge-strip-300x65.jpg 300w\" sizes=\"(max-width: 600px) 100vw, 600px\" \/><\/a><figcaption id=\"caption-attachment-3671\" class=\"wp-caption-text\">Nej, ni beh\u00f6ver inte vara oroliga. Det kostar inte mycket att tr\u00e4na p\u00e5 banan i Bolstad. Var och en f\u00e5r dock ta med vapen och ammunition till sig sj\u00e4lv&#8230;<\/figcaption><\/figure>\n<p>&nbsp;<\/p>\n","protected":false},"excerpt":{"rendered":"<p>F\u00f6rra \u00e5rets resa till \u00e4lgskyttebanan i Bolstad blev en succ\u00e9, \u00e4ven om det var lite si och s\u00e5 med att tr\u00e4ffa \u00e4lgarna s\u00e5 hade alla mycket trevligt. Nu p\u00e5 l\u00f6rdag (6\/8) \u00e4r det dags f\u00f6r \u00e5rets upplaga. Vi tr\u00e4ffas vid parkeringen i V\u00e4stra Bleken kl 14.30. Ingen anm\u00e4lan beh\u00f6vs.\u00a0\u00a0Fr\u00e5gor Jan Borss\u00e9n tele 35031. &nbsp; &nbsp;<\/p>\n","protected":false},"author":3,"featured_media":0,"comment_status":"open","ping_status":"open","sticky":false,"template":"","format":"standard","meta":{"_monsterinsights_skip_tracking":false,"_monsterinsights_sitenote_active":false,"_monsterinsights_sitenote_note":"","_monsterinsights_sitenote_category":0,"footnotes":""},"categories":[1],"tags":[],"class_list":["post-3670","post","type-post","status-publish","format-standard","hentry","category-aktuellt"],"_links":{"self":[{"href":"http:\/\/sundalsryr.se\/index.php?rest_route=\/wp\/v2\/posts\/3670"}],"collection":[{"href":"http:\/\/sundalsryr.se\/index.php?rest_route=\/wp\/v2\/posts"}],"about":[{"href":"http:\/\/sundalsryr.se\/index.php?rest_route=\/wp\/v2\/types\/post"}],"author":[{"embeddable":true,"href":"http:\/\/sundalsryr.se\/index.php?rest_route=\/wp\/v2\/users\/3"}],"replies":[{"embeddable":true,"href":"http:\/\/sundalsryr.se\/index.php?rest_route=%2Fwp%2Fv2%2Fcomments&post=3670"}],"version-history":[{"count":1,"href":"http:\/\/sundalsryr.se\/index.php?rest_route=\/wp\/v2\/posts\/3670\/revisions"}],"predecessor-version":[{"id":3672,"href":"http:\/\/sundalsryr.se\/index.php?rest_route=\/wp\/v2\/posts\/3670\/revisions\/3672"}],"wp:attachment":[{"href":"http:\/\/sundalsryr.se\/index.php?rest_route=%2Fwp%2Fv2%2Fmedia&parent=3670"}],"wp:term":[{"taxonomy":"category","embeddable":true,"href":"http:\/\/sundalsryr.se\/index.php?rest_route=%2Fwp%2Fv2%2Fcategories&post=3670"},{"taxonomy":"post_tag","embeddable":true,"href":"http:\/\/sundalsryr.se\/index.php?rest_route=%2Fwp%2Fv2%2Ftags&post=3670"}],"curies":[{"name":"wp","href":"https:\/\/api.w.org\/{rel}","templated":true}]}}