{"id":3673,"date":"2016-08-06T13:23:23","date_gmt":"2016-08-06T13:23:23","guid":{"rendered":"http:\/\/sundalsryr.se\/?p=3673"},"modified":"2016-08-06T13:23:23","modified_gmt":"2016-08-06T13:23:23","slug":"friluftsgudstjanst-3","status":"publish","type":"post","link":"http:\/\/sundalsryr.se\/?p=3673","title":{"rendered":"Friluftsgudstj\u00e4nst"},"content":{"rendered":"<p><a href=\"http:\/\/sundalsryr.se\/wp-content\/uploads\/2016\/08\/sol.png\"><img loading=\"lazy\" decoding=\"async\" class=\"alignleft size-full wp-image-3674\" src=\"http:\/\/sundalsryr.se\/wp-content\/uploads\/2016\/08\/sol.png\" alt=\"sol\" width=\"200\" height=\"200\" srcset=\"http:\/\/sundalsryr.se\/wp-content\/uploads\/2016\/08\/sol.png 200w, http:\/\/sundalsryr.se\/wp-content\/uploads\/2016\/08\/sol-150x150.png 150w\" sizes=\"(max-width: 200px) 100vw, 200px\" \/><\/a><\/p>\n<p>S\u00f6ndag den <strong>14 augusti<\/strong> \u00a0\u00e4r det den \u00e5rliga<strong> friluftsgudstj\u00e4nsten<\/strong> p\u00e5 Granan. <strong>Det b\u00f6rjar kl 15 !<\/strong> Den felaktiga tiden som smugit sig in i byabladet kan ni helt bortse ifr\u00e5n, sprid g\u00e4rna den riktiga tiden vidare.<\/p>\n<p>Anette Jarsved Carlson h\u00e5ller i gudstj\u00e4nsten, Katarina Kj\u00f6rling sjunger, LRF bjuder p\u00e5 korv och br\u00f6d, byalaget har kaffeservering och lotteri med fina priser.<\/p>\n<p><a href=\"http:\/\/sundalsryr.se\/wp-content\/uploads\/2016\/08\/noter.jpg\"><img loading=\"lazy\" decoding=\"async\" class=\"alignright size-full wp-image-3675\" src=\"http:\/\/sundalsryr.se\/wp-content\/uploads\/2016\/08\/noter.jpg\" alt=\"noter\" width=\"195\" height=\"219\" \/><\/a><\/p>\n<p>Har du m\u00f6jligen n\u00e5got du kan t\u00e4nka dig att sk\u00e4nka som pris? Kanske n\u00e5got hembakt, n\u00e5gra egenodlade tomater eller n\u00e5got annat du odlat sj\u00e4lv. De hemgjorda priserna brukar vara mycket uppskattade.\u00a0 Ta i s\u00e5 fall med dem p\u00e5 s\u00f6ndag eller h\u00f6r av dig till Susanne Borss\u00e9n 076-8533576 om du vill l\u00e4mna dem tidigare.<\/p>\n<p>Vi har sj\u00e4lvklart best\u00e4llt fint v\u00e4der, men skulle det mot f\u00f6rmodan bli regn h\u00e5lls gudstj\u00e4nsten inne i skidstugan.<\/p>\n<p><strong>Alla Varmt v\u00e4lkomna !<\/strong><\/p>\n","protected":false},"excerpt":{"rendered":"<p>S\u00f6ndag den 14 augusti \u00a0\u00e4r det den \u00e5rliga friluftsgudstj\u00e4nsten p\u00e5 Granan. Det b\u00f6rjar kl 15 ! Den felaktiga tiden som smugit sig in i byabladet kan ni helt bortse ifr\u00e5n, sprid g\u00e4rna den riktiga tiden vidare. Anette Jarsved Carlson h\u00e5ller i gudstj\u00e4nsten, Katarina Kj\u00f6rling sjunger, LRF bjuder p\u00e5 korv och br\u00f6d, byalaget har kaffeservering och&#8230;<\/p>\n","protected":false},"author":3,"featured_media":0,"comment_status":"open","ping_status":"open","sticky":false,"template":"","format":"standard","meta":{"_monsterinsights_skip_tracking":false,"_monsterinsights_sitenote_active":false,"_monsterinsights_sitenote_note":"","_monsterinsights_sitenote_category":0,"footnotes":""},"categories":[1],"tags":[],"class_list":["post-3673","post","type-post","status-publish","format-standard","hentry","category-aktuellt"],"_links":{"self":[{"href":"http:\/\/sundalsryr.se\/index.php?rest_route=\/wp\/v2\/posts\/3673"}],"collection":[{"href":"http:\/\/sundalsryr.se\/index.php?rest_route=\/wp\/v2\/posts"}],"about":[{"href":"http:\/\/sundalsryr.se\/index.php?rest_route=\/wp\/v2\/types\/post"}],"author":[{"embeddable":true,"href":"http:\/\/sundalsryr.se\/index.php?rest_route=\/wp\/v2\/users\/3"}],"replies":[{"embeddable":true,"href":"http:\/\/sundalsryr.se\/index.php?rest_route=%2Fwp%2Fv2%2Fcomments&post=3673"}],"version-history":[{"count":1,"href":"http:\/\/sundalsryr.se\/index.php?rest_route=\/wp\/v2\/posts\/3673\/revisions"}],"predecessor-version":[{"id":3676,"href":"http:\/\/sundalsryr.se\/index.php?rest_route=\/wp\/v2\/posts\/3673\/revisions\/3676"}],"wp:attachment":[{"href":"http:\/\/sundalsryr.se\/index.php?rest_route=%2Fwp%2Fv2%2Fmedia&parent=3673"}],"wp:term":[{"taxonomy":"category","embeddable":true,"href":"http:\/\/sundalsryr.se\/index.php?rest_route=%2Fwp%2Fv2%2Fcategories&post=3673"},{"taxonomy":"post_tag","embeddable":true,"href":"http:\/\/sundalsryr.se\/index.php?rest_route=%2Fwp%2Fv2%2Ftags&post=3673"}],"curies":[{"name":"wp","href":"https:\/\/api.w.org\/{rel}","templated":true}]}}