{"id":369,"date":"2010-12-14T10:55:45","date_gmt":"2010-12-14T10:55:45","guid":{"rendered":"http:\/\/sundalsryr.se\/?p=369"},"modified":"2010-12-14T10:55:45","modified_gmt":"2010-12-14T10:55:45","slug":"vuxen-barn-avslutning","status":"publish","type":"post","link":"http:\/\/sundalsryr.se\/?p=369","title":{"rendered":"Vuxen Barn avslutning"},"content":{"rendered":"<p><a href=\"http:\/\/sundalsryr.se\/wp-content\/uploads\/2010\/12\/0011.jpg\"><img loading=\"lazy\" decoding=\"async\" class=\"alignnone size-medium wp-image-373\" title=\"vob avsl. 2010 s\u00e5ngsamling\" src=\"http:\/\/sundalsryr.se\/wp-content\/uploads\/2010\/12\/0011-300x225.jpg\" alt=\"\" width=\"300\" height=\"225\" srcset=\"http:\/\/sundalsryr.se\/wp-content\/uploads\/2010\/12\/0011-300x225.jpg 300w, http:\/\/sundalsryr.se\/wp-content\/uploads\/2010\/12\/0011-1024x768.jpg 1024w\" sizes=\"(max-width: 300px) 100vw, 300px\" \/><\/a><\/p>\n<p>Torsdagen den 9 december var det avslutning f\u00f6r vuxen barn gruppen i Sundals Ryr i f\u00f6rsamlingshemmet. Gruppen har tr\u00e4ffats en g\u00e5ng i m\u00e5naden under h\u00f6sten. Barnen har pysslat, sjungit och \u00e4tit en enklare lunch tillsammans.<\/p>\n<p><a href=\"http:\/\/sundalsryr.se\/wp-content\/uploads\/2010\/12\/006.jpg\"><img loading=\"lazy\" decoding=\"async\" class=\"alignnone size-medium wp-image-371\" title=\"vob avsl. 2010\" src=\"http:\/\/sundalsryr.se\/wp-content\/uploads\/2010\/12\/006-300x225.jpg\" alt=\"\" width=\"300\" height=\"225\" srcset=\"http:\/\/sundalsryr.se\/wp-content\/uploads\/2010\/12\/006-300x225.jpg 300w, http:\/\/sundalsryr.se\/wp-content\/uploads\/2010\/12\/006-1024x768.jpg 1024w\" sizes=\"(max-width: 300px) 100vw, 300px\" \/><\/a><\/p>\n<p>P\u00e5 avslutningen var det knytejulbord. Alla tog med bidrag till julbordet, Jansson, k\u00f6ttbullar, prinskorv, skinka och massa godsaker till efterr\u00e4tt.<\/p>\n<p><a href=\"http:\/\/sundalsryr.se\/wp-content\/uploads\/2010\/12\/007.jpg\"><img loading=\"lazy\" decoding=\"async\" class=\"alignnone size-medium wp-image-372\" title=\"vob avsl. britta 2010\" src=\"http:\/\/sundalsryr.se\/wp-content\/uploads\/2010\/12\/007-300x225.jpg\" alt=\"\" width=\"300\" height=\"225\" srcset=\"http:\/\/sundalsryr.se\/wp-content\/uploads\/2010\/12\/007-300x225.jpg 300w, http:\/\/sundalsryr.se\/wp-content\/uploads\/2010\/12\/007-1024x768.jpg 1024w\" sizes=\"(max-width: 300px) 100vw, 300px\" \/><\/a><\/p>\n<p>Ledaren Britta ber\u00e4ttar en julsaga f\u00f6r barnen.<\/p>\n","protected":false},"excerpt":{"rendered":"<p>Torsdagen den 9 december var det avslutning f\u00f6r vuxen barn gruppen i Sundals Ryr i f\u00f6rsamlingshemmet. Gruppen har tr\u00e4ffats en g\u00e5ng i m\u00e5naden under h\u00f6sten. Barnen har pysslat, sjungit och \u00e4tit en enklare lunch tillsammans. P\u00e5 avslutningen var det knytejulbord. Alla tog med bidrag till julbordet, Jansson, k\u00f6ttbullar, prinskorv, skinka och massa godsaker till efterr\u00e4tt&#8230;.<\/p>\n","protected":false},"author":2,"featured_media":0,"comment_status":"open","ping_status":"open","sticky":false,"template":"","format":"standard","meta":{"_monsterinsights_skip_tracking":false,"_monsterinsights_sitenote_active":false,"_monsterinsights_sitenote_note":"","_monsterinsights_sitenote_category":0,"footnotes":""},"categories":[1],"tags":[],"class_list":["post-369","post","type-post","status-publish","format-standard","hentry","category-aktuellt"],"_links":{"self":[{"href":"http:\/\/sundalsryr.se\/index.php?rest_route=\/wp\/v2\/posts\/369"}],"collection":[{"href":"http:\/\/sundalsryr.se\/index.php?rest_route=\/wp\/v2\/posts"}],"about":[{"href":"http:\/\/sundalsryr.se\/index.php?rest_route=\/wp\/v2\/types\/post"}],"author":[{"embeddable":true,"href":"http:\/\/sundalsryr.se\/index.php?rest_route=\/wp\/v2\/users\/2"}],"replies":[{"embeddable":true,"href":"http:\/\/sundalsryr.se\/index.php?rest_route=%2Fwp%2Fv2%2Fcomments&post=369"}],"version-history":[{"count":1,"href":"http:\/\/sundalsryr.se\/index.php?rest_route=\/wp\/v2\/posts\/369\/revisions"}],"predecessor-version":[{"id":374,"href":"http:\/\/sundalsryr.se\/index.php?rest_route=\/wp\/v2\/posts\/369\/revisions\/374"}],"wp:attachment":[{"href":"http:\/\/sundalsryr.se\/index.php?rest_route=%2Fwp%2Fv2%2Fmedia&parent=369"}],"wp:term":[{"taxonomy":"category","embeddable":true,"href":"http:\/\/sundalsryr.se\/index.php?rest_route=%2Fwp%2Fv2%2Fcategories&post=369"},{"taxonomy":"post_tag","embeddable":true,"href":"http:\/\/sundalsryr.se\/index.php?rest_route=%2Fwp%2Fv2%2Ftags&post=369"}],"curies":[{"name":"wp","href":"https:\/\/api.w.org\/{rel}","templated":true}]}}