{"id":3700,"date":"2016-08-20T18:47:38","date_gmt":"2016-08-20T18:47:38","guid":{"rendered":"http:\/\/sundalsryr.se\/?p=3700"},"modified":"2017-05-02T19:28:12","modified_gmt":"2017-05-02T19:28:12","slug":"pyrschjakt-pa-radjur","status":"publish","type":"post","link":"http:\/\/sundalsryr.se\/?p=3700","title":{"rendered":"Pyrschjakt p\u00e5 r\u00e5djur"},"content":{"rendered":"<p><a href=\"http:\/\/sundalsryr.se\/wp-content\/uploads\/2016\/08\/IMG_3835.jpg\"><img loading=\"lazy\" decoding=\"async\" class=\"aligncenter  wp-image-3701\" src=\"http:\/\/sundalsryr.se\/wp-content\/uploads\/2016\/08\/IMG_3835-1024x768.jpg\" alt=\"IMG_3835\" width=\"804\" height=\"603\" srcset=\"http:\/\/sundalsryr.se\/wp-content\/uploads\/2016\/08\/IMG_3835-1024x768.jpg 1024w, http:\/\/sundalsryr.se\/wp-content\/uploads\/2016\/08\/IMG_3835-300x225.jpg 300w, http:\/\/sundalsryr.se\/wp-content\/uploads\/2016\/08\/IMG_3835-768x576.jpg 768w\" sizes=\"(max-width: 804px) 100vw, 804px\" \/><\/a><\/p>\n<p>16 augusti \u00e4r en helig dag f\u00f6r m\u00e5nga j\u00e4gare, det \u00e4r d\u00e5 som \u00e5rets jakts\u00e4song inleds. F\u00f6rvisso har man f\u00e5tt jaga b\u00e5de gr\u00e4vling och kr\u00e5ka ett tag, men det stora flertalet anser nog \u00e4nd\u00e5 att jakts\u00e4songen b\u00f6rjar med jakt p\u00e5 r\u00e5bock. Den drar inte alls ig\u00e5ng med buller och b\u00e5ng och folkvandring till skogs, som \u00e4lgjakten. Man f\u00e5r inte heller anv\u00e4nda hund utan m\u00e5ste helt enkelt smyga, sitta och v\u00e4nta eller locka till sig en r\u00e5bock.<\/p>\n<p>En kv\u00e4ll den f\u00f6rsta jaktveckan f\u00f6ljde jag med n\u00e5gra Sundals ryrsj\u00e4gare f\u00f6r att se med egna \u00f6gon vad det \u00e4r som lockar med denna jaktform. Jag f\u00f6rh\u00f6r mig om vad man ska ha med sig och p\u00e5 sig. Tysta kl\u00e4der som inte prasslar och g\u00e4rna en kikare. Fika d\u00e5? undrar jag, men f\u00e5r till svar att det l\u00e5ter f\u00f6r mycket. Jag f\u00f6rs\u00e4krar att jag kan tugga tyst och inte t\u00e4nker v\u00e4lja kn\u00e4ckebr\u00f6d och p\u00e5 \u00e4lgjakten var det ju helt okej att ha med en rej\u00e4l mats\u00e4ck, men de tror \u00e4nd\u00e5 jag kommer v\u00e4snas f\u00f6r mycket med mitt fika s\u00e5 jag struntar i att ta med n\u00e5got.<\/p>\n<p>Vi s\u00e4tter oss p\u00e5 ett litet berg i \u00e5kerkanten, framf\u00f6r oss har vi flera hektar havre, bakom oss finns skog. Nu b\u00f6rjar v\u00e4ntan. I b\u00f6rjan k\u00e4nner jag mig rastl\u00f6s. Jaha t\u00e4nker jag, ska vi bara sitta h\u00e4r. Vad ska vi g\u00f6ra medan vi v\u00e4ntar? Ingenting, absolut ingenting och det kan vara nog s\u00e5 sv\u00e5rt. Men efter en stund g\u00e5r det b\u00e4ttre. Solen st\u00e5r fortfarande ganska h\u00f6gt p\u00e5 himlen, den v\u00e4rmer sk\u00f6nt. Det \u00e4r en fin kv\u00e4ll. Jag h\u00f6r en hackspett hacka efter insekter, en duva kuttrar och aspens l\u00f6v prasslar. V\u00e4ntan.<a href=\"http:\/\/sundalsryr.se\/wp-content\/uploads\/2016\/08\/IMG_3839.jpg\"><img loading=\"lazy\" decoding=\"async\" class=\"alignright size-medium wp-image-3702\" src=\"http:\/\/sundalsryr.se\/wp-content\/uploads\/2016\/08\/IMG_3839-300x225.jpg\" alt=\"IMG_3839\" width=\"300\" height=\"225\" srcset=\"http:\/\/sundalsryr.se\/wp-content\/uploads\/2016\/08\/IMG_3839-300x225.jpg 300w, http:\/\/sundalsryr.se\/wp-content\/uploads\/2016\/08\/IMG_3839-768x576.jpg 768w, http:\/\/sundalsryr.se\/wp-content\/uploads\/2016\/08\/IMG_3839-1024x768.jpg 1024w\" sizes=\"(max-width: 300px) 100vw, 300px\" \/><\/a><\/p>\n<p>Det h\u00f6rs n\u00e5got i skogen till h\u00f6ger om oss, det l\u00e5ter som ett par katter. Mycket riktigt, de tystnar och efter en stund kommer en katt g\u00e5ende l\u00e4ngs diket. Ett par harar ser vi ocks\u00e5, men inget r\u00e5djur. Solen har b\u00f6rjat dala. S\u00e5 h\u00f6r vi ett skott och efter en stund kommer ett sms fr\u00e5n grannen p\u00e5 passet bredvid \u201den r\u00e4v\u201d st\u00e5r det.<\/p>\n<p>Men v\u00e4ntan forts\u00e4tter, kanske blir grannskapets h\u00f6nor glada \u00f6ver att det nu finns en r\u00e4v mindre, men det \u00e4r ju en r\u00e5bock vi vill ha. Ett par harar skuttar helt ljudl\u00f6st f\u00f6rbi, de stannar till, hoppar runt en stund och forts\u00e4tter sedan. Nu har solen b\u00f6rjar n\u00e4rma sig horisonten, den tidigare s\u00e5 varma kv\u00e4llen b\u00f6rjar bli kylig. S\u00e5 h\u00f6r vi n\u00e5got bakom oss, det l\u00e5ter som ett hundskall och en r\u00e5bock kommer i full fart ut fr\u00e5n skogen en bit v\u00e4nster om oss. Det g\u00e5r j\u00e4ttesnabbt och strax efter\u00e5t \u00e4r allt lugnt igen. En l\u00e5ng v\u00e4ntan f\u00f6ljt av en sekundsnabb chans. B\u00f6ssan ligger kvar \u00f6ver j\u00e4garens ben. Den smidiga bocken hoppar med graci\u00f6sa spr\u00e5ng vidare \u00f6ver havre\u00e5kern.<\/p>\n<p><a href=\"http:\/\/sundalsryr.se\/wp-content\/uploads\/2016\/08\/IMG_3841.jpg\"><img loading=\"lazy\" decoding=\"async\" class=\"aligncenter size-large wp-image-3703\" src=\"http:\/\/sundalsryr.se\/wp-content\/uploads\/2016\/08\/IMG_3841-1024x455.jpg\" alt=\"IMG_3841\" width=\"1024\" height=\"455\" srcset=\"http:\/\/sundalsryr.se\/wp-content\/uploads\/2016\/08\/IMG_3841-1024x455.jpg 1024w, http:\/\/sundalsryr.se\/wp-content\/uploads\/2016\/08\/IMG_3841-300x133.jpg 300w, http:\/\/sundalsryr.se\/wp-content\/uploads\/2016\/08\/IMG_3841-768x341.jpg 768w\" sizes=\"(max-width: 1024px) 100vw, 1024px\" \/><\/a><\/p>\n<p>S\u00e5 g\u00e5r solen ner i en fantastiskt sprakande solnedg\u00e5ng f\u00f6r att skapa en efterl\u00e4ngtad morgon n\u00e5gon annanstans p\u00e5 jorden. Jag reser mig upp och f\u00f6rs\u00f6ker skaka liv i mina stela ben, som suttit stilla s\u00e5 l\u00e4nge. I kv\u00e4ll blev det ingen jaktlycka, men det g\u00f6r absolut ingenting. Alla j\u00e4gare \u00e4r medvetna om att det g\u00e5r m\u00e5nga jakttimmar p\u00e5 varje f\u00e4llt byte, nuf\u00f6rtiden beh\u00f6ver ingen g\u00e5 hungrig f\u00f6r det. Lugn och ro, frisk luft och en fin naturupplevelse g\u00f6r att kv\u00e4llen \u00e4nd\u00e5 k\u00e4nns lyckad. N\u00e4r jag g\u00e5r hem\u00e5t stiger en rund, gul fullm\u00e5ne upp \u00f6ver skogskanten och skickar sitt milda sken \u00f6ver den vackraste platsen p\u00e5 jorden.<\/p>\n<p>\/Susanne Borss\u00e9n<\/p>\n","protected":false},"excerpt":{"rendered":"<p>16 augusti \u00e4r en helig dag f\u00f6r m\u00e5nga j\u00e4gare, det \u00e4r d\u00e5 som \u00e5rets jakts\u00e4song inleds. F\u00f6rvisso har man f\u00e5tt jaga b\u00e5de gr\u00e4vling och kr\u00e5ka ett tag, men det stora flertalet anser nog \u00e4nd\u00e5 att jakts\u00e4songen b\u00f6rjar med jakt p\u00e5 r\u00e5bock. Den drar inte alls ig\u00e5ng med buller och b\u00e5ng och folkvandring till skogs, som&#8230;<\/p>\n","protected":false},"author":3,"featured_media":0,"comment_status":"open","ping_status":"open","sticky":false,"template":"","format":"standard","meta":{"_monsterinsights_skip_tracking":false,"_monsterinsights_sitenote_active":false,"_monsterinsights_sitenote_note":"","_monsterinsights_sitenote_category":0,"footnotes":""},"categories":[1,19],"tags":[],"class_list":["post-3700","post","type-post","status-publish","format-standard","hentry","category-aktuellt","category-jakt-och-skytte"],"_links":{"self":[{"href":"http:\/\/sundalsryr.se\/index.php?rest_route=\/wp\/v2\/posts\/3700"}],"collection":[{"href":"http:\/\/sundalsryr.se\/index.php?rest_route=\/wp\/v2\/posts"}],"about":[{"href":"http:\/\/sundalsryr.se\/index.php?rest_route=\/wp\/v2\/types\/post"}],"author":[{"embeddable":true,"href":"http:\/\/sundalsryr.se\/index.php?rest_route=\/wp\/v2\/users\/3"}],"replies":[{"embeddable":true,"href":"http:\/\/sundalsryr.se\/index.php?rest_route=%2Fwp%2Fv2%2Fcomments&post=3700"}],"version-history":[{"count":2,"href":"http:\/\/sundalsryr.se\/index.php?rest_route=\/wp\/v2\/posts\/3700\/revisions"}],"predecessor-version":[{"id":3705,"href":"http:\/\/sundalsryr.se\/index.php?rest_route=\/wp\/v2\/posts\/3700\/revisions\/3705"}],"wp:attachment":[{"href":"http:\/\/sundalsryr.se\/index.php?rest_route=%2Fwp%2Fv2%2Fmedia&parent=3700"}],"wp:term":[{"taxonomy":"category","embeddable":true,"href":"http:\/\/sundalsryr.se\/index.php?rest_route=%2Fwp%2Fv2%2Fcategories&post=3700"},{"taxonomy":"post_tag","embeddable":true,"href":"http:\/\/sundalsryr.se\/index.php?rest_route=%2Fwp%2Fv2%2Ftags&post=3700"}],"curies":[{"name":"wp","href":"https:\/\/api.w.org\/{rel}","templated":true}]}}