{"id":3735,"date":"2016-10-10T18:00:40","date_gmt":"2016-10-10T18:00:40","guid":{"rendered":"http:\/\/sundalsryr.se\/?p=3735"},"modified":"2016-10-10T18:00:40","modified_gmt":"2016-10-10T18:00:40","slug":"finhosten","status":"publish","type":"post","link":"http:\/\/sundalsryr.se\/?p=3735","title":{"rendered":"Finh\u00f6sten"},"content":{"rendered":"<p><a href=\"http:\/\/sundalsryr.se\/wp-content\/uploads\/2016\/10\/h\u00f6stl\u00f6v-2016.jpg\"><img loading=\"lazy\" decoding=\"async\" class=\"size-full wp-image-3736\" src=\"http:\/\/sundalsryr.se\/wp-content\/uploads\/2016\/10\/h\u00f6stl\u00f6v-2016.jpg\" alt=\"Beskrivning: R\u009ada h\u009astl\u009av Fotograf: Rolf Eklund, Print &amp; Media               Ume\u008c Univ S\u009akord: L\u009av, R\u009ada l\u009av, Bladverk, H\u009ast, Tr\u008ad, L\u009annl\u009av\" width=\"562\" height=\"369\" srcset=\"http:\/\/sundalsryr.se\/wp-content\/uploads\/2016\/10\/h\u00f6stl\u00f6v-2016.jpg 562w, http:\/\/sundalsryr.se\/wp-content\/uploads\/2016\/10\/h\u00f6stl\u00f6v-2016-300x197.jpg 300w\" sizes=\"(max-width: 562px) 100vw, 562px\" \/><\/a><\/p>\n<p>H\u00f6sten \u00e4r h\u00e4r. L\u00f6ven skiftar f\u00e4rg och luften \u00e4r krispig och klar. Om ett tag kommer gr\u00e5h\u00f6sten, d\u00e5 n\u00e5gon l\u00e4gger en fuktig filt \u00f6ver allt och alla, men \u00e4n \u00e4r det mest \u00a0finh\u00f6st och det finns m\u00e5nga ljustimmar kvar att njuta av innan halka och m\u00f6rker anl\u00e4nder.<\/p>\n<p>Sk\u00f6rd fr\u00e5n tr\u00e4dg\u00e5rd och \u00e5ker \u00e4r b\u00e4rgad, b\u00e4r och svamp \u00e4r plockade, vi har f\u00e5tt bel\u00f6ningen f\u00f6r \u00e5rets m\u00f6da. Det \u00e4r snart tid f\u00f6r bonden att \u00e5ter v\u00e4nda den m\u00f6rka sidan upp p\u00e5 \u00e5krar och f\u00e4lt. F\u00f6r m\u00e5nga minskar antalet m\u00e5sten n\u00e4r dagarna blir kortare. Det \u00e4r tid att sakta ner, att k\u00e4nna tacksamhet. Att avsluta \u00e5rets s\u00e4song\u2026 Eller \u00e4r det nu allt b\u00f6rjar?<\/p>\n<p>F\u00f6rr var sk\u00f6rden f\u00f6ruts\u00e4ttningen f\u00f6r att man skulle kunna leva \u00e4nnu ett \u00e5r, utan den klarade man inte vintern. Utan sk\u00f6rd kan man inte heller s\u00e5 p\u00e5 nytt. Det som vissnar och d\u00f6r ska ge n\u00e4ring \u00e5t det nya, om inget dog skulle heller inget f\u00f6das. Ett evigt kretslopp som varken har b\u00f6rjan eller slut. Vi v\u00e4ljer sj\u00e4lva om vi vill se glaset halvfullt eller halvtomt, om h\u00f6sten \u00e4r b\u00f6rjan eller slutet.<\/p>\n<p>Oktober \u00e4r den l\u00e4ngsta av alla m\u00e5nader. 31 dagar, plus en timma extra n\u00e4r sommartiden \u00e5ter blir normaltid. Luften \u00e4r h\u00f6g och klar, solljuset \u00e4r inte skarpt som p\u00e5 v\u00e5ren eller intensivt som p\u00e5 sommaren, ist\u00e4llet letar det sig trevande och f\u00f6rsiktigt ner och f\u00e5r l\u00f6ven att glimma i vackra f\u00e4rger. Skogen med sina slingrande stigar och leder, \u00a0ligger d\u00e4r och bara v\u00e4ntar. Lockande, kom, kom och se vad som finns bakom n\u00e4sta kr\u00f6k. Se om det finns nya sp\u00e5r, nya skiftningar i tr\u00e4dens f\u00e4rger, nya porlande b\u00e4ckar, nya m\u00f6jligheter\u2026<\/p>\n<p>V\u00e4nta lite, jag ska bara\u2026\u00a0NEJ, det g\u00e5r inte att v\u00e4nta. Snart kommer vintern och t\u00e4cker allt med sn\u00f6, f\u00f6rkylningar som g\u00f6r n\u00e4san t\u00e4ppt, dagarna blir till \u00e5r som g\u00f6r benen tr\u00f6tta.<\/p>\n<p>Nu, det m\u00e5ste g\u00f6ras nu.<\/p>\n<p>Ut, ut, steg efter steg, andetag efter andetag, hj\u00e4rtslag efter hj\u00e4rtslag.<\/p>\n<figure id=\"attachment_3737\" aria-describedby=\"caption-attachment-3737\" style=\"width: 768px\" class=\"wp-caption aligncenter\"><a href=\"http:\/\/sundalsryr.se\/wp-content\/uploads\/2016\/10\/FullSizeRender.jpg\"><img loading=\"lazy\" decoding=\"async\" class=\" wp-image-3737\" src=\"http:\/\/sundalsryr.se\/wp-content\/uploads\/2016\/10\/FullSizeRender.jpg\" alt=\"Himmel \u00f6ver N\u00e4set\" width=\"768\" height=\"576\" srcset=\"http:\/\/sundalsryr.se\/wp-content\/uploads\/2016\/10\/FullSizeRender.jpg 3103w, http:\/\/sundalsryr.se\/wp-content\/uploads\/2016\/10\/FullSizeRender-300x225.jpg 300w, http:\/\/sundalsryr.se\/wp-content\/uploads\/2016\/10\/FullSizeRender-768x576.jpg 768w, http:\/\/sundalsryr.se\/wp-content\/uploads\/2016\/10\/FullSizeRender-1024x768.jpg 1024w\" sizes=\"(max-width: 768px) 100vw, 768px\" \/><\/a><figcaption id=\"caption-attachment-3737\" class=\"wp-caption-text\">Himmel \u00f6ver N\u00e4set<\/figcaption><\/figure>\n","protected":false},"excerpt":{"rendered":"<p>H\u00f6sten \u00e4r h\u00e4r. L\u00f6ven skiftar f\u00e4rg och luften \u00e4r krispig och klar. Om ett tag kommer gr\u00e5h\u00f6sten, d\u00e5 n\u00e5gon l\u00e4gger en fuktig filt \u00f6ver allt och alla, men \u00e4n \u00e4r det mest \u00a0finh\u00f6st och det finns m\u00e5nga ljustimmar kvar att njuta av innan halka och m\u00f6rker anl\u00e4nder. Sk\u00f6rd fr\u00e5n tr\u00e4dg\u00e5rd och \u00e5ker \u00e4r b\u00e4rgad, b\u00e4r&#8230;<\/p>\n","protected":false},"author":3,"featured_media":0,"comment_status":"open","ping_status":"open","sticky":false,"template":"","format":"standard","meta":{"_monsterinsights_skip_tracking":false,"_monsterinsights_sitenote_active":false,"_monsterinsights_sitenote_note":"","_monsterinsights_sitenote_category":0,"footnotes":""},"categories":[1],"tags":[],"class_list":["post-3735","post","type-post","status-publish","format-standard","hentry","category-aktuellt"],"_links":{"self":[{"href":"http:\/\/sundalsryr.se\/index.php?rest_route=\/wp\/v2\/posts\/3735"}],"collection":[{"href":"http:\/\/sundalsryr.se\/index.php?rest_route=\/wp\/v2\/posts"}],"about":[{"href":"http:\/\/sundalsryr.se\/index.php?rest_route=\/wp\/v2\/types\/post"}],"author":[{"embeddable":true,"href":"http:\/\/sundalsryr.se\/index.php?rest_route=\/wp\/v2\/users\/3"}],"replies":[{"embeddable":true,"href":"http:\/\/sundalsryr.se\/index.php?rest_route=%2Fwp%2Fv2%2Fcomments&post=3735"}],"version-history":[{"count":1,"href":"http:\/\/sundalsryr.se\/index.php?rest_route=\/wp\/v2\/posts\/3735\/revisions"}],"predecessor-version":[{"id":3738,"href":"http:\/\/sundalsryr.se\/index.php?rest_route=\/wp\/v2\/posts\/3735\/revisions\/3738"}],"wp:attachment":[{"href":"http:\/\/sundalsryr.se\/index.php?rest_route=%2Fwp%2Fv2%2Fmedia&parent=3735"}],"wp:term":[{"taxonomy":"category","embeddable":true,"href":"http:\/\/sundalsryr.se\/index.php?rest_route=%2Fwp%2Fv2%2Fcategories&post=3735"},{"taxonomy":"post_tag","embeddable":true,"href":"http:\/\/sundalsryr.se\/index.php?rest_route=%2Fwp%2Fv2%2Ftags&post=3735"}],"curies":[{"name":"wp","href":"https:\/\/api.w.org\/{rel}","templated":true}]}}