{"id":3739,"date":"2016-10-15T19:58:19","date_gmt":"2016-10-15T19:58:19","guid":{"rendered":"http:\/\/sundalsryr.se\/?p=3739"},"modified":"2016-10-15T19:58:19","modified_gmt":"2016-10-15T19:58:19","slug":"torsdag-den-20-oktober-blir-det-inspirationsforelasning","status":"publish","type":"post","link":"http:\/\/sundalsryr.se\/?p=3739","title":{"rendered":"Torsdag den 20 oktober blir det inspirationsf\u00f6rel\u00e4sning"},"content":{"rendered":"<p><a href=\"http:\/\/sundalsryr.se\/wp-content\/uploads\/2016\/10\/IMG_0196.jpg\"><img loading=\"lazy\" decoding=\"async\" class=\"aligncenter  wp-image-3740\" src=\"http:\/\/sundalsryr.se\/wp-content\/uploads\/2016\/10\/IMG_0196.jpg\" alt=\"img_0196\" width=\"768\" height=\"576\" srcset=\"http:\/\/sundalsryr.se\/wp-content\/uploads\/2016\/10\/IMG_0196.jpg 3264w, http:\/\/sundalsryr.se\/wp-content\/uploads\/2016\/10\/IMG_0196-300x225.jpg 300w, http:\/\/sundalsryr.se\/wp-content\/uploads\/2016\/10\/IMG_0196-768x576.jpg 768w, http:\/\/sundalsryr.se\/wp-content\/uploads\/2016\/10\/IMG_0196-1024x768.jpg 1024w\" sizes=\"(max-width: 768px) 100vw, 768px\" \/><\/a><\/p>\n<p>I v\u00e5ras hade vi en mycket uppskattad inspirationsf\u00f6rel\u00e4sning om att \u201dskaffa sig en fysisk livsstil\u201d, vi forts\u00e4tter nu p\u00e5 samma sp\u00e5r och v\u00e4lkomnar paret <strong>Ivan och Kerstin Ernvid.<\/strong><\/p>\n<p>F\u00f6r n\u00e5gra \u00e5r sedan cyklade de, tillsammans med ett par av sina v\u00e4nner, genom Europa till Italien. B\u00e5da \u00e4r pension\u00e4rer sedan flera \u00e5r och de visar p\u00e5 ett tydligt s\u00e4tt att man kan ha en fysisk livsstil oavsett \u00e5lder.<\/p>\n<p>Kom och se p\u00e5 bilder och lyssna p\u00e5 ber\u00e4ttelsen om deras resa.<\/p>\n<p>Det b\u00f6rjar kl 19 i f\u00f6rsamlingshemmet.<\/p>\n<p>Intr\u00e4de inklusive kaffe och sm\u00f6rg\u00e5s kostar 50 kr.<\/p>\n<p><strong>Alla \u00e4r mycket varmt v\u00e4lkomna!<\/strong><\/p>\n","protected":false},"excerpt":{"rendered":"<p>I v\u00e5ras hade vi en mycket uppskattad inspirationsf\u00f6rel\u00e4sning om att \u201dskaffa sig en fysisk livsstil\u201d, vi forts\u00e4tter nu p\u00e5 samma sp\u00e5r och v\u00e4lkomnar paret Ivan och Kerstin Ernvid. F\u00f6r n\u00e5gra \u00e5r sedan cyklade de, tillsammans med ett par av sina v\u00e4nner, genom Europa till Italien. B\u00e5da \u00e4r pension\u00e4rer sedan flera \u00e5r och de visar p\u00e5&#8230;<\/p>\n","protected":false},"author":3,"featured_media":0,"comment_status":"open","ping_status":"open","sticky":false,"template":"","format":"standard","meta":{"_monsterinsights_skip_tracking":false,"_monsterinsights_sitenote_active":false,"_monsterinsights_sitenote_note":"","_monsterinsights_sitenote_category":0,"footnotes":""},"categories":[1],"tags":[],"class_list":["post-3739","post","type-post","status-publish","format-standard","hentry","category-aktuellt"],"_links":{"self":[{"href":"http:\/\/sundalsryr.se\/index.php?rest_route=\/wp\/v2\/posts\/3739"}],"collection":[{"href":"http:\/\/sundalsryr.se\/index.php?rest_route=\/wp\/v2\/posts"}],"about":[{"href":"http:\/\/sundalsryr.se\/index.php?rest_route=\/wp\/v2\/types\/post"}],"author":[{"embeddable":true,"href":"http:\/\/sundalsryr.se\/index.php?rest_route=\/wp\/v2\/users\/3"}],"replies":[{"embeddable":true,"href":"http:\/\/sundalsryr.se\/index.php?rest_route=%2Fwp%2Fv2%2Fcomments&post=3739"}],"version-history":[{"count":1,"href":"http:\/\/sundalsryr.se\/index.php?rest_route=\/wp\/v2\/posts\/3739\/revisions"}],"predecessor-version":[{"id":3741,"href":"http:\/\/sundalsryr.se\/index.php?rest_route=\/wp\/v2\/posts\/3739\/revisions\/3741"}],"wp:attachment":[{"href":"http:\/\/sundalsryr.se\/index.php?rest_route=%2Fwp%2Fv2%2Fmedia&parent=3739"}],"wp:term":[{"taxonomy":"category","embeddable":true,"href":"http:\/\/sundalsryr.se\/index.php?rest_route=%2Fwp%2Fv2%2Fcategories&post=3739"},{"taxonomy":"post_tag","embeddable":true,"href":"http:\/\/sundalsryr.se\/index.php?rest_route=%2Fwp%2Fv2%2Ftags&post=3739"}],"curies":[{"name":"wp","href":"https:\/\/api.w.org\/{rel}","templated":true}]}}