{"id":3743,"date":"2016-10-21T14:00:24","date_gmt":"2016-10-21T14:00:24","guid":{"rendered":"http:\/\/sundalsryr.se\/?p=3743"},"modified":"2016-10-21T14:21:26","modified_gmt":"2016-10-21T14:21:26","slug":"en-cykelresa","status":"publish","type":"post","link":"http:\/\/sundalsryr.se\/?p=3743","title":{"rendered":"En cykelresa"},"content":{"rendered":"<p><a href=\"http:\/\/sundalsryr.se\/wp-content\/uploads\/2016\/10\/DSC00356.jpg\"><img loading=\"lazy\" decoding=\"async\" class=\"aligncenter wp-image-3744\" src=\"http:\/\/sundalsryr.se\/wp-content\/uploads\/2016\/10\/DSC00356.jpg\" alt=\"dsc00356\" width=\"773\" height=\"580\" srcset=\"http:\/\/sundalsryr.se\/wp-content\/uploads\/2016\/10\/DSC00356.jpg 2048w, http:\/\/sundalsryr.se\/wp-content\/uploads\/2016\/10\/DSC00356-300x225.jpg 300w, http:\/\/sundalsryr.se\/wp-content\/uploads\/2016\/10\/DSC00356-768x576.jpg 768w, http:\/\/sundalsryr.se\/wp-content\/uploads\/2016\/10\/DSC00356-1024x768.jpg 1024w\" sizes=\"(max-width: 773px) 100vw, 773px\" \/><\/a><\/p>\n<p>Torsdagkv\u00e4llen var m\u00f6rk och regnig och just en s\u00e5dan kv\u00e4ll passar det bra att dr\u00f6mma sig bort till n\u00e5got annat. I f\u00f6rsamlingshemmet fick vi ta del av bilder och ber\u00e4ttelser om en cykelresa till medelhavet.<\/p>\n<p>Under ett ny\u00e5rsfirande med goda v\u00e4nner pratades det om \u00e5ret som g\u00e5tt och vad som v\u00e4ntade fram\u00f6ver. Tv\u00e5 av herrarna skulle fylla 70 under kommande \u00e5r och p\u00e5 fr\u00e5gan \u201dhur t\u00e4nker du fira din f\u00f6delsedag?\u201d blev svaret \u2013 Jag skulle vilja cykla till medelhavet, vill ni f\u00f6lja med? Av de \u00e5tta som var med p\u00e5 festen var det fyra som nappade p\u00e5 id\u00e9n.\u00a0 Planeringen b\u00f6rjade, man enades om att starta i maj och f\u00f6r att slippa cykla genom Sverige d\u00e4r vi har mycket d\u00e5ligt med cykelv\u00e4gar, beslutade man att starta i tyska L\u00fcbeck .<\/p>\n<p>Var och en f\u00f6rberedde sig p\u00e5 sitt s\u00e4tt. Vi fick h\u00f6ra om skillnaden mellan v\u00e4lplanerad packning i dyra cykelv\u00e4skor och lite mindre genomt\u00e4nkt i billiga v\u00e4skor. Det skulle visa sig redan dag tv\u00e5, n\u00e4r regnet vr\u00e4kt ner hela dagen, att precis allt i de billiga v\u00e4skorna var genombl\u00f6tt.<\/p>\n<p>Att cykla p\u00e5 de fina cykelv\u00e4garna utmed kanalerna i Tyskland var en h\u00e4rlig upplevelse. Men det g\u00f6r sig inte sj\u00e4lvt att cykla s\u00e5 l\u00e5ngt. Vi fick ta del av sol, regn, hagel, \u00e5ska, allt fr\u00e5n 3-33 grader, skav i rumpan av sadeln, felk\u00f6rningar, motvind, punkteringar, italienska bilister, tr\u00f6tthet och tvivel p\u00e5 att man kommer orka.<a href=\"http:\/\/sundalsryr.se\/wp-content\/uploads\/2016\/10\/DSC00360.jpg\"><img loading=\"lazy\" decoding=\"async\" class=\"alignright wp-image-3745\" src=\"http:\/\/sundalsryr.se\/wp-content\/uploads\/2016\/10\/DSC00360-1024x768.jpg\" alt=\"dsc00360\" width=\"431\" height=\"324\" srcset=\"http:\/\/sundalsryr.se\/wp-content\/uploads\/2016\/10\/DSC00360-1024x768.jpg 1024w, http:\/\/sundalsryr.se\/wp-content\/uploads\/2016\/10\/DSC00360-300x225.jpg 300w, http:\/\/sundalsryr.se\/wp-content\/uploads\/2016\/10\/DSC00360-768x576.jpg 768w, http:\/\/sundalsryr.se\/wp-content\/uploads\/2016\/10\/DSC00360.jpg 2048w\" sizes=\"(max-width: 431px) 100vw, 431px\" \/><\/a><\/p>\n<p>Men vi fick ocks\u00e5 h\u00f6ra om naturupplevelser, lyckan av att tr\u00e4ffa p\u00e5 br\u00f6dbilen just n\u00e4r man k\u00e4nner att man beh\u00f6ver n\u00e5got extra gott till f\u00f6rmiddagskaffet, m\u00f6ten med hj\u00e4lpsamma och trevliga m\u00e4nniskor, att kunna \u00e4ta massor utan att g\u00e5 upp i vikt och hur h\u00e4rligt det \u00e4r n\u00e4r man efter 19 dagar och 157 mil n\u00e5r sitt m\u00e5l som man k\u00e4mpat s\u00e5 h\u00e5rt f\u00f6r.<\/p>\n<p>Allt man planerat och t\u00e4nkt p\u00e5 var att cykla<u> till <\/u>medelhavet. Hemf\u00e4rden tog man st\u00e4llning till n\u00e4r det v\u00e4l var dags. De funderade p\u00e5 att k\u00f6pa en bil och k\u00f6ra hem eller kanske ta flyget? Det visade sig att det b\u00e5de enklaste och billigaste var att ta t\u00e5get. I Sverige \u00e4r det besv\u00e4rligt att f\u00e5 med sig en cykel p\u00e5 t\u00e5g, men i andra l\u00e4nder finns det ofta till och med en speciell t\u00e5gvagn f\u00f6r cyklar.<\/p>\n<p><a href=\"http:\/\/sundalsryr.se\/wp-content\/uploads\/2016\/10\/DSC00468.jpg\"><img loading=\"lazy\" decoding=\"async\" class=\"alignleft wp-image-3746\" src=\"http:\/\/sundalsryr.se\/wp-content\/uploads\/2016\/10\/DSC00468-300x225.jpg\" alt=\"dsc00468\" width=\"339\" height=\"254\" srcset=\"http:\/\/sundalsryr.se\/wp-content\/uploads\/2016\/10\/DSC00468-300x225.jpg 300w, http:\/\/sundalsryr.se\/wp-content\/uploads\/2016\/10\/DSC00468-768x576.jpg 768w, http:\/\/sundalsryr.se\/wp-content\/uploads\/2016\/10\/DSC00468-1024x768.jpg 1024w, http:\/\/sundalsryr.se\/wp-content\/uploads\/2016\/10\/DSC00468.jpg 2048w\" sizes=\"(max-width: 339px) 100vw, 339px\" \/><\/a><\/p>\n<p>Resan gav tydligen mersmak f\u00f6r ett par \u00e5r senare cyklade de \u00e5ter genom Tyskland. Denna g\u00e5ng var m\u00e5let veteran VM i orientering i staden Bad Harzburg, s\u00f6der om Hamburg. \u00c5terigen k\u00f6rde de igenom L\u00fcneburg d\u00e4r man cyklat fel ett par \u00e5r tidigare, d\u00e5 hade de sv\u00e4ngt v\u00e4nster. Nu skulle man inte g\u00f6ra om samma misstag och k\u00f6rde ist\u00e4llet rakt fram. Vilket ocks\u00e5 visade sig vara fel!<\/p>\n<p>Paret Ivan och Kerstin Ernvid, som nu \u00e4r 76 och 72 \u00e5r, och deras v\u00e4nner Erland och Ulla Ling ser inte att det skulle finnas n\u00e5gon \u00e5ldersgr\u00e4ns f\u00f6r n\u00e4r man inte l\u00e4ngre ska h\u00e5lla ig\u00e5ng och leva ett aktivt och \u00e4ventyrligt liv, f\u00f6r de avslutar med att s\u00e4ga att n\u00e4sta g\u00e5ng,&#8230;. d\u00e5 ska de sv\u00e4nga h\u00f6ger i L\u00fcneburg !<\/p>\n<p><strong>\/Susanne Borss\u00e9n<\/strong><\/p>\n<p>&nbsp;<\/p>\n","protected":false},"excerpt":{"rendered":"<p>Torsdagkv\u00e4llen var m\u00f6rk och regnig och just en s\u00e5dan kv\u00e4ll passar det bra att dr\u00f6mma sig bort till n\u00e5got annat. I f\u00f6rsamlingshemmet fick vi ta del av bilder och ber\u00e4ttelser om en cykelresa till medelhavet. Under ett ny\u00e5rsfirande med goda v\u00e4nner pratades det om \u00e5ret som g\u00e5tt och vad som v\u00e4ntade fram\u00f6ver. Tv\u00e5 av herrarna&#8230;<\/p>\n","protected":false},"author":3,"featured_media":0,"comment_status":"open","ping_status":"open","sticky":false,"template":"","format":"standard","meta":{"_monsterinsights_skip_tracking":false,"_monsterinsights_sitenote_active":false,"_monsterinsights_sitenote_note":"","_monsterinsights_sitenote_category":0,"footnotes":""},"categories":[1],"tags":[],"class_list":["post-3743","post","type-post","status-publish","format-standard","hentry","category-aktuellt"],"_links":{"self":[{"href":"http:\/\/sundalsryr.se\/index.php?rest_route=\/wp\/v2\/posts\/3743"}],"collection":[{"href":"http:\/\/sundalsryr.se\/index.php?rest_route=\/wp\/v2\/posts"}],"about":[{"href":"http:\/\/sundalsryr.se\/index.php?rest_route=\/wp\/v2\/types\/post"}],"author":[{"embeddable":true,"href":"http:\/\/sundalsryr.se\/index.php?rest_route=\/wp\/v2\/users\/3"}],"replies":[{"embeddable":true,"href":"http:\/\/sundalsryr.se\/index.php?rest_route=%2Fwp%2Fv2%2Fcomments&post=3743"}],"version-history":[{"count":7,"href":"http:\/\/sundalsryr.se\/index.php?rest_route=\/wp\/v2\/posts\/3743\/revisions"}],"predecessor-version":[{"id":3753,"href":"http:\/\/sundalsryr.se\/index.php?rest_route=\/wp\/v2\/posts\/3743\/revisions\/3753"}],"wp:attachment":[{"href":"http:\/\/sundalsryr.se\/index.php?rest_route=%2Fwp%2Fv2%2Fmedia&parent=3743"}],"wp:term":[{"taxonomy":"category","embeddable":true,"href":"http:\/\/sundalsryr.se\/index.php?rest_route=%2Fwp%2Fv2%2Fcategories&post=3743"},{"taxonomy":"post_tag","embeddable":true,"href":"http:\/\/sundalsryr.se\/index.php?rest_route=%2Fwp%2Fv2%2Ftags&post=3743"}],"curies":[{"name":"wp","href":"https:\/\/api.w.org\/{rel}","templated":true}]}}