{"id":3754,"date":"2016-10-24T14:10:46","date_gmt":"2016-10-24T14:10:46","guid":{"rendered":"http:\/\/sundalsryr.se\/?p=3754"},"modified":"2016-10-24T14:10:46","modified_gmt":"2016-10-24T14:10:46","slug":"tradgardsforeningen-bjuder-in","status":"publish","type":"post","link":"http:\/\/sundalsryr.se\/?p=3754","title":{"rendered":"Tr\u00e4dg\u00e5rdsf\u00f6reningen bjuder in&#8230;."},"content":{"rendered":"<p>H\u00d6STMYS P\u00c5 H\u00c5KANS\u00a0\u00a0<a href=\"http:\/\/sundalsryr.se\/wp-content\/uploads\/2016\/10\/h\u00f6stbild.jpg\"><img loading=\"lazy\" decoding=\"async\" class=\"alignright size-medium wp-image-3755\" src=\"http:\/\/sundalsryr.se\/wp-content\/uploads\/2016\/10\/h\u00f6stbild-300x201.jpg\" alt=\"hostbild\" width=\"300\" height=\"201\" srcset=\"http:\/\/sundalsryr.se\/wp-content\/uploads\/2016\/10\/h\u00f6stbild-300x201.jpg 300w, http:\/\/sundalsryr.se\/wp-content\/uploads\/2016\/10\/h\u00f6stbild.jpg 400w\" sizes=\"(max-width: 300px) 100vw, 300px\" \/><\/a><\/p>\n<p>Alla \u00e4r v\u00e4lkomna till en trevligt h\u00f6stmys p\u00e5 H\u00e5kans!<\/p>\n<p><strong>Br\u00e5landa tr\u00e4dg\u00e5rdsf\u00f6rening <\/strong>har h\u00f6stkv\u00e4ll p\u00e5 H\u00e5kans\u00a0<strong>tisdagen den 1 november kl. 19.00<\/strong>.<\/p>\n<p>Vi \u00e4ter god h\u00f6stbuff\u00e9 och dricker kaffe. \u00a0Sedan f\u00e5r vi h\u00f6ra Kerstin och Anders Bohlin ber\u00e4tta om<\/p>\n<p>fantastiska v\u00e4xter och pollinering, de visar vackra bilder.<\/p>\n<p>Pris medlem i tr\u00e4dg\u00e5rdsf\u00f6reningen 200kr.\u00a0 Icke medlem 250 kr.<\/p>\n<p>Anm\u00e4lan sker till Bertil Gustafsson\u00a0 0521-30025 senast\u00a0<strong>26 oktober!!<\/strong><\/p>\n<p><strong>Varmt v\u00e4lkomna!<\/strong><\/p>\n","protected":false},"excerpt":{"rendered":"<p>H\u00d6STMYS P\u00c5 H\u00c5KANS\u00a0\u00a0 Alla \u00e4r v\u00e4lkomna till en trevligt h\u00f6stmys p\u00e5 H\u00e5kans! Br\u00e5landa tr\u00e4dg\u00e5rdsf\u00f6rening har h\u00f6stkv\u00e4ll p\u00e5 H\u00e5kans\u00a0tisdagen den 1 november kl. 19.00. Vi \u00e4ter god h\u00f6stbuff\u00e9 och dricker kaffe. \u00a0Sedan f\u00e5r vi h\u00f6ra Kerstin och Anders Bohlin ber\u00e4tta om fantastiska v\u00e4xter och pollinering, de visar vackra bilder. Pris medlem i tr\u00e4dg\u00e5rdsf\u00f6reningen 200kr.\u00a0 Icke medlem&#8230;<\/p>\n","protected":false},"author":3,"featured_media":0,"comment_status":"open","ping_status":"open","sticky":false,"template":"","format":"standard","meta":{"_monsterinsights_skip_tracking":false,"_monsterinsights_sitenote_active":false,"_monsterinsights_sitenote_note":"","_monsterinsights_sitenote_category":0,"footnotes":""},"categories":[1],"tags":[],"class_list":["post-3754","post","type-post","status-publish","format-standard","hentry","category-aktuellt"],"_links":{"self":[{"href":"http:\/\/sundalsryr.se\/index.php?rest_route=\/wp\/v2\/posts\/3754"}],"collection":[{"href":"http:\/\/sundalsryr.se\/index.php?rest_route=\/wp\/v2\/posts"}],"about":[{"href":"http:\/\/sundalsryr.se\/index.php?rest_route=\/wp\/v2\/types\/post"}],"author":[{"embeddable":true,"href":"http:\/\/sundalsryr.se\/index.php?rest_route=\/wp\/v2\/users\/3"}],"replies":[{"embeddable":true,"href":"http:\/\/sundalsryr.se\/index.php?rest_route=%2Fwp%2Fv2%2Fcomments&post=3754"}],"version-history":[{"count":1,"href":"http:\/\/sundalsryr.se\/index.php?rest_route=\/wp\/v2\/posts\/3754\/revisions"}],"predecessor-version":[{"id":3756,"href":"http:\/\/sundalsryr.se\/index.php?rest_route=\/wp\/v2\/posts\/3754\/revisions\/3756"}],"wp:attachment":[{"href":"http:\/\/sundalsryr.se\/index.php?rest_route=%2Fwp%2Fv2%2Fmedia&parent=3754"}],"wp:term":[{"taxonomy":"category","embeddable":true,"href":"http:\/\/sundalsryr.se\/index.php?rest_route=%2Fwp%2Fv2%2Fcategories&post=3754"},{"taxonomy":"post_tag","embeddable":true,"href":"http:\/\/sundalsryr.se\/index.php?rest_route=%2Fwp%2Fv2%2Ftags&post=3754"}],"curies":[{"name":"wp","href":"https:\/\/api.w.org\/{rel}","templated":true}]}}