{"id":3757,"date":"2016-10-27T19:09:12","date_gmt":"2016-10-27T19:09:12","guid":{"rendered":"http:\/\/sundalsryr.se\/?p=3757"},"modified":"2016-10-27T19:11:44","modified_gmt":"2016-10-27T19:11:44","slug":"nu-rivs-skolan","status":"publish","type":"post","link":"http:\/\/sundalsryr.se\/?p=3757","title":{"rendered":"Nu rivs skolan"},"content":{"rendered":"<p><a href=\"http:\/\/sundalsryr.se\/wp-content\/uploads\/2016\/10\/IMG_4045.jpg\"><img loading=\"lazy\" decoding=\"async\" class=\"aligncenter  wp-image-3758\" src=\"http:\/\/sundalsryr.se\/wp-content\/uploads\/2016\/10\/IMG_4045-1024x768.jpg\" alt=\"img_4045\" width=\"757\" height=\"568\" srcset=\"http:\/\/sundalsryr.se\/wp-content\/uploads\/2016\/10\/IMG_4045-1024x768.jpg 1024w, http:\/\/sundalsryr.se\/wp-content\/uploads\/2016\/10\/IMG_4045-300x225.jpg 300w, http:\/\/sundalsryr.se\/wp-content\/uploads\/2016\/10\/IMG_4045-768x576.jpg 768w\" sizes=\"(max-width: 757px) 100vw, 757px\" \/><\/a><\/p>\n<p>Den 25 augusti 1955 tog skolan emot elever f\u00f6r f\u00f6rsta g\u00e5ngen. Den ersatte d\u00e5 skolorna i Bollerud, Lers\u00e4ter, Sallebyn och Bollungsn\u00e4s. I den h\u00f6ga skolbyggnaden gick f\u00f6rskolan till trean, i den l\u00e4gre fanns fyran till sexan samt ett litet bibliotek. P\u00e5 bottenv\u00e5ningen i den h\u00f6ga byggnaden fanns l\u00e4rarrum och matsal. \u00c5r 2009 gick de sista eleverna ut genom d\u00f6rrarna\u2026.<\/p>\n<figure id=\"attachment_3759\" aria-describedby=\"caption-attachment-3759\" style=\"width: 721px\" class=\"wp-caption aligncenter\"><a href=\"http:\/\/sundalsryr.se\/wp-content\/uploads\/2016\/10\/IMG_4050.jpg\"><img loading=\"lazy\" decoding=\"async\" class=\"wp-image-3759 \" src=\"http:\/\/sundalsryr.se\/wp-content\/uploads\/2016\/10\/IMG_4050-1024x768.jpg\" alt=\"img_4050\" width=\"721\" height=\"541\" srcset=\"http:\/\/sundalsryr.se\/wp-content\/uploads\/2016\/10\/IMG_4050-1024x768.jpg 1024w, http:\/\/sundalsryr.se\/wp-content\/uploads\/2016\/10\/IMG_4050-300x225.jpg 300w, http:\/\/sundalsryr.se\/wp-content\/uploads\/2016\/10\/IMG_4050-768x576.jpg 768w\" sizes=\"(max-width: 721px) 100vw, 721px\" \/><\/a><figcaption id=\"caption-attachment-3759\" class=\"wp-caption-text\">Man kan fortfarande ana mosaikb\u00e5rden p\u00e5 v\u00e4ggen i matsalen<\/figcaption><\/figure>\n<p>Byalaget och andra intressenter har i flera \u00e5r haft m\u00f6jlighet att k\u00f6pa eller p\u00e5 annat s\u00e4tt \u00e5teruppliva byggnaden f\u00f6r andra \u00e4ndam\u00e5l. Men samtliga har konstaterat att ingen verksamhet skulle klara att betala ombyggnad och \/eller driftskostnader f\u00f6r byggnaden och de ideella krafter som finns i bygden skulle helt enkelt inte r\u00e4cka till. \u00c5r 2015 var fr\u00e5gan \u00e5terigen uppe till diskussion p\u00e5 byalagets m\u00f6te och alla var eniga om att n\u00e5gon annan l\u00f6sning \u00e4n att riva skolan knappast var t\u00e4nkbar. Vi skickade d\u00e5 en skrivelse till kommunen d\u00e4r vi skrev att rivning p\u00e5 sikt skulle bespara kommunen dyra driftskostnader, l\u00e5ta Sundals ryrs inv\u00e5nare slippa se byggnaden f\u00f6rfalla samt f\u00f6rhindra att n\u00e5gon o\u00f6nskad verksamhet kom dit.<\/p>\n<p><a href=\"http:\/\/sundalsryr.se\/wp-content\/uploads\/2016\/10\/IMG_4048.jpg\"><img loading=\"lazy\" decoding=\"async\" class=\"aligncenter  wp-image-3760\" src=\"http:\/\/sundalsryr.se\/wp-content\/uploads\/2016\/10\/IMG_4048-1024x768.jpg\" alt=\"img_4048\" width=\"712\" height=\"534\" srcset=\"http:\/\/sundalsryr.se\/wp-content\/uploads\/2016\/10\/IMG_4048-1024x768.jpg 1024w, http:\/\/sundalsryr.se\/wp-content\/uploads\/2016\/10\/IMG_4048-300x225.jpg 300w, http:\/\/sundalsryr.se\/wp-content\/uploads\/2016\/10\/IMG_4048-768x576.jpg 768w\" sizes=\"(max-width: 712px) 100vw, 712px\" \/><\/a><\/p>\n<p>Men \u00e4nd\u00e5 \u00e4r det med ett stort m\u00e5tt av vemod vi nu ser att den rivs. Det var en fin och omtyckt skola, med ett starkt f\u00f6r\u00e4ldraengagemang. Men utan elever kan ingen skola fortleva.\u00a0 I efterhand kan man konstatera att bygden beh\u00f6vde skolan mer \u00e4n vad eleverna gjorde\u2026.<\/p>\n<p>\u00c4ven om byggnaden snart \u00e4r borta kan man hoppas att m\u00e5nga fina skolminnen lever kvar hos de elever som g\u00e5tt d\u00e4r.<\/p>\n<figure id=\"attachment_3761\" aria-describedby=\"caption-attachment-3761\" style=\"width: 300px\" class=\"wp-caption alignright\"><a href=\"http:\/\/sundalsryr.se\/wp-content\/uploads\/2016\/10\/IMG_4044.jpg\"><img loading=\"lazy\" decoding=\"async\" class=\"size-medium wp-image-3761\" src=\"http:\/\/sundalsryr.se\/wp-content\/uploads\/2016\/10\/IMG_4044-300x225.jpg\" alt=\"Skylten \u00e4r bevarad \" width=\"300\" height=\"225\" srcset=\"http:\/\/sundalsryr.se\/wp-content\/uploads\/2016\/10\/IMG_4044-300x225.jpg 300w, http:\/\/sundalsryr.se\/wp-content\/uploads\/2016\/10\/IMG_4044-768x576.jpg 768w, http:\/\/sundalsryr.se\/wp-content\/uploads\/2016\/10\/IMG_4044-1024x768.jpg 1024w\" sizes=\"(max-width: 300px) 100vw, 300px\" \/><\/a><figcaption id=\"caption-attachment-3761\" class=\"wp-caption-text\">Skylten \u00e4r bevarad<\/figcaption><\/figure>\n<p>\/Susanne Borss\u00e9n<\/p>\n","protected":false},"excerpt":{"rendered":"<p>Den 25 augusti 1955 tog skolan emot elever f\u00f6r f\u00f6rsta g\u00e5ngen. Den ersatte d\u00e5 skolorna i Bollerud, Lers\u00e4ter, Sallebyn och Bollungsn\u00e4s. I den h\u00f6ga skolbyggnaden gick f\u00f6rskolan till trean, i den l\u00e4gre fanns fyran till sexan samt ett litet bibliotek. P\u00e5 bottenv\u00e5ningen i den h\u00f6ga byggnaden fanns l\u00e4rarrum och matsal. \u00c5r 2009 gick de sista&#8230;<\/p>\n","protected":false},"author":3,"featured_media":0,"comment_status":"open","ping_status":"open","sticky":false,"template":"","format":"standard","meta":{"_monsterinsights_skip_tracking":false,"_monsterinsights_sitenote_active":false,"_monsterinsights_sitenote_note":"","_monsterinsights_sitenote_category":0,"footnotes":""},"categories":[1],"tags":[],"class_list":["post-3757","post","type-post","status-publish","format-standard","hentry","category-aktuellt"],"_links":{"self":[{"href":"http:\/\/sundalsryr.se\/index.php?rest_route=\/wp\/v2\/posts\/3757"}],"collection":[{"href":"http:\/\/sundalsryr.se\/index.php?rest_route=\/wp\/v2\/posts"}],"about":[{"href":"http:\/\/sundalsryr.se\/index.php?rest_route=\/wp\/v2\/types\/post"}],"author":[{"embeddable":true,"href":"http:\/\/sundalsryr.se\/index.php?rest_route=\/wp\/v2\/users\/3"}],"replies":[{"embeddable":true,"href":"http:\/\/sundalsryr.se\/index.php?rest_route=%2Fwp%2Fv2%2Fcomments&post=3757"}],"version-history":[{"count":3,"href":"http:\/\/sundalsryr.se\/index.php?rest_route=\/wp\/v2\/posts\/3757\/revisions"}],"predecessor-version":[{"id":3764,"href":"http:\/\/sundalsryr.se\/index.php?rest_route=\/wp\/v2\/posts\/3757\/revisions\/3764"}],"wp:attachment":[{"href":"http:\/\/sundalsryr.se\/index.php?rest_route=%2Fwp%2Fv2%2Fmedia&parent=3757"}],"wp:term":[{"taxonomy":"category","embeddable":true,"href":"http:\/\/sundalsryr.se\/index.php?rest_route=%2Fwp%2Fv2%2Fcategories&post=3757"},{"taxonomy":"post_tag","embeddable":true,"href":"http:\/\/sundalsryr.se\/index.php?rest_route=%2Fwp%2Fv2%2Ftags&post=3757"}],"curies":[{"name":"wp","href":"https:\/\/api.w.org\/{rel}","templated":true}]}}