{"id":3784,"date":"2016-11-30T22:17:24","date_gmt":"2016-11-30T22:17:24","guid":{"rendered":"http:\/\/sundalsryr.se\/?p=3784"},"modified":"2016-12-01T08:00:55","modified_gmt":"2016-12-01T08:00:55","slug":"mote-pa-leden","status":"publish","type":"post","link":"http:\/\/sundalsryr.se\/?p=3784","title":{"rendered":"M\u00f6te p\u00e5 leden"},"content":{"rendered":"<p><a href=\"http:\/\/sundalsryr.se\/wp-content\/uploads\/2016\/11\/IMG_4143.jpg\"><img loading=\"lazy\" decoding=\"async\" class=\"aligncenter wp-image-3785\" src=\"http:\/\/sundalsryr.se\/wp-content\/uploads\/2016\/11\/IMG_4143-1024x768.jpg\" alt=\"img_4143\" width=\"776\" height=\"582\" srcset=\"http:\/\/sundalsryr.se\/wp-content\/uploads\/2016\/11\/IMG_4143-1024x768.jpg 1024w, http:\/\/sundalsryr.se\/wp-content\/uploads\/2016\/11\/IMG_4143-300x225.jpg 300w, http:\/\/sundalsryr.se\/wp-content\/uploads\/2016\/11\/IMG_4143-768x576.jpg 768w\" sizes=\"(max-width: 776px) 100vw, 776px\" \/><\/a><\/p>\n<p>Dagarna \u00e4r korta, snart \u00e4r \u00e5rets m\u00f6rkaste tid h\u00e4r. Slumpar det sig s\u00e5 att ledighet och sol infaller samtidigt, m\u00e5ste man helt enkelt passa p\u00e5 att vara ute en stund. Rundan runt Bollungesj\u00f6n \u00e4r ett trevligt s\u00e4tt att f\u00e5 frisk luft, motion och ljus p\u00e5 samma g\u00e5ng.<a href=\"http:\/\/sundalsryr.se\/wp-content\/uploads\/2016\/11\/IMG_4139.jpg\"><img loading=\"lazy\" decoding=\"async\" class=\"alignright size-medium wp-image-3786\" src=\"http:\/\/sundalsryr.se\/wp-content\/uploads\/2016\/11\/IMG_4139-225x300.jpg\" alt=\"img_4139\" width=\"225\" height=\"300\" srcset=\"http:\/\/sundalsryr.se\/wp-content\/uploads\/2016\/11\/IMG_4139-225x300.jpg 225w, http:\/\/sundalsryr.se\/wp-content\/uploads\/2016\/11\/IMG_4139-768x1024.jpg 768w\" sizes=\"(max-width: 225px) 100vw, 225px\" \/><\/a><\/p>\n<p>En del av Sundals ryrs leden g\u00e5r p\u00e5 den \u00f6stra sidan av Bollungesj\u00f6n, d\u00e4r \u00e4r det snitslat med r\u00f6da markeringar som p\u00e5 alla andra leder. Men det g\u00e5r en v\u00e4g ocks\u00e5 p\u00e5 den v\u00e4stra sidan! \u00c4ven om denna inte \u00e4r utm\u00e4rkt p\u00e5 led-kartan kan man anv\u00e4nda den, om man bara respekterar allemansr\u00e4tten, <em>d v s inte st\u00f6ra och inte f\u00f6rst\u00f6ra<\/em>, precis som p\u00e5 alla andra st\u00e4llen i naturen.<\/p>\n<p>Det \u00e4r en kall s\u00f6ndag i slutet av november, i skuggan biter sig rimfrosten kvar i gr\u00e4set och p\u00e5 vattenp\u00f6larna ligger en tunn hinna av is, men sj\u00f6n \u00e4r fortfarande \u00f6ppen. Jag utg\u00e5r fr\u00e5n Bollungens badplats, uppf\u00f6r backen och tar sedan grusv\u00e4gen \u00e5t v\u00e4nster mellan husen f\u00f6r att komma motsols runt sj\u00f6n, allt f\u00f6r att f\u00e5 s\u00e5 mycket som m\u00f6jligt av den livgivande solen.<\/p>\n<p>&nbsp;<\/p>\n<p>&nbsp;<\/p>\n<p><a href=\"http:\/\/sundalsryr.se\/wp-content\/uploads\/2016\/11\/IMG_4146.jpg\"><img loading=\"lazy\" decoding=\"async\" class=\"aligncenter wp-image-3787\" src=\"http:\/\/sundalsryr.se\/wp-content\/uploads\/2016\/11\/IMG_4146-1024x768.jpg\" alt=\"img_4146\" width=\"785\" height=\"589\" srcset=\"http:\/\/sundalsryr.se\/wp-content\/uploads\/2016\/11\/IMG_4146-1024x768.jpg 1024w, http:\/\/sundalsryr.se\/wp-content\/uploads\/2016\/11\/IMG_4146-300x225.jpg 300w, http:\/\/sundalsryr.se\/wp-content\/uploads\/2016\/11\/IMG_4146-768x576.jpg 768w\" sizes=\"(max-width: 785px) 100vw, 785px\" \/><\/a><\/p>\n<p>F\u00f6r n\u00e5gon m\u00e5nad sedan var naturens f\u00e4rger gult, orange och r\u00f6tt, nu har alla nyanser av brunt tagit \u00f6ver. Lungorna fylls med frisk kall luft i samma takt som f\u00f6tterna r\u00f6r sig \u00f6ver de prasslande l\u00f6ven som t\u00e4cker marken. Det luktar jord och skog, sm\u00e5 b\u00e4ckar porlar ner fr\u00e5n berget p\u00e5 min h\u00f6gra sida. Dagen \u00e4r kort, solen ligger bara en liten bit \u00f6ver horisonten fast det \u00e4r mitt p\u00e5 dagen. Den lyser mig rakt i ansiktet och str\u00f6r glitter i sj\u00f6n. November f\u00e5r ta mycket skit som den tr\u00e5kigaste av m\u00e5nader, men denna dag finns det inget att klaga p\u00e5. Allt \u00e4r s\u00e5 bra som det kan bli.<\/p>\n<p><a href=\"http:\/\/sundalsryr.se\/wp-content\/uploads\/2016\/11\/IMG_4145.jpg\"><img loading=\"lazy\" decoding=\"async\" class=\"alignleft size-medium wp-image-3788\" src=\"http:\/\/sundalsryr.se\/wp-content\/uploads\/2016\/11\/IMG_4145-225x300.jpg\" alt=\"img_4145\" width=\"225\" height=\"300\" srcset=\"http:\/\/sundalsryr.se\/wp-content\/uploads\/2016\/11\/IMG_4145-225x300.jpg 225w, http:\/\/sundalsryr.se\/wp-content\/uploads\/2016\/11\/IMG_4145-768x1024.jpg 768w\" sizes=\"(max-width: 225px) 100vw, 225px\" \/><\/a><\/p>\n<p>Efter ett par kilometer blir grusv\u00e4gen en skogsv\u00e4g. Tr\u00e4den bildar en tunnel dit solen inte n\u00e5r, men man skymtar ljuset vid tunnelns slut. \u00a0Ben, lungor och hj\u00e4rta arbetar p\u00e5, det \u00e4r en h\u00e4rlig k\u00e4nsla n\u00e4r allt fungerar. Hittills har det g\u00e5tt l\u00e4tt att springa och n\u00e4r jag kommer till tr\u00e4dtunnelns slut \u00e4r jag framme p\u00e5 platsen som heter <em>Paradiset<\/em>, utan att varken ha beh\u00f6vt st\u00e5 till svars inf\u00f6r Sankte Per eller g\u00e5 genom n\u00e5gon sk\u00e4rseld.\u00a0 \u00c5krarna sluttar ner mot sj\u00f6n och p\u00e5 andra sidan bildar skogen en m\u00f6rk kuliss. Det \u00e4r en fridfull plats som lever upp till sitt namn.<\/p>\n<p>En bit bort ser jag en kvinna p\u00e5 promenad med sin hund, hon \u00e4r p\u00e5 v\u00e4g \u00e5t ett annat h\u00e5ll. P\u00e5 lederna ser man ofta sp\u00e5r efter andra, fotsp\u00e5r, cykel sp\u00e5r och hovsp\u00e5r. \u00a0Men det \u00e4r verkligen inte tr\u00e5ngt p\u00e5 de n\u00e4stan 10 mil som utg\u00f6r Sundals ryrs aktivitets led. Man blir glad n\u00e4r man ser n\u00e5gon. K\u00e4nner samh\u00f6righet. Vi vinkar \u00e5t varandra, f\u00f6r s\u00e5 g\u00f6r man p\u00e5 landet.<\/p>\n<p><a href=\"http:\/\/sundalsryr.se\/wp-content\/uploads\/2016\/11\/IMG_4153.jpg\"><img loading=\"lazy\" decoding=\"async\" class=\"alignright size-medium wp-image-3789\" src=\"http:\/\/sundalsryr.se\/wp-content\/uploads\/2016\/11\/IMG_4153-300x225.jpg\" alt=\"img_4153\" width=\"300\" height=\"225\" srcset=\"http:\/\/sundalsryr.se\/wp-content\/uploads\/2016\/11\/IMG_4153-300x225.jpg 300w, http:\/\/sundalsryr.se\/wp-content\/uploads\/2016\/11\/IMG_4153-768x576.jpg 768w, http:\/\/sundalsryr.se\/wp-content\/uploads\/2016\/11\/IMG_4153-1024x768.jpg 1024w\" sizes=\"(max-width: 300px) 100vw, 300px\" \/><\/a><\/p>\n<p>N\u00e4r v\u00e4gen delar sig sv\u00e4nger jag v\u00e4nster. Det b\u00f6rjar g\u00e5 lite uppf\u00f6r men jag k\u00e4mpar p\u00e5. S\u00e5 prasslar n\u00e5got till vid sidan om mig, 10 meter fr\u00e5n v\u00e4gen g\u00e5r ett brunsvart vildsvin och letar i de torra l\u00f6ven. Den tittar upp. Hon \u00e4r stor, kanske 80, 90 kilo. S\u00e5 f\u00e5r jag se \u00e4nnu en, den \u00e4r bara h\u00e4lften s\u00e5 stor. B\u00e5da tv\u00e5 f\u00e5r fart och travar iv\u00e4g med svansarna rakt upp. Mitt f\u00f6rsta vildsvinsm\u00f6te \u00e4r \u00f6ver p\u00e5 mindre \u00e4n en halv minut. Jag f\u00f6redrar tama grisar, vill inte ha tr\u00e4dg\u00e5rd eller \u00e5krar uppb\u00f6kade och vill inte riskera att de tama blir smittade av n\u00e5gon vild svinpest, men det \u00e4r \u00e4nd\u00e5 fascinerande att se vilda djur i naturen.<\/p>\n<p>Nerf\u00f6r stora paradisbacken f\u00e5r jag upp farten ordentligt. Hade t\u00e4nkt ta ett kort p\u00e5 fikabordet vid sj\u00f6ns sydspets, men n\u00e4r jag kommer ih\u00e5g det \u00e4r jag redan f\u00f6rbi. Tankarna vandrar iv\u00e4g som de ofta g\u00f6r n\u00e4r man springer, enkelheten i att taktfast s\u00e4tta en fot framf\u00f6r den andra, igen och igen. Andas in och ut, in ut. Som meditation. Tid f\u00f6r sig sj\u00e4lv. Tid att l\u00e5ta tankarna slippa loss fr\u00e5n den inrutade vardagen och vandra genom skogar och \u00f6ver fj\u00e4ll. Tid att l\u00e5ta \u00f6gonen blicka l\u00e4ngre \u00e4n till n\u00e4sta sk\u00e4rm och ist\u00e4llet se mot horisonten. Tid att ta djupa andetag och l\u00e5ta axlarna sjunka.<\/p>\n<p><a href=\"http:\/\/sundalsryr.se\/wp-content\/uploads\/2016\/11\/IMG_4149.jpg\"><img loading=\"lazy\" decoding=\"async\" class=\"alignright size-medium wp-image-3790\" src=\"http:\/\/sundalsryr.se\/wp-content\/uploads\/2016\/11\/IMG_4149-300x225.jpg\" alt=\"img_4149\" width=\"300\" height=\"225\" srcset=\"http:\/\/sundalsryr.se\/wp-content\/uploads\/2016\/11\/IMG_4149-300x225.jpg 300w, http:\/\/sundalsryr.se\/wp-content\/uploads\/2016\/11\/IMG_4149-768x576.jpg 768w, http:\/\/sundalsryr.se\/wp-content\/uploads\/2016\/11\/IMG_4149-1024x768.jpg 1024w\" sizes=\"(max-width: 300px) 100vw, 300px\" \/><\/a><\/p>\n<p>Jag sv\u00e4nger av fr\u00e5n v\u00e4gen och in p\u00e5 den markerade leden som g\u00e5 p\u00e5 \u00f6stra sidan av Bollungen. En gr\u00e4sbevuxen stig. F\u00f6rv\u00e5nansv\u00e4rt torrt f\u00f6r \u00e5rstiden. Jag kommer fram till foderh\u00e4cken d\u00e4r r\u00e5djur och andra djur kan matas p\u00e5 vintern, men nu finns det fortfarande gott om \u00e4tbart f\u00f6r dem i naturen. P\u00e5 lingonriset ser jag till och med n\u00e5gra b\u00e4r som envist h\u00e4nger sig kvar.<\/p>\n<p>&nbsp;<\/p>\n<p><a href=\"http:\/\/sundalsryr.se\/wp-content\/uploads\/2016\/11\/IMG_4151.jpg\"><img loading=\"lazy\" decoding=\"async\" class=\"alignleft size-medium wp-image-3791\" src=\"http:\/\/sundalsryr.se\/wp-content\/uploads\/2016\/11\/IMG_4151-300x225.jpg\" alt=\"img_4151\" width=\"300\" height=\"225\" srcset=\"http:\/\/sundalsryr.se\/wp-content\/uploads\/2016\/11\/IMG_4151-300x225.jpg 300w, http:\/\/sundalsryr.se\/wp-content\/uploads\/2016\/11\/IMG_4151-768x576.jpg 768w, http:\/\/sundalsryr.se\/wp-content\/uploads\/2016\/11\/IMG_4151-1024x768.jpg 1024w\" sizes=\"(max-width: 300px) 100vw, 300px\" \/><\/a><\/p>\n<p>P\u00e5 den \u00f6stra sidan \u00e4r skogen m\u00f6rkare, solen kommer inte \u00e5t. Men fikaplatsen, med utsikt \u00f6ver sj\u00f6n, \u00e4r ljus och inbjudande. Men n\u00e5gon paus \u00e4r det inte l\u00e4ge f\u00f6r i dag. Det k\u00e4nns snabbt kallt n\u00e4r man stannar, vinden biter i kinderna om den f\u00e5r chansen och n\u00e4r jag andas bildas det vita moln, s\u00e5 jag forts\u00e4tter. Skogen \u00f6ppnar sig, solen lyser p\u00e5 byn Bollungen. Det ser idylliskt ut och nu \u00e4r det bara en liten bit kvar innan jag \u00e4r d\u00e4r. Jag hukar mig under bommen och s\u00e5 \u00e4r jag ute p\u00e5 asfaltsv\u00e4gen. Nerf\u00f6r, genom de skarpa kurvorna och s\u00e5 \u00e4r jag tillbaka vid parkeringen. Alla v\u00e4gar och stigar har sina speciella egenheter. Vissa rundor bjuder upp till kamp, n\u00e5gra \u00e4r l\u00e4tta, platta och invanda, n\u00e5gra \u00e4r slingrande med l\u00f6mska r\u00f6tter och gropar, rundan runt Bollungen kan klassas som den med de finaste vyerna. En 8 km l\u00e5ng, l\u00e4ttillg\u00e4nglig naturupplevelse som kan bjuda p\u00e5 ov\u00e4ntade m\u00f6ten&#8230;.<\/p>\n<p><a href=\"http:\/\/sundalsryr.se\/wp-content\/uploads\/2016\/11\/IMG_4155.jpg\"><img loading=\"lazy\" decoding=\"async\" class=\"aligncenter size-large wp-image-3792\" src=\"http:\/\/sundalsryr.se\/wp-content\/uploads\/2016\/11\/IMG_4155-1024x768.jpg\" alt=\"img_4155\" width=\"1024\" height=\"768\" srcset=\"http:\/\/sundalsryr.se\/wp-content\/uploads\/2016\/11\/IMG_4155-1024x768.jpg 1024w, http:\/\/sundalsryr.se\/wp-content\/uploads\/2016\/11\/IMG_4155-300x225.jpg 300w, http:\/\/sundalsryr.se\/wp-content\/uploads\/2016\/11\/IMG_4155-768x576.jpg 768w\" sizes=\"(max-width: 1024px) 100vw, 1024px\" \/><\/a><\/p>\n<p>\/Susanne Borss\u00e9n<\/p>\n<p>&nbsp;<\/p>\n<p>.<\/p>\n","protected":false},"excerpt":{"rendered":"<p>Dagarna \u00e4r korta, snart \u00e4r \u00e5rets m\u00f6rkaste tid h\u00e4r. Slumpar det sig s\u00e5 att ledighet och sol infaller samtidigt, m\u00e5ste man helt enkelt passa p\u00e5 att vara ute en stund. Rundan runt Bollungesj\u00f6n \u00e4r ett trevligt s\u00e4tt att f\u00e5 frisk luft, motion och ljus p\u00e5 samma g\u00e5ng. En del av Sundals ryrs leden g\u00e5r p\u00e5&#8230;<\/p>\n","protected":false},"author":3,"featured_media":0,"comment_status":"open","ping_status":"open","sticky":false,"template":"","format":"standard","meta":{"_monsterinsights_skip_tracking":false,"_monsterinsights_sitenote_active":false,"_monsterinsights_sitenote_note":"","_monsterinsights_sitenote_category":0,"footnotes":""},"categories":[11],"tags":[],"class_list":["post-3784","post","type-post","status-publish","format-standard","hentry","category-rapporter-fran-leden"],"_links":{"self":[{"href":"http:\/\/sundalsryr.se\/index.php?rest_route=\/wp\/v2\/posts\/3784"}],"collection":[{"href":"http:\/\/sundalsryr.se\/index.php?rest_route=\/wp\/v2\/posts"}],"about":[{"href":"http:\/\/sundalsryr.se\/index.php?rest_route=\/wp\/v2\/types\/post"}],"author":[{"embeddable":true,"href":"http:\/\/sundalsryr.se\/index.php?rest_route=\/wp\/v2\/users\/3"}],"replies":[{"embeddable":true,"href":"http:\/\/sundalsryr.se\/index.php?rest_route=%2Fwp%2Fv2%2Fcomments&post=3784"}],"version-history":[{"count":6,"href":"http:\/\/sundalsryr.se\/index.php?rest_route=\/wp\/v2\/posts\/3784\/revisions"}],"predecessor-version":[{"id":3798,"href":"http:\/\/sundalsryr.se\/index.php?rest_route=\/wp\/v2\/posts\/3784\/revisions\/3798"}],"wp:attachment":[{"href":"http:\/\/sundalsryr.se\/index.php?rest_route=%2Fwp%2Fv2%2Fmedia&parent=3784"}],"wp:term":[{"taxonomy":"category","embeddable":true,"href":"http:\/\/sundalsryr.se\/index.php?rest_route=%2Fwp%2Fv2%2Fcategories&post=3784"},{"taxonomy":"post_tag","embeddable":true,"href":"http:\/\/sundalsryr.se\/index.php?rest_route=%2Fwp%2Fv2%2Ftags&post=3784"}],"curies":[{"name":"wp","href":"https:\/\/api.w.org\/{rel}","templated":true}]}}