{"id":3827,"date":"2017-02-02T17:32:42","date_gmt":"2017-02-02T17:32:42","guid":{"rendered":"http:\/\/sundalsryr.se\/?p=3827"},"modified":"2017-02-02T17:32:42","modified_gmt":"2017-02-02T17:32:42","slug":"byabladet-varen-17","status":"publish","type":"post","link":"http:\/\/sundalsryr.se\/?p=3827","title":{"rendered":"Byabladet v\u00e5ren -17"},"content":{"rendered":"<p><a href=\"http:\/\/sundalsryr.se\/wp-content\/uploads\/2017\/02\/IMG_0096.jpg\"><img loading=\"lazy\" decoding=\"async\" class=\"aligncenter size-full wp-image-3829\" src=\"http:\/\/sundalsryr.se\/wp-content\/uploads\/2017\/02\/IMG_0096.jpg\" alt=\"\" width=\"383\" height=\"517\" srcset=\"http:\/\/sundalsryr.se\/wp-content\/uploads\/2017\/02\/IMG_0096.jpg 383w, http:\/\/sundalsryr.se\/wp-content\/uploads\/2017\/02\/IMG_0096-222x300.jpg 222w\" sizes=\"(max-width: 383px) 100vw, 383px\" \/><\/a><\/p>\n<p>Nu \u00e4r snart byabladen ute i alla brevl\u00e5dor. H\u00f6r g\u00e4rna av dig om du inte f\u00e5tt n\u00e5got senast p\u00e5 m\u00e5ndag, s\u00e5 skickar vi ett till dig. Annars har du programmet h\u00e4r.<\/p>\n<table>\n<tbody>\n<tr>\n<td width=\"443\">\n<h1><span style=\"color: #ff0000;\"><strong>Februari<\/strong><\/span><\/h1>\n<\/td>\n<\/tr>\n<\/tbody>\n<\/table>\n<p><strong>Filmkv\u00e4ll<br \/>\n<\/strong>Onsdag den 8 februari kl. 19.00 i f\u00f6rsamlingshemmet, visar Jan Andersson filmen om Dalsland fr\u00e5n 1950-talet som Erling Zackrisson filmat. Film och fika 100:-<\/p>\n<p>&nbsp;<\/p>\n<table>\n<tbody>\n<tr>\n<td width=\"443\">\n<h1><span style=\"color: #ff0000;\"><strong>Mars<\/strong><\/span><\/h1>\n<\/td>\n<\/tr>\n<\/tbody>\n<\/table>\n<p><strong>F\u00f6rel\u00e4sning <\/strong><\/p>\n<p>Onsdag 22e kl 18.30 kommer f\u00f6rel\u00e4saren Anders Olsson till f\u00f6rsamlingshemmet och f\u00f6rel\u00e4ser om <u>medveten andning.<\/u> Med r\u00e4tt andning kan man komma tillr\u00e4tta med m\u00e5nga problem s\u00e5som snarkning, astma, h\u00f6gt blodtryck, oro och energibrist.\u00a0 En medveten andning kan ge ett friskare och b\u00e4ttre liv, s\u00e5 kom och lyssna till en intressant talare! L\u00e4s g\u00e4rna mer p\u00e5 <a href=\"http:\/\/www.medvetenandning.se\">www.medvetenandning.se<\/a> F\u00f6rel\u00e4sning och fika kostar 70 kr och \u00e4r ett samarbete mellan SK Granan och byalaget.<\/p>\n<p><strong>\u00a0<\/strong><\/p>\n<p><strong>\u00c5rsm\u00f6te &amp; v\u00e5ffelcaf\u00e9<br \/>\n<\/strong>M\u00e5ndag den 27e bjuder byalaget p\u00e5 v\u00e5ffelcaf\u00e9 p\u00e5 Evenstorsp g\u00e5rd (drop in) mellan kl. 18.00-19.00. Kl. 19.00 b\u00f6rjar vi sedan v\u00e5rt \u00e5rsm\u00f6te. Hj\u00e4rtligt v\u00e4lkomna allesammans!<\/p>\n<p>&nbsp;<\/p>\n<table>\n<tbody>\n<tr>\n<td width=\"443\">\n<h1><span style=\"color: #ff0000;\"><strong>April<\/strong><\/span><\/h1>\n<\/td>\n<\/tr>\n<\/tbody>\n<\/table>\n<p><strong>\u00a0<\/strong><\/p>\n<p><strong>Vandring<br \/>\n<\/strong>I april blir det en vandring i det nya naturreservatet \u201dOxeklev\u201d som ligger vid v\u00e4gen mot Stigen (om man \u00e5ker fr\u00e5n \u00c5rbol) N\u00e5gon fr\u00e5n V\u00e4stkuststiftelsen kommer att guida oss. Dag och tid \u00e4r inte best\u00e4mt \u00e4nnu, h\u00e5ll koll p\u00e5 hemsidan och facebook d\u00e4r kommer mer information s\u00e5 fort vi vet.<\/p>\n<p>&nbsp;<\/p>\n<p>&nbsp;<\/p>\n<p><strong>Loppisrunda<br \/>\n<\/strong>L\u00f6rdag den 8 april \u00e4r det loppisrunda i och omkring Br\u00e5landa. Vill du ha n\u00e5gonstans att s\u00e4lja dina saker kan du hyra ett bord p\u00e5 Brobergs loge (tele: 35030) Karta \u00f6ver loppisarna finns p\u00e5 gallerian i Br\u00e5landa.<\/p>\n<p><strong>\u00a0<\/strong><\/p>\n<p><strong>P\u00e5sklovspyssel f\u00f6r barn<\/strong><\/p>\n<p>M\u00e5ndag den 17 april kl. 15.00 kommer byalaget anordna p\u00e5sklovspyssel f\u00f6r barn. Vi kommer anpassa pysslet och lokalen utifr\u00e5n \u00e5lder och antalet barn som deltar. D\u00e4rmed ber vi er att anm\u00e4la ert deltagande innan 3 april till, <a href=\"mailto:katarina.appelgren@outlook.com\">katarina.appelgren@outlook.com<\/a><\/p>\n<p><strong><u>\u00ad\u00ad\u00ad\u00ad<\/u><\/strong><\/p>\n<table>\n<tbody>\n<tr>\n<td width=\"443\">\n<h1><span style=\"color: #ff0000;\"><strong>Maj<\/strong><\/span><\/h1>\n<\/td>\n<\/tr>\n<\/tbody>\n<\/table>\n<p><strong>Lerduveskytte<br \/>\n<\/strong>M\u00e5ndag 1e B\u00e5de publik och t\u00e4vlande h\u00e4lsas v\u00e4lkomna till den \u00e5rliga kampen. F\u00f6rsta skottet sm\u00e4ller kl 11.00, vid fr\u00e5gor ring Nicklas Hansson tele: 35060<\/p>\n<p>&nbsp;<\/p>\n<p><strong>Stora v\u00e5rdoppet<br \/>\n<\/strong>M\u00e5ndag 1e\u00a0 N\u00e5gra badentusiaster har sedan flera \u00e5r tagit f\u00f6r vana att bada 1 maj. Kom och var med eller kom och titta. Bollungens badplats kl 13<\/p>\n<p>&nbsp;<\/p>\n<p><strong>Kosl\u00e4pp<br \/>\n<\/strong>M\u00e5ndag 1e i Evenstorp. Kl 14.00. F\u00f6r mer information, bes\u00f6k <a href=\"http:\/\/www.ekologiskahallon.se\">www.ekologiskahallon.se<\/a><\/p>\n<p>&nbsp;<\/p>\n<p><strong>After work med Cykeltipspromenad och grillning f\u00f6r hela familjen.<\/strong> Fredag den 12 maj k\u00f6r vi en repris p\u00e5 f\u00f6rra \u00e5rets lyckade kv\u00e4ll. Drop in fr\u00e5n kl. 18, start och m\u00e5l vid familjen Brobergs (ca 1 km norr om \u00c5rbolskorsningen). Cykelturen g\u00e5r runt k\u00e4rr och nya kyrkan, ca 4 km. Efter\u00e5t har vi grillarna varma. Var och en tar med mat och dryck till sig.<\/p>\n<table>\n<tbody>\n<tr>\n<td width=\"443\">\n<h1><span style=\"color: #ff0000;\"><strong>Juni<\/strong><\/span><\/h1>\n<\/td>\n<\/tr>\n<\/tbody>\n<\/table>\n<p><strong>\u00a0<\/strong><\/p>\n<p><strong>Badplatsst\u00e4dning<br \/>\n<\/strong>Fredag 2e<strong> \u00a0<\/strong>kl 18.00 tr\u00e4ffas vi vid Bollungens badplats och hj\u00e4lps \u00e5t att fixa i ordning inf\u00f6r bads\u00e4songen. Byalaget bjuder p\u00e5 korv och br\u00f6d. Fr\u00e5gor Andreas Johansson tele: 35036<\/p>\n<p>&nbsp;<\/p>\n<p>.<\/p>\n<p>&nbsp;<\/p>\n","protected":false},"excerpt":{"rendered":"<p>Nu \u00e4r snart byabladen ute i alla brevl\u00e5dor. H\u00f6r g\u00e4rna av dig om du inte f\u00e5tt n\u00e5got senast p\u00e5 m\u00e5ndag, s\u00e5 skickar vi ett till dig. Annars har du programmet h\u00e4r. Februari Filmkv\u00e4ll Onsdag den 8 februari kl. 19.00 i f\u00f6rsamlingshemmet, visar Jan Andersson filmen om Dalsland fr\u00e5n 1950-talet som Erling Zackrisson filmat. Film och&#8230;<\/p>\n","protected":false},"author":3,"featured_media":0,"comment_status":"open","ping_status":"open","sticky":false,"template":"","format":"standard","meta":{"_monsterinsights_skip_tracking":false,"_monsterinsights_sitenote_active":false,"_monsterinsights_sitenote_note":"","_monsterinsights_sitenote_category":0,"footnotes":""},"categories":[1],"tags":[],"class_list":["post-3827","post","type-post","status-publish","format-standard","hentry","category-aktuellt"],"_links":{"self":[{"href":"http:\/\/sundalsryr.se\/index.php?rest_route=\/wp\/v2\/posts\/3827"}],"collection":[{"href":"http:\/\/sundalsryr.se\/index.php?rest_route=\/wp\/v2\/posts"}],"about":[{"href":"http:\/\/sundalsryr.se\/index.php?rest_route=\/wp\/v2\/types\/post"}],"author":[{"embeddable":true,"href":"http:\/\/sundalsryr.se\/index.php?rest_route=\/wp\/v2\/users\/3"}],"replies":[{"embeddable":true,"href":"http:\/\/sundalsryr.se\/index.php?rest_route=%2Fwp%2Fv2%2Fcomments&post=3827"}],"version-history":[{"count":2,"href":"http:\/\/sundalsryr.se\/index.php?rest_route=\/wp\/v2\/posts\/3827\/revisions"}],"predecessor-version":[{"id":3830,"href":"http:\/\/sundalsryr.se\/index.php?rest_route=\/wp\/v2\/posts\/3827\/revisions\/3830"}],"wp:attachment":[{"href":"http:\/\/sundalsryr.se\/index.php?rest_route=%2Fwp%2Fv2%2Fmedia&parent=3827"}],"wp:term":[{"taxonomy":"category","embeddable":true,"href":"http:\/\/sundalsryr.se\/index.php?rest_route=%2Fwp%2Fv2%2Fcategories&post=3827"},{"taxonomy":"post_tag","embeddable":true,"href":"http:\/\/sundalsryr.se\/index.php?rest_route=%2Fwp%2Fv2%2Ftags&post=3827"}],"curies":[{"name":"wp","href":"https:\/\/api.w.org\/{rel}","templated":true}]}}