{"id":3846,"date":"2017-03-01T17:27:31","date_gmt":"2017-03-01T17:27:31","guid":{"rendered":"http:\/\/sundalsryr.se\/?p=3846"},"modified":"2017-03-01T17:27:31","modified_gmt":"2017-03-01T17:27:31","slug":"oxeklev","status":"publish","type":"post","link":"http:\/\/sundalsryr.se\/?p=3846","title":{"rendered":"Oxeklev"},"content":{"rendered":"<p><a href=\"http:\/\/sundalsryr.se\/wp-content\/uploads\/2017\/03\/oxeklev-lennart-olsson-416.jpg\"><img loading=\"lazy\" decoding=\"async\" class=\"aligncenter size-full wp-image-3847\" src=\"http:\/\/sundalsryr.se\/wp-content\/uploads\/2017\/03\/oxeklev-lennart-olsson-416.jpg\" alt=\"\" width=\"416\" height=\"312\" srcset=\"http:\/\/sundalsryr.se\/wp-content\/uploads\/2017\/03\/oxeklev-lennart-olsson-416.jpg 416w, http:\/\/sundalsryr.se\/wp-content\/uploads\/2017\/03\/oxeklev-lennart-olsson-416-300x225.jpg 300w\" sizes=\"(max-width: 416px) 100vw, 416px\" \/><\/a><\/p>\n<p>N\u00e4r byabladet trycktes hade vi \u00e4nnu inte f\u00e5tt riktig klarhet i vilken dag v\u00e5rens guidade vandring g\u00e5r av stapeln, men nu vet vi!<\/p>\n<p>S\u00f6ndag den 9 april blir det guidad vandring i reservatet Oxeklev. Tiden \u00e4r \u00e4nnu inte best\u00e4md men skriv in den 9e i almanackan och h\u00e5ll utkik h\u00e4r p\u00e5 hemsidan.<\/p>\n<p><a href=\"http:\/\/sundalsryr.se\/wp-content\/uploads\/2017\/03\/oxeklev1-lennart-olsson-416.jpg\"><img loading=\"lazy\" decoding=\"async\" class=\"alignright size-full wp-image-3848\" src=\"http:\/\/sundalsryr.se\/wp-content\/uploads\/2017\/03\/oxeklev1-lennart-olsson-416.jpg\" alt=\"\" width=\"200\" height=\"267\" \/><\/a><\/p>\n<p>S\u00e5h\u00e4r st\u00e5r det om det nya reservatet p\u00e5 l\u00e4nsstyrelsens hemsida:<\/p>\n<p><em>Oxeklevs naturreservat p\u00e5 s\u00f6dra Kroppefj\u00e4ll utg\u00f6r ett stycke \u00e4ldre op\u00e5verkad barrskog. Skogen i omr\u00e5det har f\u00e5tt utvecklas relativt fritt under l\u00e5ng tid och har karakt\u00e4ren av gammelskog med mer \u00e4n hundra\u00e5riga tallar och senvuxna ekar i branterna.\u00a0<\/em><\/p>\n<p><em>H\u00e4r finns arter som \u00e4r knutna till or\u00f6rda skogsmilj\u00f6er som grantaggsvamp, liten spiklav, tj\u00e4der och spillkr\u00e5ka.\u00a0 I dalg\u00e5ngarna finns sm\u00e5 myrmarker och n\u00e5gra myrg\u00f6lar. Alldeles vid v\u00e4gen finns ocks\u00e5 en bergsbrant med en \u00e4ldre k\u00e4lla d\u00e4r rutlungmossa och andra mer kr\u00e4vande v\u00e4xtarter f\u00f6rekommer. \u00a0<\/em><\/p>\n<p>\/Susanne Borss\u00e9n<\/p>\n","protected":false},"excerpt":{"rendered":"<p>N\u00e4r byabladet trycktes hade vi \u00e4nnu inte f\u00e5tt riktig klarhet i vilken dag v\u00e5rens guidade vandring g\u00e5r av stapeln, men nu vet vi! S\u00f6ndag den 9 april blir det guidad vandring i reservatet Oxeklev. Tiden \u00e4r \u00e4nnu inte best\u00e4md men skriv in den 9e i almanackan och h\u00e5ll utkik h\u00e4r p\u00e5 hemsidan. S\u00e5h\u00e4r st\u00e5r det&#8230;<\/p>\n","protected":false},"author":3,"featured_media":0,"comment_status":"open","ping_status":"open","sticky":false,"template":"","format":"standard","meta":{"_monsterinsights_skip_tracking":false,"_monsterinsights_sitenote_active":false,"_monsterinsights_sitenote_note":"","_monsterinsights_sitenote_category":0,"footnotes":""},"categories":[1],"tags":[],"class_list":["post-3846","post","type-post","status-publish","format-standard","hentry","category-aktuellt"],"_links":{"self":[{"href":"http:\/\/sundalsryr.se\/index.php?rest_route=\/wp\/v2\/posts\/3846"}],"collection":[{"href":"http:\/\/sundalsryr.se\/index.php?rest_route=\/wp\/v2\/posts"}],"about":[{"href":"http:\/\/sundalsryr.se\/index.php?rest_route=\/wp\/v2\/types\/post"}],"author":[{"embeddable":true,"href":"http:\/\/sundalsryr.se\/index.php?rest_route=\/wp\/v2\/users\/3"}],"replies":[{"embeddable":true,"href":"http:\/\/sundalsryr.se\/index.php?rest_route=%2Fwp%2Fv2%2Fcomments&post=3846"}],"version-history":[{"count":1,"href":"http:\/\/sundalsryr.se\/index.php?rest_route=\/wp\/v2\/posts\/3846\/revisions"}],"predecessor-version":[{"id":3849,"href":"http:\/\/sundalsryr.se\/index.php?rest_route=\/wp\/v2\/posts\/3846\/revisions\/3849"}],"wp:attachment":[{"href":"http:\/\/sundalsryr.se\/index.php?rest_route=%2Fwp%2Fv2%2Fmedia&parent=3846"}],"wp:term":[{"taxonomy":"category","embeddable":true,"href":"http:\/\/sundalsryr.se\/index.php?rest_route=%2Fwp%2Fv2%2Fcategories&post=3846"},{"taxonomy":"post_tag","embeddable":true,"href":"http:\/\/sundalsryr.se\/index.php?rest_route=%2Fwp%2Fv2%2Ftags&post=3846"}],"curies":[{"name":"wp","href":"https:\/\/api.w.org\/{rel}","templated":true}]}}