{"id":3875,"date":"2017-04-04T13:43:40","date_gmt":"2017-04-04T13:43:40","guid":{"rendered":"http:\/\/sundalsryr.se\/?p=3875"},"modified":"2017-04-04T13:44:31","modified_gmt":"2017-04-04T13:44:31","slug":"3875","status":"publish","type":"post","link":"http:\/\/sundalsryr.se\/?p=3875","title":{"rendered":"\u00c4ndrad dag"},"content":{"rendered":"<p><a href=\"http:\/\/sundalsryr.se\/wp-content\/uploads\/2017\/04\/IMG_0212-1.jpg\"><img loading=\"lazy\" decoding=\"async\" class=\"aligncenter wp-image-3876\" src=\"http:\/\/sundalsryr.se\/wp-content\/uploads\/2017\/04\/IMG_0212-1.jpg\" alt=\"\" width=\"609\" height=\"812\" srcset=\"http:\/\/sundalsryr.se\/wp-content\/uploads\/2017\/04\/IMG_0212-1.jpg 1224w, http:\/\/sundalsryr.se\/wp-content\/uploads\/2017\/04\/IMG_0212-1-225x300.jpg 225w, http:\/\/sundalsryr.se\/wp-content\/uploads\/2017\/04\/IMG_0212-1-768x1024.jpg 768w\" sizes=\"(max-width: 609px) 100vw, 609px\" \/><\/a><\/p>\n<p>Ibland h\u00e4nder det saker som g\u00f6r att vi m\u00e5ste \u00e4ndra datum p\u00e5 n\u00e5gon aktivitet, det \u00e4r alltid bekymmersamt eftersom informationen om \u00e4ndringen kan vara sv\u00e5r att f\u00e5 ut till alla. Men tyv\u00e4rr r\u00e5der vi inte \u00f6ver alla omst\u00e4ndigheter. Hoppas ni kan ha \u00f6verseende med det.<\/p>\n<p>F\u00f6r att den inplanerade vandringen i Oxeklevsreservatet ska kunna bli guidad, som vi lovat, m\u00e5ste den flyttas till <strong>l\u00f6rdag den 22 april. Kl 10.00<\/strong> tr\u00e4ffas alla vandringssugna och naturintresserade vid den lilla parkeringen vid Oxeklev. (Fr\u00e5n \u00c5rbol k\u00f6r man ca 4 km mot Stigen).<\/p>\n<p>Lennart Olsson fr\u00e5n L\u00e4nsstyrelsen kommer g\u00e5 med oss och ber\u00e4tta om reservatet och dess natur.<\/p>\n<p>Det kan vara bra att ha st\u00f6vlar eftersom det \u00e4r bl\u00f6tt p\u00e5 n\u00e5gra st\u00e4llen. Ta ocks\u00e5 med fika, s\u00e5 stannar vi och rastar p\u00e5 n\u00e5gon fin plats.<\/p>\n<p>Sprid g\u00e4rna informationen om dag och tid.<\/p>\n<p style=\"text-align: center;\"><strong>Alla \u00e4r varmt v\u00e4lkomna!<\/strong><\/p>\n<p style=\"text-align: left;\">.<\/p>\n","protected":false},"excerpt":{"rendered":"<p>Ibland h\u00e4nder det saker som g\u00f6r att vi m\u00e5ste \u00e4ndra datum p\u00e5 n\u00e5gon aktivitet, det \u00e4r alltid bekymmersamt eftersom informationen om \u00e4ndringen kan vara sv\u00e5r att f\u00e5 ut till alla. Men tyv\u00e4rr r\u00e5der vi inte \u00f6ver alla omst\u00e4ndigheter. Hoppas ni kan ha \u00f6verseende med det. F\u00f6r att den inplanerade vandringen i Oxeklevsreservatet ska kunna bli&#8230;<\/p>\n","protected":false},"author":3,"featured_media":0,"comment_status":"open","ping_status":"open","sticky":false,"template":"","format":"standard","meta":{"_monsterinsights_skip_tracking":false,"_monsterinsights_sitenote_active":false,"_monsterinsights_sitenote_note":"","_monsterinsights_sitenote_category":0,"footnotes":""},"categories":[1],"tags":[],"class_list":["post-3875","post","type-post","status-publish","format-standard","hentry","category-aktuellt"],"_links":{"self":[{"href":"http:\/\/sundalsryr.se\/index.php?rest_route=\/wp\/v2\/posts\/3875"}],"collection":[{"href":"http:\/\/sundalsryr.se\/index.php?rest_route=\/wp\/v2\/posts"}],"about":[{"href":"http:\/\/sundalsryr.se\/index.php?rest_route=\/wp\/v2\/types\/post"}],"author":[{"embeddable":true,"href":"http:\/\/sundalsryr.se\/index.php?rest_route=\/wp\/v2\/users\/3"}],"replies":[{"embeddable":true,"href":"http:\/\/sundalsryr.se\/index.php?rest_route=%2Fwp%2Fv2%2Fcomments&post=3875"}],"version-history":[{"count":3,"href":"http:\/\/sundalsryr.se\/index.php?rest_route=\/wp\/v2\/posts\/3875\/revisions"}],"predecessor-version":[{"id":3879,"href":"http:\/\/sundalsryr.se\/index.php?rest_route=\/wp\/v2\/posts\/3875\/revisions\/3879"}],"wp:attachment":[{"href":"http:\/\/sundalsryr.se\/index.php?rest_route=%2Fwp%2Fv2%2Fmedia&parent=3875"}],"wp:term":[{"taxonomy":"category","embeddable":true,"href":"http:\/\/sundalsryr.se\/index.php?rest_route=%2Fwp%2Fv2%2Fcategories&post=3875"},{"taxonomy":"post_tag","embeddable":true,"href":"http:\/\/sundalsryr.se\/index.php?rest_route=%2Fwp%2Fv2%2Ftags&post=3875"}],"curies":[{"name":"wp","href":"https:\/\/api.w.org\/{rel}","templated":true}]}}