{"id":3886,"date":"2017-04-23T10:26:24","date_gmt":"2017-04-23T10:26:24","guid":{"rendered":"http:\/\/sundalsryr.se\/?p=3886"},"modified":"2017-04-23T10:57:31","modified_gmt":"2017-04-23T10:57:31","slug":"3886","status":"publish","type":"post","link":"http:\/\/sundalsryr.se\/?p=3886","title":{"rendered":"Vandringen i Oxeklev"},"content":{"rendered":"<p><a href=\"http:\/\/sundalsryr.se\/wp-content\/uploads\/2017\/04\/IMG_0276.jpg\"><img loading=\"lazy\" decoding=\"async\" class=\"aligncenter wp-image-3887\" src=\"http:\/\/sundalsryr.se\/wp-content\/uploads\/2017\/04\/IMG_0276-1024x768.jpg\" alt=\"\" width=\"734\" height=\"551\" srcset=\"http:\/\/sundalsryr.se\/wp-content\/uploads\/2017\/04\/IMG_0276-1024x768.jpg 1024w, http:\/\/sundalsryr.se\/wp-content\/uploads\/2017\/04\/IMG_0276-300x225.jpg 300w, http:\/\/sundalsryr.se\/wp-content\/uploads\/2017\/04\/IMG_0276-768x576.jpg 768w, http:\/\/sundalsryr.se\/wp-content\/uploads\/2017\/04\/IMG_0276.jpg 1632w\" sizes=\"(max-width: 734px) 100vw, 734px\" \/><\/a><\/p>\n<p>V\u00e5ren har varit kall och bl\u00e5sig men som vanligt hade vi tur med v\u00e4dret n\u00e4r byalaget vandrade Oxeklev. V\u00e5r guide f\u00f6r dagen var Lennart Olsson som tidigare jobbar p\u00e5 l\u00e4nsstyrelsen. Oxeklevsreservatet \u00e4r 48 ha och \u00e4r bildat efter ett privat initiativ fr\u00e5n mark\u00e4garen.<\/p>\n<p>F\u00f6r 150 \u00e5r sedan fanns det n\u00e4stan ingen skog alls p\u00e5 Kroppefj\u00e4ll, den var nerhuggen f\u00f6r att bli br\u00e4nsle och marken betades och h\u00f6lls \u00f6ppen av getter, f\u00e5r och kor. De flesta av tr\u00e4den \u00e4r d\u00e4rf\u00f6r yngre \u00e4n 150 \u00e5r. Men i Oxeklevsreservatet finns m\u00e5nga tallar som \u00e4r 200-300 \u00e5r.<\/p>\n<figure id=\"attachment_3888\" aria-describedby=\"caption-attachment-3888\" style=\"width: 780px\" class=\"wp-caption aligncenter\"><a href=\"http:\/\/sundalsryr.se\/wp-content\/uploads\/2017\/04\/IMG_0263.jpg\"><img loading=\"lazy\" decoding=\"async\" class=\" wp-image-3888\" src=\"http:\/\/sundalsryr.se\/wp-content\/uploads\/2017\/04\/IMG_0263-1024x768.jpg\" alt=\"\" width=\"780\" height=\"585\" srcset=\"http:\/\/sundalsryr.se\/wp-content\/uploads\/2017\/04\/IMG_0263-1024x768.jpg 1024w, http:\/\/sundalsryr.se\/wp-content\/uploads\/2017\/04\/IMG_0263-300x225.jpg 300w, http:\/\/sundalsryr.se\/wp-content\/uploads\/2017\/04\/IMG_0263-768x576.jpg 768w, http:\/\/sundalsryr.se\/wp-content\/uploads\/2017\/04\/IMG_0263.jpg 1632w\" sizes=\"(max-width: 780px) 100vw, 780px\" \/><\/a><figcaption id=\"caption-attachment-3888\" class=\"wp-caption-text\">N\u00e5gra av dagens vandrare<\/figcaption><\/figure>\n<p>Vandringsleden i reservatet \u00e4r \u00e4nnu inte f\u00e4rdig, v\u00e5r promenad genom terr\u00e4ngen blev d\u00e4rf\u00f6r ganska jobbig. En sak som dock \u00e4r klar \u00e4r stolparna vid \u201ding\u00e5ngen\u201d, Lennart ber\u00e4ttade att s\u00e5dana finns vid alla l\u00e4nets reservat. I en del av dem sitter r\u00e4kneverk f\u00f6r att kunna registrera antalet bes\u00f6kare. Det mest bes\u00f6kta reservatet, Delsj\u00f6reservatet utanf\u00f6r G\u00f6teborg, har fler bes\u00f6kare \u00e4n Liseberg !<\/p>\n<figure id=\"attachment_3889\" aria-describedby=\"caption-attachment-3889\" style=\"width: 225px\" class=\"wp-caption alignleft\"><a href=\"http:\/\/sundalsryr.se\/wp-content\/uploads\/2017\/04\/IMG_0267.jpg\"><img loading=\"lazy\" decoding=\"async\" class=\"size-medium wp-image-3889\" src=\"http:\/\/sundalsryr.se\/wp-content\/uploads\/2017\/04\/IMG_0267-225x300.jpg\" alt=\"\" width=\"225\" height=\"300\" srcset=\"http:\/\/sundalsryr.se\/wp-content\/uploads\/2017\/04\/IMG_0267-225x300.jpg 225w, http:\/\/sundalsryr.se\/wp-content\/uploads\/2017\/04\/IMG_0267-768x1024.jpg 768w, http:\/\/sundalsryr.se\/wp-content\/uploads\/2017\/04\/IMG_0267.jpg 1224w\" sizes=\"(max-width: 225px) 100vw, 225px\" \/><\/a><figcaption id=\"caption-attachment-3889\" class=\"wp-caption-text\">Gammal tall<\/figcaption><\/figure>\n<p>Tallar som blir riktigt gamla f\u00e5r grov bark, medan gamla granar f\u00e5r vitaktig eller ljusgr\u00e5 bark, det beror p\u00e5 gammalgranlaven. Man ser den n\u00e4stan \u00a0aldrig p\u00e5 planterade granar eftersom de avverkas l\u00e5ngt innan gammalgranlaven kommer.<\/p>\n<figure id=\"attachment_3890\" aria-describedby=\"caption-attachment-3890\" style=\"width: 323px\" class=\"wp-caption alignright\"><a href=\"http:\/\/sundalsryr.se\/wp-content\/uploads\/2017\/04\/IMG_0265.jpg\"><img loading=\"lazy\" decoding=\"async\" class=\" wp-image-3890\" src=\"http:\/\/sundalsryr.se\/wp-content\/uploads\/2017\/04\/IMG_0265-768x1024.jpg\" alt=\"\" width=\"323\" height=\"430\" srcset=\"http:\/\/sundalsryr.se\/wp-content\/uploads\/2017\/04\/IMG_0265-768x1024.jpg 768w, http:\/\/sundalsryr.se\/wp-content\/uploads\/2017\/04\/IMG_0265-225x300.jpg 225w, http:\/\/sundalsryr.se\/wp-content\/uploads\/2017\/04\/IMG_0265.jpg 1224w\" sizes=\"(max-width: 323px) 100vw, 323px\" \/><\/a><figcaption id=\"caption-attachment-3890\" class=\"wp-caption-text\">Gran mad gammalgranlav<\/figcaption><\/figure>\n<p>Dagens enda blomma var den lilla f\u00f6rsynta tuvullen, den \u00e4lskas av tj\u00e4derh\u00f6nor s\u00e5h\u00e4r \u00e5rs. Senare kommer den bli som en vit liten bomullstuss.<\/p>\n<figure id=\"attachment_3891\" aria-describedby=\"caption-attachment-3891\" style=\"width: 225px\" class=\"wp-caption alignleft\"><a href=\"http:\/\/sundalsryr.se\/wp-content\/uploads\/2017\/04\/IMG_0270.jpg\"><img loading=\"lazy\" decoding=\"async\" class=\"wp-image-3891 size-medium\" src=\"http:\/\/sundalsryr.se\/wp-content\/uploads\/2017\/04\/IMG_0270-225x300.jpg\" alt=\"\" width=\"225\" height=\"300\" srcset=\"http:\/\/sundalsryr.se\/wp-content\/uploads\/2017\/04\/IMG_0270-225x300.jpg 225w, http:\/\/sundalsryr.se\/wp-content\/uploads\/2017\/04\/IMG_0270-768x1024.jpg 768w, http:\/\/sundalsryr.se\/wp-content\/uploads\/2017\/04\/IMG_0270.jpg 1224w\" sizes=\"(max-width: 225px) 100vw, 225px\" \/><\/a><figcaption id=\"caption-attachment-3891\" class=\"wp-caption-text\">Tuvull<\/figcaption><\/figure>\n<p>&nbsp;<\/p>\n<p>&nbsp;<\/p>\n<p>&nbsp;<\/p>\n<p>&nbsp;<\/p>\n<p>&nbsp;<\/p>\n<p>&nbsp;<\/p>\n<p>&nbsp;<\/p>\n<p>F\u00e5r ni en stund \u00f6ver s\u00e5 ta g\u00e4rna en tur i reservatet, kolla in de gamla tr\u00e4den och den fridfulla naturen.<\/p>\n<p>&nbsp;<\/p>\n<p>&nbsp;<\/p>\n<p>&nbsp;<\/p>\n<p>&nbsp;<\/p>\n<p>\/Susanne Borss\u00e9n<\/p>\n","protected":false},"excerpt":{"rendered":"<p>V\u00e5ren har varit kall och bl\u00e5sig men som vanligt hade vi tur med v\u00e4dret n\u00e4r byalaget vandrade Oxeklev. V\u00e5r guide f\u00f6r dagen var Lennart Olsson som tidigare jobbar p\u00e5 l\u00e4nsstyrelsen. Oxeklevsreservatet \u00e4r 48 ha och \u00e4r bildat efter ett privat initiativ fr\u00e5n mark\u00e4garen. F\u00f6r 150 \u00e5r sedan fanns det n\u00e4stan ingen skog alls p\u00e5 Kroppefj\u00e4ll,&#8230;<\/p>\n","protected":false},"author":3,"featured_media":0,"comment_status":"open","ping_status":"open","sticky":false,"template":"","format":"standard","meta":{"_monsterinsights_skip_tracking":false,"_monsterinsights_sitenote_active":false,"_monsterinsights_sitenote_note":"","_monsterinsights_sitenote_category":0,"footnotes":""},"categories":[1,15],"tags":[],"class_list":["post-3886","post","type-post","status-publish","format-standard","hentry","category-aktuellt","category-vandringar"],"_links":{"self":[{"href":"http:\/\/sundalsryr.se\/index.php?rest_route=\/wp\/v2\/posts\/3886"}],"collection":[{"href":"http:\/\/sundalsryr.se\/index.php?rest_route=\/wp\/v2\/posts"}],"about":[{"href":"http:\/\/sundalsryr.se\/index.php?rest_route=\/wp\/v2\/types\/post"}],"author":[{"embeddable":true,"href":"http:\/\/sundalsryr.se\/index.php?rest_route=\/wp\/v2\/users\/3"}],"replies":[{"embeddable":true,"href":"http:\/\/sundalsryr.se\/index.php?rest_route=%2Fwp%2Fv2%2Fcomments&post=3886"}],"version-history":[{"count":4,"href":"http:\/\/sundalsryr.se\/index.php?rest_route=\/wp\/v2\/posts\/3886\/revisions"}],"predecessor-version":[{"id":3895,"href":"http:\/\/sundalsryr.se\/index.php?rest_route=\/wp\/v2\/posts\/3886\/revisions\/3895"}],"wp:attachment":[{"href":"http:\/\/sundalsryr.se\/index.php?rest_route=%2Fwp%2Fv2%2Fmedia&parent=3886"}],"wp:term":[{"taxonomy":"category","embeddable":true,"href":"http:\/\/sundalsryr.se\/index.php?rest_route=%2Fwp%2Fv2%2Fcategories&post=3886"},{"taxonomy":"post_tag","embeddable":true,"href":"http:\/\/sundalsryr.se\/index.php?rest_route=%2Fwp%2Fv2%2Ftags&post=3886"}],"curies":[{"name":"wp","href":"https:\/\/api.w.org\/{rel}","templated":true}]}}