{"id":3917,"date":"2017-04-27T18:30:05","date_gmt":"2017-04-27T18:30:05","guid":{"rendered":"http:\/\/sundalsryr.se\/?p=3917"},"modified":"2018-03-17T15:24:04","modified_gmt":"2018-03-17T15:24:04","slug":"varfest-2017","status":"publish","type":"post","link":"http:\/\/sundalsryr.se\/?p=3917","title":{"rendered":"V\u00e5rfest 2017"},"content":{"rendered":"<p><a href=\"http:\/\/sundalsryr.se\/wp-content\/uploads\/2017\/04\/IMG_0278.jpg\"><img loading=\"lazy\" decoding=\"async\" class=\"aligncenter wp-image-3918\" src=\"http:\/\/sundalsryr.se\/wp-content\/uploads\/2017\/04\/IMG_0278-1024x768.jpg\" alt=\"\" width=\"745\" height=\"559\" srcset=\"http:\/\/sundalsryr.se\/wp-content\/uploads\/2017\/04\/IMG_0278-1024x768.jpg 1024w, http:\/\/sundalsryr.se\/wp-content\/uploads\/2017\/04\/IMG_0278-300x225.jpg 300w, http:\/\/sundalsryr.se\/wp-content\/uploads\/2017\/04\/IMG_0278-768x576.jpg 768w, http:\/\/sundalsryr.se\/wp-content\/uploads\/2017\/04\/IMG_0278.jpg 1632w\" sizes=\"(max-width: 745px) 100vw, 745px\" \/><\/a><\/p>\n<p>\u00c5terigen har den fantastiska k\u00f6ren bjudit p\u00e5 v\u00e5rfest. Det \u00e4r ett mycket uppskattat arrangemang som fyller f\u00f6rsamlingshemmet till sista plats hela helgen. Denna g\u00e5ng var temat \u201dsjukt bra\u201d. Det handlade om v\u00e5rdcentralen i en Sundals ryr, d\u00e4r doktor Margareta och syster Jenny har fullt upp med alla patienter. I receptionen arbetar Sally, till henne kan man ringa om man vill man boka en tid, f\u00f6rsta lediga \u00e4r 23 maj kl 11\u2026..2018 !<\/p>\n<figure id=\"attachment_3919\" aria-describedby=\"caption-attachment-3919\" style=\"width: 252px\" class=\"wp-caption alignright\"><a href=\"http:\/\/sundalsryr.se\/wp-content\/uploads\/2017\/04\/IMG_0292.jpg\"><img loading=\"lazy\" decoding=\"async\" class=\"wp-image-3919\" src=\"http:\/\/sundalsryr.se\/wp-content\/uploads\/2017\/04\/IMG_0292-225x300.jpg\" alt=\"\" width=\"252\" height=\"336\" srcset=\"http:\/\/sundalsryr.se\/wp-content\/uploads\/2017\/04\/IMG_0292-225x300.jpg 225w, http:\/\/sundalsryr.se\/wp-content\/uploads\/2017\/04\/IMG_0292-768x1024.jpg 768w, http:\/\/sundalsryr.se\/wp-content\/uploads\/2017\/04\/IMG_0292.jpg 1224w\" sizes=\"(max-width: 252px) 100vw, 252px\" \/><\/a><figcaption id=\"caption-attachment-3919\" class=\"wp-caption-text\">Sally (alias Bj\u00f6rn Karlsson)<\/figcaption><\/figure>\n<p>&nbsp;<\/p>\n<p>&nbsp;<\/p>\n<p>&nbsp;<\/p>\n<figure id=\"attachment_3920\" aria-describedby=\"caption-attachment-3920\" style=\"width: 486px\" class=\"wp-caption alignleft\"><a href=\"http:\/\/sundalsryr.se\/wp-content\/uploads\/2017\/04\/IMG_0286.jpg\"><img loading=\"lazy\" decoding=\"async\" class=\"wp-image-3920\" src=\"http:\/\/sundalsryr.se\/wp-content\/uploads\/2017\/04\/IMG_0286-1024x781.jpg\" alt=\"\" width=\"486\" height=\"371\" srcset=\"http:\/\/sundalsryr.se\/wp-content\/uploads\/2017\/04\/IMG_0286-1024x781.jpg 1024w, http:\/\/sundalsryr.se\/wp-content\/uploads\/2017\/04\/IMG_0286-300x229.jpg 300w, http:\/\/sundalsryr.se\/wp-content\/uploads\/2017\/04\/IMG_0286-768x585.jpg 768w, http:\/\/sundalsryr.se\/wp-content\/uploads\/2017\/04\/IMG_0286.jpg 1405w\" sizes=\"(max-width: 486px) 100vw, 486px\" \/><\/a><figcaption id=\"caption-attachment-3920\" class=\"wp-caption-text\">Grabbarna som gick till \u00c5rbol f\u00f6r att skipa r\u00e4tt<\/figcaption><\/figure>\n<p>&nbsp;<\/p>\n<p>&nbsp;<\/p>\n<p>&nbsp;<\/p>\n<p>&nbsp;<\/p>\n<p>&nbsp;<\/p>\n<p>&nbsp;<\/p>\n<p>&nbsp;<\/p>\n<p>&nbsp;<\/p>\n<p>&nbsp;<\/p>\n<p>&nbsp;<\/p>\n<p>&nbsp;<\/p>\n<p>Alla har s\u00e4kert h\u00f6rt \u201dballaden om det stora slagsm\u00e5let p\u00e5 tegelbacken\u201d. D\u00e4r handlar det om grabbarna fr\u00e5n Eken. Men i Sundals ryrs versionen blir det s\u00e5klart\u00a0 \u201dGrabbarna fr\u00e5n Bleken, som med knogj\u00e4rn och med p\u00e5kar och med blodet r\u00f6tt och hett,\u00a0 gick till \u00c5rbol f\u00f6r att skipa r\u00e4tt..\u201d\u00a0 Sj\u00e4lvklart m\u00e5ste de pl\u00e5stras om p\u00e5 v\u00e5rdcentralen efter\u00e5t. Tyv\u00e4rr t\u00e5l inte syster Jenny att se blod och h\u00e5ller p\u00e5 att svimma. Men doktor Margareta \u00e4r en riktig klippa. Hon fixar allt fr\u00e5n slagsm\u00e5l och f\u00f6rkylningar till syn unders\u00f6kningar och onda lillt\u00e5r.<\/p>\n<p>&nbsp;<\/p>\n<figure id=\"attachment_3921\" aria-describedby=\"caption-attachment-3921\" style=\"width: 190px\" class=\"wp-caption alignleft\"><a href=\"http:\/\/sundalsryr.se\/wp-content\/uploads\/2017\/04\/IMG_0294.jpg\"><img loading=\"lazy\" decoding=\"async\" class=\"size-medium wp-image-3921\" src=\"http:\/\/sundalsryr.se\/wp-content\/uploads\/2017\/04\/IMG_0294-190x300.jpg\" alt=\"\" width=\"190\" height=\"300\" srcset=\"http:\/\/sundalsryr.se\/wp-content\/uploads\/2017\/04\/IMG_0294-190x300.jpg 190w, http:\/\/sundalsryr.se\/wp-content\/uploads\/2017\/04\/IMG_0294-768x1211.jpg 768w, http:\/\/sundalsryr.se\/wp-content\/uploads\/2017\/04\/IMG_0294-650x1024.jpg 650w, http:\/\/sundalsryr.se\/wp-content\/uploads\/2017\/04\/IMG_0294.jpg 1017w\" sizes=\"(max-width: 190px) 100vw, 190px\" \/><\/a><figcaption id=\"caption-attachment-3921\" class=\"wp-caption-text\">V\u00e5rtalare Berit Pettersson<\/figcaption><\/figure>\n<p>&nbsp;<\/p>\n<p>&nbsp;<\/p>\n<p>&nbsp;<\/p>\n<p>&nbsp;<\/p>\n<p>\u00c5rets v\u00e5rtalare var Berit Pettersson fr\u00e5n \u00d6r, i vacker v\u00e5rhatt p\u00e5minner hon oss och f\u00e5r oss att l\u00e4ngta till allt som har med v\u00e5r att g\u00f6ra. V\u00e5rsol, v\u00e5rblommor, v\u00e5rruset, v\u00e5rst\u00e4dning och v\u00e5rk\u00e4nslor.<\/p>\n<p>&nbsp;<\/p>\n<p><a href=\"http:\/\/sundalsryr.se\/wp-content\/uploads\/2017\/04\/musi2k.jpg\"><img loading=\"lazy\" decoding=\"async\" class=\"size-full wp-image-3926 alignleft\" src=\"http:\/\/sundalsryr.se\/wp-content\/uploads\/2017\/04\/musi2k.jpg\" alt=\"\" width=\"281\" height=\"180\" \/><\/a><\/p>\n<p>&nbsp;<\/p>\n<p>&nbsp;<\/p>\n<p>&nbsp;<\/p>\n<p>&nbsp;<\/p>\n<p>&nbsp;<\/p>\n<p>Det \u00e4r inte l\u00e4tt att \u00e5terge en v\u00e5rfest i text. Den m\u00e5ste upplevas! Men vi kan verkligen skatta oss lyckliga \u00f6ver att vi har ett s\u00e5dant underbart g\u00e4ng som \u00e5r efter \u00e5r underh\u00e5ller oss p\u00e5 detta s\u00e4tt. Vi ska ocks\u00e5 komma ih\u00e5g att det inte bara \u00e4r de som st\u00e5r p\u00e5 scen som g\u00f6r ett fantastiskt arbete, \u00e4ven de som kokar kaffe, bygger scenen, spelar, fixar med ljudet och alla andra runt omkring som g\u00f6r ett fantastiskt jobb.<\/p>\n<p><strong>Tack k\u00f6ren!<\/strong><\/p>\n<p>&nbsp;<\/p>\n<p>\/ Susanne Borss\u00e9n<\/p>\n<p>&nbsp;<\/p>\n<p>.<\/p>\n<p>&nbsp;<\/p>\n<p>&nbsp;<\/p>\n","protected":false},"excerpt":{"rendered":"<p>\u00c5terigen har den fantastiska k\u00f6ren bjudit p\u00e5 v\u00e5rfest. Det \u00e4r ett mycket uppskattat arrangemang som fyller f\u00f6rsamlingshemmet till sista plats hela helgen. Denna g\u00e5ng var temat \u201dsjukt bra\u201d. Det handlade om v\u00e5rdcentralen i en Sundals ryr, d\u00e4r doktor Margareta och syster Jenny har fullt upp med alla patienter. I receptionen arbetar Sally, till henne kan&#8230;<\/p>\n","protected":false},"author":3,"featured_media":0,"comment_status":"open","ping_status":"open","sticky":false,"template":"","format":"standard","meta":{"_monsterinsights_skip_tracking":false,"_monsterinsights_sitenote_active":false,"_monsterinsights_sitenote_note":"","_monsterinsights_sitenote_category":0,"footnotes":""},"categories":[1,16],"tags":[],"class_list":["post-3917","post","type-post","status-publish","format-standard","hentry","category-aktuellt","category-varfester"],"_links":{"self":[{"href":"http:\/\/sundalsryr.se\/index.php?rest_route=\/wp\/v2\/posts\/3917"}],"collection":[{"href":"http:\/\/sundalsryr.se\/index.php?rest_route=\/wp\/v2\/posts"}],"about":[{"href":"http:\/\/sundalsryr.se\/index.php?rest_route=\/wp\/v2\/types\/post"}],"author":[{"embeddable":true,"href":"http:\/\/sundalsryr.se\/index.php?rest_route=\/wp\/v2\/users\/3"}],"replies":[{"embeddable":true,"href":"http:\/\/sundalsryr.se\/index.php?rest_route=%2Fwp%2Fv2%2Fcomments&post=3917"}],"version-history":[{"count":8,"href":"http:\/\/sundalsryr.se\/index.php?rest_route=\/wp\/v2\/posts\/3917\/revisions"}],"predecessor-version":[{"id":3934,"href":"http:\/\/sundalsryr.se\/index.php?rest_route=\/wp\/v2\/posts\/3917\/revisions\/3934"}],"wp:attachment":[{"href":"http:\/\/sundalsryr.se\/index.php?rest_route=%2Fwp%2Fv2%2Fmedia&parent=3917"}],"wp:term":[{"taxonomy":"category","embeddable":true,"href":"http:\/\/sundalsryr.se\/index.php?rest_route=%2Fwp%2Fv2%2Fcategories&post=3917"},{"taxonomy":"post_tag","embeddable":true,"href":"http:\/\/sundalsryr.se\/index.php?rest_route=%2Fwp%2Fv2%2Ftags&post=3917"}],"curies":[{"name":"wp","href":"https:\/\/api.w.org\/{rel}","templated":true}]}}