{"id":393,"date":"2011-01-22T19:54:21","date_gmt":"2011-01-22T19:54:21","guid":{"rendered":"http:\/\/sundalsryr.se\/?p=393"},"modified":"2011-02-16T18:59:39","modified_gmt":"2011-02-16T18:59:39","slug":"fiberinformation","status":"publish","type":"post","link":"http:\/\/sundalsryr.se\/?p=393","title":{"rendered":"Fiberinformation"},"content":{"rendered":"<p>L\u00e4gesrapport f\u00f6r fiberdragningen<\/p>\n<p>Dragningen av fiber f\u00f6r v\u00e5rt bredband har kommit en bra bit p\u00e5 v\u00e4g, men tyv\u00e4rr kommer vi inte att kunna f\u00e5 uppkopplingar f\u00f6rr\u00e4n till senvintern eller v\u00e5ren. F\u00f6rseningen beror p\u00e5 den tidiga vintern, men ocks\u00e5 p\u00e5 att vi ursprungligen projekterat f\u00f6r 130 anslutningar och nu \u00e4r uppe i n\u00e4stan 200.<\/p>\n<p>\u00d6kningen betyder att s\u00e5v\u00e4l gr\u00e4vning f\u00f6r kanalisation som arbetet med fiberdragning och skarvningar har st\u00f6rre omfattning \u00e4n den ursprungliga planen.<\/p>\n<p>Det ligger nu fiber i \u00f6ver fyra mil av kanalisationen. N\u00e4r vi \u00e4r klara kommer f\u00f6reningen totalt ha ett n\u00e4t p\u00e5 mer \u00e4n \u00e5tta mil.<\/p>\n<p>Under projektets slutfas kommer vi att tillsammans med v\u00e5r bredbandsleverant\u00f6r, Telia, genomf\u00f6ra ett informationsm\u00f6te. Inbjudan till m\u00f6tet kommer med en s\u00e4rskild kallelse.<\/p>\n<p>Har du fr\u00e5gor \u00e4r du v\u00e4lkommen att kontakta oss:\u00a0\u00a0\u00a0\u00a0\u00a0\u00a0\u00a0\u00a0\u00a0\u00a0\u00a0\u00a0\u00a0\u00a0\u00a0\u00a0<\/p>\n<p>\u00a0\u00a0\u00a0\u00a0\u00a0\u00a0\u00a0\u00a0\u00a0\u00a0\u00a0\u00a0\u00a0\u00a0\u00a0\u00a0\u00a0\u00a0\u00a0\u00a0\u00a0 Roger Johansson \u00a0\u00a0\u00a0\u00a0\u00a0\u00a0\u00a0\u00a0\u00a0\u00a0\u00a0\u00a0\u00a0\u00a0\u00a0\u00a0\u00a0 tel 0521-35051, 070-6553879<\/p>\n<p>\u00a0\u00a0\u00a0\u00a0\u00a0\u00a0\u00a0\u00a0\u00a0\u00a0\u00a0\u00a0\u00a0\u00a0\u00a0\u00a0\u00a0\u00a0\u00a0\u00a0\u00a0 Lars Reumark\u00a0\u00a0\u00a0\u00a0\u00a0 \u00a0\u00a0\u00a0\u00a0\u00a0\u00a0\u00a0\u00a0\u00a0\u00a0\u00a0\u00a0\u00a0\u00a0\u00a0 tel 031-690520, 070-582129<\/p>\n<p>\u00a0\u00a0\u00a0\u00a0\u00a0\u00a0\u00a0\u00a0\u00a0\u00a0\u00a0\u00a0\u00a0\u00a0\u00a0\u00a0\u00a0\u00a0\u00a0\u00a0\u00a0 Jan Theliander\u00a0\u00a0\u00a0 \u00a0\u00a0\u00a0\u00a0\u00a0\u00a0\u00a0\u00a0\u00a0\u00a0\u00a0\u00a0\u00a0\u00a0\u00a0\u00a0\u00a0 tel 0521-724214, 073-3975086<\/p>\n","protected":false},"excerpt":{"rendered":"<p>L\u00e4gesrapport f\u00f6r fiberdragningen Dragningen av fiber f\u00f6r v\u00e5rt bredband har kommit en bra bit p\u00e5 v\u00e4g, men tyv\u00e4rr kommer vi inte att kunna f\u00e5 uppkopplingar f\u00f6rr\u00e4n till senvintern eller v\u00e5ren. F\u00f6rseningen beror p\u00e5 den tidiga vintern, men ocks\u00e5 p\u00e5 att vi ursprungligen projekterat f\u00f6r 130 anslutningar och nu \u00e4r uppe i n\u00e4stan 200. \u00d6kningen betyder&#8230;<\/p>\n","protected":false},"author":2,"featured_media":0,"comment_status":"open","ping_status":"open","sticky":false,"template":"","format":"standard","meta":{"_monsterinsights_skip_tracking":false,"_monsterinsights_sitenote_active":false,"_monsterinsights_sitenote_note":"","_monsterinsights_sitenote_category":0,"footnotes":""},"categories":[1,6],"tags":[],"class_list":["post-393","post","type-post","status-publish","format-standard","hentry","category-aktuellt","category-fiber"],"_links":{"self":[{"href":"http:\/\/sundalsryr.se\/index.php?rest_route=\/wp\/v2\/posts\/393"}],"collection":[{"href":"http:\/\/sundalsryr.se\/index.php?rest_route=\/wp\/v2\/posts"}],"about":[{"href":"http:\/\/sundalsryr.se\/index.php?rest_route=\/wp\/v2\/types\/post"}],"author":[{"embeddable":true,"href":"http:\/\/sundalsryr.se\/index.php?rest_route=\/wp\/v2\/users\/2"}],"replies":[{"embeddable":true,"href":"http:\/\/sundalsryr.se\/index.php?rest_route=%2Fwp%2Fv2%2Fcomments&post=393"}],"version-history":[{"count":3,"href":"http:\/\/sundalsryr.se\/index.php?rest_route=\/wp\/v2\/posts\/393\/revisions"}],"predecessor-version":[{"id":395,"href":"http:\/\/sundalsryr.se\/index.php?rest_route=\/wp\/v2\/posts\/393\/revisions\/395"}],"wp:attachment":[{"href":"http:\/\/sundalsryr.se\/index.php?rest_route=%2Fwp%2Fv2%2Fmedia&parent=393"}],"wp:term":[{"taxonomy":"category","embeddable":true,"href":"http:\/\/sundalsryr.se\/index.php?rest_route=%2Fwp%2Fv2%2Fcategories&post=393"},{"taxonomy":"post_tag","embeddable":true,"href":"http:\/\/sundalsryr.se\/index.php?rest_route=%2Fwp%2Fv2%2Ftags&post=393"}],"curies":[{"name":"wp","href":"https:\/\/api.w.org\/{rel}","templated":true}]}}