{"id":3968,"date":"2017-05-04T20:02:18","date_gmt":"2017-05-04T20:02:18","guid":{"rendered":"http:\/\/sundalsryr.se\/?p=3968"},"modified":"2017-05-04T20:02:18","modified_gmt":"2017-05-04T20:02:18","slug":"skrapplockardag","status":"publish","type":"post","link":"http:\/\/sundalsryr.se\/?p=3968","title":{"rendered":"Skr\u00e4pplockardag"},"content":{"rendered":"<p><strong><a href=\"http:\/\/sundalsryr.se\/wp-content\/uploads\/2017\/05\/hall_sverige_rent_logga.png\"><img loading=\"lazy\" decoding=\"async\" class=\"aligncenter size-full wp-image-3969\" src=\"http:\/\/sundalsryr.se\/wp-content\/uploads\/2017\/05\/hall_sverige_rent_logga.png\" alt=\"\" width=\"215\" height=\"226\" \/><\/a>\u00a0<\/strong><\/p>\n<p>H\u00e5ll Sverige rent \u00e4r en av de mest k\u00e4nda symbolerna och det finns v\u00e4l knappast ingen som inte k\u00e4nner till denna logga. Trots att alla k\u00e4nner till den, \u00f6kar nedskr\u00e4pningen. I de kommuner som m\u00e4ter skr\u00e4p visar de \u00e5rliga rapporterna att \u00f6kningen av skr\u00e4p \u00e4r ungef\u00e4r 13 % \/\u00e5r.<\/p>\n<p><a href=\"http:\/\/sundalsryr.se\/wp-content\/uploads\/2017\/05\/IMG_0334-1.jpg\"><img loading=\"lazy\" decoding=\"async\" class=\"aligncenter  wp-image-3970\" src=\"http:\/\/sundalsryr.se\/wp-content\/uploads\/2017\/05\/IMG_0334-1-1024x696.jpg\" alt=\"\" width=\"707\" height=\"481\" srcset=\"http:\/\/sundalsryr.se\/wp-content\/uploads\/2017\/05\/IMG_0334-1-1024x696.jpg 1024w, http:\/\/sundalsryr.se\/wp-content\/uploads\/2017\/05\/IMG_0334-1-300x204.jpg 300w, http:\/\/sundalsryr.se\/wp-content\/uploads\/2017\/05\/IMG_0334-1-768x522.jpg 768w, http:\/\/sundalsryr.se\/wp-content\/uploads\/2017\/05\/IMG_0334-1.jpg 1591w\" sizes=\"(max-width: 707px) 100vw, 707px\" \/><\/a><\/p>\n<p>Det \u00e4r inte trevligt att se diken fulla med sopor och det \u00e4r inte bra f\u00f6r djur och natur. Om alla tog vara p\u00e5 sitt eget skr\u00e4p vore det inget problem, men tyv\u00e4rr \u00e4r det inte s\u00e5. <strong>D\u00e4rf\u00f6r har byalaget beslutat att ha en skr\u00e4pplockardag. <\/strong><\/p>\n<p><strong>S\u00f6ndag den 7 maj \u00e4r den stora dagen d\u00e5 vi hoppas att alla vill g\u00f6ra en insats f\u00f6r milj\u00f6n och f\u00f6r trivseln i v\u00e5r bygd. <\/strong><\/p>\n<p>Vi uppmanar alla att g\u00e5 en promenad och plocka upp det man ser, l\u00e4gg det i en p\u00e5se eller s\u00e4ck som du l\u00e4gger i eller vid din soptunna n\u00e4sta g\u00e5ng det \u00e4r soph\u00e4mtning. Handskar \u00e4r bra att ha p\u00e5 sig och g\u00e5r du utmed n\u00e5gon v\u00e4g rekommenderar vi reflexv\u00e4st. Dokumentera g\u00e4rna genom att ta ett kort och skicka till hemsidan. Tele 076-8533576 eller <a href=\"mailto:susanne.borssen@gmail.com\">susanne.borssen@gmail.com<\/a><\/p>\n<p>Du kan naturligtvis g\u00f6ra en insats f\u00f6r milj\u00f6n vilken dag som helst och kan du inte just denna dag g\u00e5r det bra att plocka skr\u00e4p n\u00e4r du sj\u00e4lv kan och vill, men just v\u00e5ren \u00e4r en bra tid, efter att sn\u00f6n har f\u00f6rsvunnit och\u00a0 innan gr\u00f6nskan t\u00e4cker allt.<\/p>\n<p>Tack p\u00e5 f\u00f6rhand till alla hj\u00e4ltar som g\u00f6r en insats f\u00f6r bygden och allas trivsel! Hoppas vi ses p\u00e5 en skr\u00e4pplockarpromenad.<\/p>\n<p><a href=\"http:\/\/sundalsryr.se\/wp-content\/uploads\/2017\/05\/gr\u00f6n-hj\u00e4rta-17004601-1.jpg\"><img loading=\"lazy\" decoding=\"async\" class=\"aligncenter size-medium wp-image-3972\" src=\"http:\/\/sundalsryr.se\/wp-content\/uploads\/2017\/05\/gr\u00f6n-hj\u00e4rta-17004601-1-300x243.jpg\" alt=\"\" width=\"300\" height=\"243\" srcset=\"http:\/\/sundalsryr.se\/wp-content\/uploads\/2017\/05\/gr\u00f6n-hj\u00e4rta-17004601-1-300x243.jpg 300w, http:\/\/sundalsryr.se\/wp-content\/uploads\/2017\/05\/gr\u00f6n-hj\u00e4rta-17004601-1.jpg 391w\" sizes=\"(max-width: 300px) 100vw, 300px\" \/><\/a><\/p>\n<p>\/Susanne Borss\u00e9n<\/p>\n","protected":false},"excerpt":{"rendered":"<p>\u00a0 H\u00e5ll Sverige rent \u00e4r en av de mest k\u00e4nda symbolerna och det finns v\u00e4l knappast ingen som inte k\u00e4nner till denna logga. Trots att alla k\u00e4nner till den, \u00f6kar nedskr\u00e4pningen. I de kommuner som m\u00e4ter skr\u00e4p visar de \u00e5rliga rapporterna att \u00f6kningen av skr\u00e4p \u00e4r ungef\u00e4r 13 % \/\u00e5r. Det \u00e4r inte trevligt att&#8230;<\/p>\n","protected":false},"author":3,"featured_media":0,"comment_status":"open","ping_status":"open","sticky":false,"template":"","format":"standard","meta":{"_monsterinsights_skip_tracking":false,"_monsterinsights_sitenote_active":false,"_monsterinsights_sitenote_note":"","_monsterinsights_sitenote_category":0,"footnotes":""},"categories":[1],"tags":[],"class_list":["post-3968","post","type-post","status-publish","format-standard","hentry","category-aktuellt"],"_links":{"self":[{"href":"http:\/\/sundalsryr.se\/index.php?rest_route=\/wp\/v2\/posts\/3968"}],"collection":[{"href":"http:\/\/sundalsryr.se\/index.php?rest_route=\/wp\/v2\/posts"}],"about":[{"href":"http:\/\/sundalsryr.se\/index.php?rest_route=\/wp\/v2\/types\/post"}],"author":[{"embeddable":true,"href":"http:\/\/sundalsryr.se\/index.php?rest_route=\/wp\/v2\/users\/3"}],"replies":[{"embeddable":true,"href":"http:\/\/sundalsryr.se\/index.php?rest_route=%2Fwp%2Fv2%2Fcomments&post=3968"}],"version-history":[{"count":2,"href":"http:\/\/sundalsryr.se\/index.php?rest_route=\/wp\/v2\/posts\/3968\/revisions"}],"predecessor-version":[{"id":3974,"href":"http:\/\/sundalsryr.se\/index.php?rest_route=\/wp\/v2\/posts\/3968\/revisions\/3974"}],"wp:attachment":[{"href":"http:\/\/sundalsryr.se\/index.php?rest_route=%2Fwp%2Fv2%2Fmedia&parent=3968"}],"wp:term":[{"taxonomy":"category","embeddable":true,"href":"http:\/\/sundalsryr.se\/index.php?rest_route=%2Fwp%2Fv2%2Fcategories&post=3968"},{"taxonomy":"post_tag","embeddable":true,"href":"http:\/\/sundalsryr.se\/index.php?rest_route=%2Fwp%2Fv2%2Ftags&post=3968"}],"curies":[{"name":"wp","href":"https:\/\/api.w.org\/{rel}","templated":true}]}}