{"id":4056,"date":"2017-09-03T19:05:40","date_gmt":"2017-09-03T19:05:40","guid":{"rendered":"http:\/\/sundalsryr.se\/?p=4056"},"modified":"2017-09-08T10:07:52","modified_gmt":"2017-09-08T10:07:52","slug":"kvallspromenad-till-grottorna","status":"publish","type":"post","link":"http:\/\/sundalsryr.se\/?p=4056","title":{"rendered":"Kv\u00e4llspromenad till grottorna"},"content":{"rendered":"<p>&nbsp;<\/p>\n<p><a href=\"http:\/\/sundalsryr.se\/wp-content\/uploads\/2017\/09\/IMG_0717.jpg\"><img loading=\"lazy\" decoding=\"async\" class=\"aligncenter wp-image-4057\" src=\"http:\/\/sundalsryr.se\/wp-content\/uploads\/2017\/09\/IMG_0717-1024x768.jpg\" alt=\"\" width=\"705\" height=\"529\" srcset=\"http:\/\/sundalsryr.se\/wp-content\/uploads\/2017\/09\/IMG_0717-1024x768.jpg 1024w, http:\/\/sundalsryr.se\/wp-content\/uploads\/2017\/09\/IMG_0717-300x225.jpg 300w, http:\/\/sundalsryr.se\/wp-content\/uploads\/2017\/09\/IMG_0717-768x576.jpg 768w, http:\/\/sundalsryr.se\/wp-content\/uploads\/2017\/09\/IMG_0717.jpg 1632w\" sizes=\"(max-width: 705px) 100vw, 705px\" \/><\/a><\/p>\n<p>Skolorna har b\u00f6rjat och f\u00f6r de flesta \u00e4r semestern slut, adj\u00f6ss med lata dagar och sena grillkv\u00e4llar.\u00a0 Dags f\u00f6r omstart, med f\u00f6rhoppning att allt ska bli b\u00e4ttre. En version 2.0 som ska \u00e4ta nyttigare, stressa mindre, motionera mer och ta tag i alla \u201dborde g\u00f6ras\u201d. P\u00e5 datorn trycker man ctrl-alt-delete och vips har man gjort en omstart, t\u00e4nk om livet vore lika enkelt.<\/p>\n<p><a href=\"http:\/\/sundalsryr.se\/wp-content\/uploads\/2017\/09\/IMG_0723.jpg\"><img loading=\"lazy\" decoding=\"async\" class=\"aligncenter wp-image-4058\" src=\"http:\/\/sundalsryr.se\/wp-content\/uploads\/2017\/09\/IMG_0723-1024x768.jpg\" alt=\"\" width=\"740\" height=\"555\" srcset=\"http:\/\/sundalsryr.se\/wp-content\/uploads\/2017\/09\/IMG_0723-1024x768.jpg 1024w, http:\/\/sundalsryr.se\/wp-content\/uploads\/2017\/09\/IMG_0723-300x225.jpg 300w, http:\/\/sundalsryr.se\/wp-content\/uploads\/2017\/09\/IMG_0723-768x576.jpg 768w, http:\/\/sundalsryr.se\/wp-content\/uploads\/2017\/09\/IMG_0723.jpg 1632w\" sizes=\"(max-width: 740px) 100vw, 740px\" \/><\/a><\/p>\n<p>Vill man utnyttja kv\u00e4llarna, som fortfarande \u00e4r ljusa, till att ta en promenad finns det m\u00e5nga trevliga rundor och platser att g\u00e5 till i Sundals ryr. Lite jobbig, men v\u00e4l v\u00e4rd besv\u00e4ret, \u00e4r promenaden till grottan.<\/p>\n<p>Bilen parkeras utmed v\u00e4gen som g\u00e5r upp till Granan. F\u00f6rsta biten \u00e4r stigen bred och fin, n\u00e4r man tagit av mot v\u00e4nster vid skylten \u201dBustugegrottorna\u201d blir den smalare. Uppf\u00f6r, uppf\u00f6r, knixigt och brant. Ett litet tr\u00e4d f\u00e5r fungera som ledst\u00e5ng. Grottan \u00e4r ganska stor och har tv\u00e5 ing\u00e5ngar. Det \u00e4r en sp\u00e4nnande plats, inte minst med tanke p\u00e5 att det \u00e4r brant precis utanf\u00f6r. Man undrar vad som h\u00e4nt h\u00e4r genom historien. Har den varit boplats, g\u00f6mst\u00e4lle eller kanske hemlig m\u00f6tesplats?<\/p>\n<p>En titt in i grottan men sedan forts\u00e4tter jag upp\u00e5t, \u00e4nda upp p\u00e5 toppen av berget. Det \u00e4r d\u00e4r utsikten finns. \u00c4r v\u00e4dret klart kan man se l\u00e5ngt. Silon i Br\u00e5landa, kyrkan, vindkraftverk, ja till och med Hallesnipen i Varg\u00f6n kan man se. Man f\u00f6rv\u00e5nas \u00f6ver hur saker ligger i f\u00f6rh\u00e5llande till varandra.\u00a0<a href=\"http:\/\/sundalsryr.se\/wp-content\/uploads\/2017\/09\/IMG_0712.jpg\"><img loading=\"lazy\" decoding=\"async\" class=\"alignright wp-image-4059 size-medium\" src=\"http:\/\/sundalsryr.se\/wp-content\/uploads\/2017\/09\/IMG_0712-300x225.jpg\" alt=\"\" width=\"300\" height=\"225\" srcset=\"http:\/\/sundalsryr.se\/wp-content\/uploads\/2017\/09\/IMG_0712-300x225.jpg 300w, http:\/\/sundalsryr.se\/wp-content\/uploads\/2017\/09\/IMG_0712-768x576.jpg 768w, http:\/\/sundalsryr.se\/wp-content\/uploads\/2017\/09\/IMG_0712-1024x768.jpg 1024w, http:\/\/sundalsryr.se\/wp-content\/uploads\/2017\/09\/IMG_0712.jpg 1632w\" sizes=\"(max-width: 300px) 100vw, 300px\" \/><\/a><\/p>\n<p>Kanske \u00e4r det h\u00e4r sommarens sista kv\u00e4ll eller \u00e4r det h\u00f6stens f\u00f6rsta? Det mesta \u00e4r fortfarande gr\u00f6nt men n\u00e5gra l\u00f6nnar har b\u00f6rjat skifta i r\u00f6tt och luften \u00e4r sval och klar. Tr\u00f6skor tuggar i sig den mogna spannm\u00e5len p\u00e5 \u00e5krarna l\u00e5ngt d\u00e4r nere. H\u00e4r kan man sitta och begrunda v\u00e4rlden en stund. Fundera p\u00e5 livet, ekorrhjul och meningen med allt, under tiden som h\u00f6stl\u00f6ven gulnar. Allt \u00e4r s\u00e5 tyst att man kan h\u00f6ra sina andetag.<\/p>\n<p>Man beh\u00f6ver inte g\u00e5 den branta v\u00e4gen ner igen, det finns en enklare snitslad v\u00e4g fr\u00e5n h\u00f6jden. Snart \u00e4r man tillbaka till stigen och v\u00e4gen igen. En liten kv\u00e4llspromenad till en fin plats i Sundals ryr\u2026.<\/p>\n<p>&nbsp;<\/p>\n<p>\/Susanne Borss\u00e9n<\/p>\n<p>&nbsp;<\/p>\n<p>.<\/p>\n","protected":false},"excerpt":{"rendered":"<p>&nbsp; Skolorna har b\u00f6rjat och f\u00f6r de flesta \u00e4r semestern slut, adj\u00f6ss med lata dagar och sena grillkv\u00e4llar.\u00a0 Dags f\u00f6r omstart, med f\u00f6rhoppning att allt ska bli b\u00e4ttre. En version 2.0 som ska \u00e4ta nyttigare, stressa mindre, motionera mer och ta tag i alla \u201dborde g\u00f6ras\u201d. P\u00e5 datorn trycker man ctrl-alt-delete och vips har man&#8230;<\/p>\n","protected":false},"author":3,"featured_media":0,"comment_status":"open","ping_status":"open","sticky":false,"template":"","format":"standard","meta":{"_monsterinsights_skip_tracking":false,"_monsterinsights_sitenote_active":false,"_monsterinsights_sitenote_note":"","_monsterinsights_sitenote_category":0,"footnotes":""},"categories":[1,15],"tags":[],"class_list":["post-4056","post","type-post","status-publish","format-standard","hentry","category-aktuellt","category-vandringar"],"_links":{"self":[{"href":"http:\/\/sundalsryr.se\/index.php?rest_route=\/wp\/v2\/posts\/4056"}],"collection":[{"href":"http:\/\/sundalsryr.se\/index.php?rest_route=\/wp\/v2\/posts"}],"about":[{"href":"http:\/\/sundalsryr.se\/index.php?rest_route=\/wp\/v2\/types\/post"}],"author":[{"embeddable":true,"href":"http:\/\/sundalsryr.se\/index.php?rest_route=\/wp\/v2\/users\/3"}],"replies":[{"embeddable":true,"href":"http:\/\/sundalsryr.se\/index.php?rest_route=%2Fwp%2Fv2%2Fcomments&post=4056"}],"version-history":[{"count":2,"href":"http:\/\/sundalsryr.se\/index.php?rest_route=\/wp\/v2\/posts\/4056\/revisions"}],"predecessor-version":[{"id":4061,"href":"http:\/\/sundalsryr.se\/index.php?rest_route=\/wp\/v2\/posts\/4056\/revisions\/4061"}],"wp:attachment":[{"href":"http:\/\/sundalsryr.se\/index.php?rest_route=%2Fwp%2Fv2%2Fmedia&parent=4056"}],"wp:term":[{"taxonomy":"category","embeddable":true,"href":"http:\/\/sundalsryr.se\/index.php?rest_route=%2Fwp%2Fv2%2Fcategories&post=4056"},{"taxonomy":"post_tag","embeddable":true,"href":"http:\/\/sundalsryr.se\/index.php?rest_route=%2Fwp%2Fv2%2Ftags&post=4056"}],"curies":[{"name":"wp","href":"https:\/\/api.w.org\/{rel}","templated":true}]}}