{"id":4066,"date":"2017-09-07T19:26:16","date_gmt":"2017-09-07T19:26:16","guid":{"rendered":"http:\/\/sundalsryr.se\/?p=4066"},"modified":"2017-09-08T12:35:48","modified_gmt":"2017-09-08T12:35:48","slug":"rally-pa-fjallet","status":"publish","type":"post","link":"http:\/\/sundalsryr.se\/?p=4066","title":{"rendered":"Rally p\u00e5 fj\u00e4llet"},"content":{"rendered":"<p>P\u00e5 l\u00f6rdag den 9\/9 arrangerar Dals MK rallyt \u201dDalslandstjuren\u201d p\u00e5 Kroppefj\u00e4ll. Str\u00e4ckan man k\u00f6r \u00e4r ca 15 km och g\u00e5r fr\u00e5n V\u00e4stra bleken till Ragneruds camping. Man k\u00f6r den 2 g\u00e5nger och samlingsplats\/dep\u00e5 \u00e4r vid K\u00e4rrs grusgrop. F\u00f6rsta start g\u00e5r kl 11.<\/p>\n<p>Vi har inte mindre \u00e4n tre rallyf\u00f6rare h\u00e4r i bygden som ska k\u00f6ra denna t\u00e4vling. Niklas \u00c5kerland, Sallebyn, k\u00f6r en svart Volvo 940 med startnummer 26. Stefan Gr\u00f6nberg, V\u00e4ster\u00e4ng, \u00a0k\u00f6r en bl\u00e5 Opel Ascona, med startnummer 34 och Fredrik Karlsson, \u00c5rbol \u00a0k\u00f6r en Volvo 240 original som \u00e4r r\u00f6d och gr\u00e5 och har startnummer 59. Niklas och Stefan k\u00f6r i grupp H och Fredrik i voc.<\/p>\n<p>Vi har f\u00e5tt lite insidertips till hemsidan om var det kan bli intressant att titta p\u00e5 t\u00e4vlingen. Man kan \u00a0tex k\u00f6ra upp till Granan och g\u00e5 till Svarttj\u00e4rn, d\u00e4r det kan bli sp\u00e4nnande i kurvorna. K\u00f6r man ist\u00e4llet upp fr\u00e5n Bollungen kan man st\u00e5 vid h\u00e5rn\u00e5lskurvan d\u00e4r de kommer fr\u00e5n Granan och sv\u00e4nger h\u00f6ger mot H\u00f6gs\u00e4ter. En annan intresant plats kan bli kurvan runt Kvarnevadssj\u00f6n (d\u00e4r 3ans elljussp\u00e5r g\u00e5r n\u00e4ra v\u00e4gen). T\u00e4nk bara p\u00e5 att sj\u00e4lva t\u00e4vlingsv\u00e4gen \u00e4r avst\u00e4ngd mellan kl 7-18.<\/p>\n<p>Packa mats\u00e4cken och ge er ut i skogen. Det kommer bli en fartfylld dag med motorer som vr\u00e5lar och grus som sprutar. Sj\u00e4lvklart h\u00e5ller vi tummarna f\u00f6r v\u00e5ra hemmaf\u00f6rare och \u00f6nskar dem ett stort lycka till.<\/p>\n<p>&nbsp;<\/p>\n<figure id=\"attachment_4067\" aria-describedby=\"caption-attachment-4067\" style=\"width: 734px\" class=\"wp-caption aligncenter\"><a href=\"http:\/\/sundalsryr.se\/wp-content\/uploads\/2017\/09\/n\u00e5-bil.jpg\"><img loading=\"lazy\" decoding=\"async\" class=\"wp-image-4067 size-full\" src=\"http:\/\/sundalsryr.se\/wp-content\/uploads\/2017\/09\/n\u00e5-bil.jpg\" alt=\"\" width=\"734\" height=\"357\" srcset=\"http:\/\/sundalsryr.se\/wp-content\/uploads\/2017\/09\/n\u00e5-bil.jpg 734w, http:\/\/sundalsryr.se\/wp-content\/uploads\/2017\/09\/n\u00e5-bil-300x146.jpg 300w\" sizes=\"(max-width: 734px) 100vw, 734px\" \/><\/a><figcaption id=\"caption-attachment-4067\" class=\"wp-caption-text\">Niklas \u00c5kerland med sin Volvo 940 med 300 hk under huven.<\/figcaption><\/figure>\n<p>&nbsp;<\/p>\n<p>.<\/p>\n<p>&nbsp;<\/p>\n","protected":false},"excerpt":{"rendered":"<p>P\u00e5 l\u00f6rdag den 9\/9 arrangerar Dals MK rallyt \u201dDalslandstjuren\u201d p\u00e5 Kroppefj\u00e4ll. Str\u00e4ckan man k\u00f6r \u00e4r ca 15 km och g\u00e5r fr\u00e5n V\u00e4stra bleken till Ragneruds camping. Man k\u00f6r den 2 g\u00e5nger och samlingsplats\/dep\u00e5 \u00e4r vid K\u00e4rrs grusgrop. F\u00f6rsta start g\u00e5r kl 11. Vi har inte mindre \u00e4n tre rallyf\u00f6rare h\u00e4r i bygden som ska k\u00f6ra&#8230;<\/p>\n","protected":false},"author":3,"featured_media":0,"comment_status":"open","ping_status":"open","sticky":false,"template":"","format":"standard","meta":{"_monsterinsights_skip_tracking":false,"_monsterinsights_sitenote_active":false,"_monsterinsights_sitenote_note":"","_monsterinsights_sitenote_category":0,"footnotes":""},"categories":[1],"tags":[],"class_list":["post-4066","post","type-post","status-publish","format-standard","hentry","category-aktuellt"],"_links":{"self":[{"href":"http:\/\/sundalsryr.se\/index.php?rest_route=\/wp\/v2\/posts\/4066"}],"collection":[{"href":"http:\/\/sundalsryr.se\/index.php?rest_route=\/wp\/v2\/posts"}],"about":[{"href":"http:\/\/sundalsryr.se\/index.php?rest_route=\/wp\/v2\/types\/post"}],"author":[{"embeddable":true,"href":"http:\/\/sundalsryr.se\/index.php?rest_route=\/wp\/v2\/users\/3"}],"replies":[{"embeddable":true,"href":"http:\/\/sundalsryr.se\/index.php?rest_route=%2Fwp%2Fv2%2Fcomments&post=4066"}],"version-history":[{"count":6,"href":"http:\/\/sundalsryr.se\/index.php?rest_route=\/wp\/v2\/posts\/4066\/revisions"}],"predecessor-version":[{"id":4073,"href":"http:\/\/sundalsryr.se\/index.php?rest_route=\/wp\/v2\/posts\/4066\/revisions\/4073"}],"wp:attachment":[{"href":"http:\/\/sundalsryr.se\/index.php?rest_route=%2Fwp%2Fv2%2Fmedia&parent=4066"}],"wp:term":[{"taxonomy":"category","embeddable":true,"href":"http:\/\/sundalsryr.se\/index.php?rest_route=%2Fwp%2Fv2%2Fcategories&post=4066"},{"taxonomy":"post_tag","embeddable":true,"href":"http:\/\/sundalsryr.se\/index.php?rest_route=%2Fwp%2Fv2%2Ftags&post=4066"}],"curies":[{"name":"wp","href":"https:\/\/api.w.org\/{rel}","templated":true}]}}