{"id":4143,"date":"2017-11-27T18:58:35","date_gmt":"2017-11-27T18:58:35","guid":{"rendered":"http:\/\/sundalsryr.se\/?p=4143"},"modified":"2017-11-27T18:58:35","modified_gmt":"2017-11-27T18:58:35","slug":"gloggkvall-och-tomteparad-2","status":"publish","type":"post","link":"http:\/\/sundalsryr.se\/?p=4143","title":{"rendered":"Gl\u00f6ggkv\u00e4ll och tomteparad"},"content":{"rendered":"<p>Det \u00e4r en m\u00e5ng\u00e5rig tradition att tr\u00e4ffas f\u00f6r en gl\u00f6ggkv\u00e4ll, dagen innan julmarknaden och tomteparaden. 2017 \u00e4r inget undantag.<\/p>\n<p><a href=\"http:\/\/sundalsryr.se\/wp-content\/uploads\/2017\/11\/pepparkakor.jpg\"><img loading=\"lazy\" decoding=\"async\" class=\"alignright size-medium wp-image-4144\" src=\"http:\/\/sundalsryr.se\/wp-content\/uploads\/2017\/11\/pepparkakor-300x169.jpg\" alt=\"\" width=\"300\" height=\"169\" srcset=\"http:\/\/sundalsryr.se\/wp-content\/uploads\/2017\/11\/pepparkakor-300x169.jpg 300w, http:\/\/sundalsryr.se\/wp-content\/uploads\/2017\/11\/pepparkakor-768x433.jpg 768w, http:\/\/sundalsryr.se\/wp-content\/uploads\/2017\/11\/pepparkakor.jpg 800w\" sizes=\"(max-width: 300px) 100vw, 300px\" \/><\/a><\/p>\n<p>Fredag den 1\/12 kl 18,00 \u00e4r alla, precis som vanligt, v\u00e4lkomna till familjen Thorsson i Gunnersbyn f\u00f6r att pynta byalagets vagn inf\u00f6r paraden. Var och en tar med mat och dryck till sig, det finns m\u00f6jlighet till grillning!<\/p>\n<p>&nbsp;<\/p>\n<p>P\u00e5 l\u00f6rdagen f\u00e5r stora och sm\u00e5 tomtar, \u00e5ka eller g\u00e5 med v\u00e5r paradvagn &#8221;badkaret&#8221;. Samling vid gamla v\u00e4gf\u00f6rvaltningen kl 15.<\/p>\n<p>Alla \u00e4r varmt v\u00e4lkomna !<\/p>\n<p><a href=\"http:\/\/sundalsryr.se\/wp-content\/uploads\/2017\/11\/tomteparaden_131207-33.jpg\"><img loading=\"lazy\" decoding=\"async\" class=\"alignleft size-medium wp-image-4145\" src=\"http:\/\/sundalsryr.se\/wp-content\/uploads\/2017\/11\/tomteparaden_131207-33-300x200.jpg\" alt=\"\" width=\"300\" height=\"200\" srcset=\"http:\/\/sundalsryr.se\/wp-content\/uploads\/2017\/11\/tomteparaden_131207-33-300x200.jpg 300w, http:\/\/sundalsryr.se\/wp-content\/uploads\/2017\/11\/tomteparaden_131207-33.jpg 450w\" sizes=\"(max-width: 300px) 100vw, 300px\" \/><\/a><\/p>\n","protected":false},"excerpt":{"rendered":"<p>Det \u00e4r en m\u00e5ng\u00e5rig tradition att tr\u00e4ffas f\u00f6r en gl\u00f6ggkv\u00e4ll, dagen innan julmarknaden och tomteparaden. 2017 \u00e4r inget undantag. Fredag den 1\/12 kl 18,00 \u00e4r alla, precis som vanligt, v\u00e4lkomna till familjen Thorsson i Gunnersbyn f\u00f6r att pynta byalagets vagn inf\u00f6r paraden. Var och en tar med mat och dryck till sig, det finns m\u00f6jlighet&#8230;<\/p>\n","protected":false},"author":3,"featured_media":0,"comment_status":"open","ping_status":"open","sticky":false,"template":"","format":"standard","meta":{"_monsterinsights_skip_tracking":false,"_monsterinsights_sitenote_active":false,"_monsterinsights_sitenote_note":"","_monsterinsights_sitenote_category":0,"footnotes":""},"categories":[1],"tags":[],"class_list":["post-4143","post","type-post","status-publish","format-standard","hentry","category-aktuellt"],"_links":{"self":[{"href":"http:\/\/sundalsryr.se\/index.php?rest_route=\/wp\/v2\/posts\/4143"}],"collection":[{"href":"http:\/\/sundalsryr.se\/index.php?rest_route=\/wp\/v2\/posts"}],"about":[{"href":"http:\/\/sundalsryr.se\/index.php?rest_route=\/wp\/v2\/types\/post"}],"author":[{"embeddable":true,"href":"http:\/\/sundalsryr.se\/index.php?rest_route=\/wp\/v2\/users\/3"}],"replies":[{"embeddable":true,"href":"http:\/\/sundalsryr.se\/index.php?rest_route=%2Fwp%2Fv2%2Fcomments&post=4143"}],"version-history":[{"count":1,"href":"http:\/\/sundalsryr.se\/index.php?rest_route=\/wp\/v2\/posts\/4143\/revisions"}],"predecessor-version":[{"id":4146,"href":"http:\/\/sundalsryr.se\/index.php?rest_route=\/wp\/v2\/posts\/4143\/revisions\/4146"}],"wp:attachment":[{"href":"http:\/\/sundalsryr.se\/index.php?rest_route=%2Fwp%2Fv2%2Fmedia&parent=4143"}],"wp:term":[{"taxonomy":"category","embeddable":true,"href":"http:\/\/sundalsryr.se\/index.php?rest_route=%2Fwp%2Fv2%2Fcategories&post=4143"},{"taxonomy":"post_tag","embeddable":true,"href":"http:\/\/sundalsryr.se\/index.php?rest_route=%2Fwp%2Fv2%2Ftags&post=4143"}],"curies":[{"name":"wp","href":"https:\/\/api.w.org\/{rel}","templated":true}]}}